{"id":279275,"date":"2025-07-28T09:44:11","date_gmt":"2025-07-28T09:44:11","guid":{"rendered":"https:\/\/www.europesays.com\/fr\/279275\/"},"modified":"2025-07-28T09:44:11","modified_gmt":"2025-07-28T09:44:11","slug":"des-blessures-longues-et-profondes-un-enfant-de-7-ans-attaque-par-un-requin-alors-quil-jouait-dans-leau","status":"publish","type":"post","link":"https:\/\/www.europesays.com\/fr\/279275\/","title":{"rendered":"\u00ab\u00a0Des blessures longues et profondes\u00a0\u00bb\u00a0: un enfant de 7 ans attaqu\u00e9 par un requin alors qu\u2019il jouait dans l\u2019eau"},"content":{"rendered":"<p>\n                                                                    l&rsquo;essentiel<br \/>\n                                                                Un enfant a \u00e9t\u00e9 gravement mordu au bras et \u00e0 la jambe par un requin\u00a0Nuku Hiva, en Polyn\u00e9sie fran\u00e7aise. L\u2019attaque a eu lieu alors qu\u2019il s\u2019amusait \u00e0 sauter dans l\u2019eau.\n                            <\/p>\n<p>Un enfant de 7 ans a \u00e9t\u00e9 gravement mordu au bras ainsi qu\u2019\u00e0 la jambe par un requin\u00a0\u00e0 Nuku Hiva, une \u00eele de l\u2019archipel des Marquises, en Polyn\u00e9sie fran\u00e7aise, a rapport\u00e9 la cha\u00eene locale TNTV, une information confirm\u00e9e \u00e0 l\u2019AFP par les pompiers de l\u2019\u00eele.<\/p>\n<p>Les faits se sont d\u00e9roul\u00e9s lorsque la victime, en compagnie d\u2019une dizaine d\u2019autres enfants, s\u2019amusait \u00e0 sauter\u00a0depuis le quai dans la baie de Taiohae, le principal village de l\u2019\u00eele.\u00a0L\u2019enfant a d\u2019abord \u00e9t\u00e9 pris en charge dans le petit h\u00f4pital de l\u2019\u00eele, avant d\u2019\u00eatre \u00e9vacu\u00e9 par avion vers le centre hospitalier de la Polyn\u00e9sie fran\u00e7aise, situ\u00e9 \u00e0 Tahiti, \u00e0 1.500 kilom\u00e8tres de Nuku Hiva.<\/p>\n<p>\u00ab\u00a0J\u2019ai 35 ans et c\u2019est la premi\u00e8re fois que je vois \u00e7a, c\u2019\u00e9taient des blessures longues et profondes\u00a0\u00bb, a confi\u00e9 \u00e0 l\u2019AFP une sapeur-pompier de Nuku Hiva ayant secouru la victime.<\/p>\n<p>\u00ab\u00a0Il y a beaucoup de requins\u00a0\u00bb<\/p>\n<p>La secouriste a pr\u00e9cis\u00e9 que la pr\u00e9sence du squale est \u00a0\u00bb probablement li\u00e9e aux carcasses de poissons que les p\u00eacheurs jettent \u00e0 cet endroit\u00a0: il y a beaucoup de requins, comme des pointes noires, des marteaux, et des citrons\u00a0\u00bb.<\/p>\n<p>Les attaques de requins sont rares en Polyn\u00e9sie fran\u00e7aise. Les morsures concernent surtout les p\u00eacheurs sous-marins ou les personnes qui pratiquent le \u00ab\u00a0shark feeding\u00a0\u00bb, une activit\u00e9 interdite consistant \u00e0 attirer les requins avec de la nourriture pour les observer.<\/p>\n","protected":false},"excerpt":{"rendered":"l&rsquo;essentiel Un enfant a \u00e9t\u00e9 gravement mordu au bras et \u00e0 la jambe par un requin\u00a0Nuku Hiva, en&hellip;\n","protected":false},"author":2,"featured_media":279276,"comment_status":"","ping_status":"","sticky":false,"template":"","format":"standard","meta":{"footnotes":""},"categories":[5],"tags":[11,1011,27,14,12,28],"class_list":{"0":"post-279275","1":"post","2":"type-post","3":"status-publish","4":"format-standard","5":"has-post-thumbnail","7":"category-international","8":"tag-actualites","9":"tag-fr","10":"tag-france","11":"tag-international","12":"tag-news","13":"tag-world"},"share_on_mastodon":{"url":"https:\/\/pubeurope.com\/@fr\/114930218700520319","error":""},"_links":{"self":[{"href":"https:\/\/www.europesays.com\/fr\/wp-json\/wp\/v2\/posts\/279275","targetHints":{"allow":["GET"]}}],"collection":[{"href":"https:\/\/www.europesays.com\/fr\/wp-json\/wp\/v2\/posts"}],"about":[{"href":"https:\/\/www.europesays.com\/fr\/wp-json\/wp\/v2\/types\/post"}],"author":[{"embeddable":true,"href":"https:\/\/www.europesays.com\/fr\/wp-json\/wp\/v2\/users\/2"}],"replies":[{"embeddable":true,"href":"https:\/\/www.europesays.com\/fr\/wp-json\/wp\/v2\/comments?post=279275"}],"version-history":[{"count":0,"href":"https:\/\/www.europesays.com\/fr\/wp-json\/wp\/v2\/posts\/279275\/revisions"}],"wp:featuredmedia":[{"embeddable":true,"href":"https:\/\/www.europesays.com\/fr\/wp-json\/wp\/v2\/media\/279276"}],"wp:attachment":[{"href":"https:\/\/www.europesays.com\/fr\/wp-json\/wp\/v2\/media?parent=279275"}],"wp:term":[{"taxonomy":"category","embeddable":true,"href":"https:\/\/www.europesays.com\/fr\/wp-json\/wp\/v2\/categories?post=279275"},{"taxonomy":"post_tag","embeddable":true,"href":"https:\/\/www.europesays.com\/fr\/wp-json\/wp\/v2\/tags?post=279275"}],"curies":[{"name":"wp","href":"https:\/\/api.w.org\/{rel}","templated":true}]}}