{"id":279277,"date":"2025-07-28T09:45:13","date_gmt":"2025-07-28T09:45:13","guid":{"rendered":"https:\/\/www.europesays.com\/fr\/279277\/"},"modified":"2025-07-28T09:45:13","modified_gmt":"2025-07-28T09:45:13","slug":"marine-le-pen-renvoyee-a-son-soutien-a-donald-trump-apres-sa-denonciation-de-laccord-ue-usa","status":"publish","type":"post","link":"https:\/\/www.europesays.com\/fr\/279277\/","title":{"rendered":"Marine Le\u00a0Pen renvoy\u00e9e \u00e0 son soutien \u00e0 Donald Trump apr\u00e8s sa d\u00e9nonciation de l\u2019accord UE-USA"},"content":{"rendered":"<p>        <img decoding=\"async\" loading=\"lazy\" src=\"https:\/\/www.europesays.com\/fr\/wp-content\/uploads\/2025\/07\/b3273f9_sirius-fs-upload-1-jtutif8acso5-1744703002547-000-39jb3t2.jpg\"  width=\"728\" height=\"409\" alt=\"Marine Le Pen photographi\u00e9e \u00e0 l\u2019Assembl\u00e9e nationale le 8\u00a0avril (Photo by Thomas SAMSON \/ AFP)\"\/>  <\/p>\n<p>THOMAS SAMSON \/ AFP<\/p>\n<p>Marine Le Pen photographi\u00e9e \u00e0 l\u2019Assembl\u00e9e nationale le 8\u00a0avril (Photo by Thomas SAMSON \/ AFP)<\/p>\n<p class=\"asset asset-text\">POLITIQUE &#8211; \u00ab\u00a0C\u2019est l\u2019h\u00f4pital qui se fout de la charit\u00e9 (&#8230;) Profil bas les pseudos patriotes\u00a0\u00bb. L\u2019eurod\u00e9put\u00e9e Place Publique Aurore Lalucq n\u2019a pas manqu\u00e9 de rattraper <a href=\"https:\/\/www.huffingtonpost.fr\/politique\/video\/en-pleine-tempete-judiciaire-on-a-compare-la-defense-de-rachida-dati-a-celle-de-marine-le-pen_252910.html\" rel=\"nofollow noopener\" target=\"_blank\">Marine Le\u00a0Pen<\/a> par le col ce dimanche 27\u00a0juillet dans la soir\u00e9e, sur X. La d\u00e9put\u00e9e RN du Pas-de-Calais venait de poster un message o\u00f9 elle s\u2019en prend \u00e0 l\u2019accord de principe, qualifi\u00e9 de \u00ab\u00a0fiasco\u00a0politique, \u00e9conomique et moral\u00a0\u00bb, conclu ce week-end entre <a href=\"https:\/\/www.huffingtonpost.fr\/international\/article\/droits-de-douane-donald-trump-et-ursula-von-der-leyen-ont-conclu-un-accord-commercial_253030.html\" rel=\"nofollow noopener\" target=\"_blank\">Donald Trump<\/a> et <a href=\"https:\/\/www.huffingtonpost.fr\/international\/article\/accord-commercial-etats-unis-ue-la-reponse-ferme-de-la-france-qui-ne-veut-pas-etre-le-dindon-de-la-farce_253033.html\" rel=\"nofollow noopener\" target=\"_blank\">Ursula von\u00a0der\u00a0Leyen<\/a>, pr\u00e9sidente de la commission europ\u00e9enne, sur des droits de douane entre l\u2019UE et les \u00c9tats-Unis.<\/p>\n<p class=\"asset asset-text\">La cheffe de file de l\u2019extr\u00eame droite fran\u00e7aise d\u00e9plore une perte de souverainet\u00e9, mais aussi des conditions trop favorables \u00e0 l\u2019Allemagne au d\u00e9triment de la France\u00a0: \u00ab\u00a0La Commission a accept\u00e9 des clauses asym\u00e9triques que jamais la France elle-m\u00eame, gouvern\u00e9e par un ex\u00e9cutif patriote, n\u2019aurait accept\u00e9es (&#8230;) C\u2019est une capitulation en rase campagne pour l\u2019industrie fran\u00e7aise, et pour notre souverainet\u00e9 \u00e9nerg\u00e9tique et militaire. Un fiasco moral, enfin, car une fois de plus les agriculteurs fran\u00e7ais ont \u00e9t\u00e9 sacrifi\u00e9s sur l\u2019autel des industries d\u2019outre-Rhin\u00a0\u00bb.<\/p>\n<p class=\"asset asset-text\">Si l\u2019accord est globalement d\u00e9nonc\u00e9 par la classe politique fran\u00e7aise, d\u2019autres \u00e9lus dans la foul\u00e9e d\u2019Aurore Lalucq, ont profit\u00e9 de l\u2019occasion pour rappeler \u00e0 Marine Le\u00a0Pen qu\u2019elle s\u2019affichait elle-m\u00eame r\u00e9guli\u00e8rement en soutien \u00e0 Donald Trump. \u00ab\u00a0Souvent RN varie\u00a0\u00bb, ironise ainsi le d\u00e9put\u00e9 macroniste Jean-Ren\u00e9 Cazeneuve ajoutant\u00a0: \u00ab\u00a0La raison du plus fort est de retour, c\u2019est ce que vous vouliez, et votre ami Trump nous l\u2019a mis \u00e0 l\u2019envers\u00a0\u00bb. Quand l\u2019\u00e9lu de Sa\u00f4ne-et-Loire, S\u00e9bastien Martin, issu de LR, fait mine de s\u2019interroger\u00a0: \u00ab\u00a0Il me semble pourtant que Marine Le\u00a0Pen est le premier soutien officiel de Donald Trump, non\u00a0?\u00a0\u00bb.<\/p>\n<p>    Prise en tenaille    <\/p>\n<p class=\"asset asset-text\">Plus virulent encore, Cl\u00e9ment Beaune, le Haut-commissaire au plan, a rappel\u00e9 au micro de franceinfo dans la matin\u00e9e que \u00ab\u00a0les alli\u00e9s de Marine Le\u00a0Pen sont all\u00e9s au congr\u00e8s du parti r\u00e9publicain soutenir Donald Trump\u00a0\u00bb. \u00ab\u00a0Monsieur Zemmour, madame Le Pen, monsieur Bardella, [ils ont pris] Trump comme mod\u00e8le\u00a0\u00bb, a-t-il cingl\u00e9. En f\u00e9vrier dernier, le pr\u00e9sident du RN Jordan Bardella s\u2019\u00e9tait effectivement rendu \u00e0 la CPAC de Washington, un grand raout ultra-conservateur, alors que Louis Aliot, maire RN de Perpignan \u00e9tait pr\u00e9sent lors de l\u2019investiture de Donald Trump en janvier.<\/p>\n<p class=\"asset asset-text\">M\u00eame dans le camp r\u00e9actionnaire, la critique de Marine Le\u00a0Pen n\u2019a pas fait consensus. Son ancien conseiller Florian Philippot, partisan du Frexit, a jug\u00e9 ces critiques \u00ab\u00a0vaines\u00a0\u00bb tant que le RN ne proposerait pas la sortie de l\u2019UE. Une sorte de prise en tenaille pour celle qui a finalement renonc\u00e9 \u00e0 sortir de l\u2019Europe, tout en persistant \u00e0 pr\u00f4ner un mod\u00e8le \u00e9conomique incompatible avec l\u2019\u00e9tat actuel de l\u2019int\u00e9gration europ\u00e9enne, et \u00e0 soutenir des dirigeants hostiles \u00e0 l\u2019affirmation politique de l\u2019UE.<\/p>\n","protected":false},"excerpt":{"rendered":"THOMAS SAMSON \/ AFP Marine Le Pen photographi\u00e9e \u00e0 l\u2019Assembl\u00e9e nationale le 8\u00a0avril (Photo by Thomas SAMSON \/&hellip;\n","protected":false},"author":2,"featured_media":236096,"comment_status":"","ping_status":"","sticky":false,"template":"","format":"standard","meta":{"footnotes":""},"categories":[4],"tags":[11,75,33,1011,27,430,12,316,25,364],"class_list":{"0":"post-279277","1":"post","2":"type-post","3":"status-publish","4":"format-standard","5":"has-post-thumbnail","7":"category-france","8":"tag-actualites","9":"tag-donald-trump","10":"tag-economie","11":"tag-fr","12":"tag-france","13":"tag-marine-le-pen","14":"tag-news","15":"tag-politique","16":"tag-republique-francaise","17":"tag-union-europeenne"},"share_on_mastodon":{"url":"https:\/\/pubeurope.com\/@fr\/114930222872253034","error":""},"_links":{"self":[{"href":"https:\/\/www.europesays.com\/fr\/wp-json\/wp\/v2\/posts\/279277","targetHints":{"allow":["GET"]}}],"collection":[{"href":"https:\/\/www.europesays.com\/fr\/wp-json\/wp\/v2\/posts"}],"about":[{"href":"https:\/\/www.europesays.com\/fr\/wp-json\/wp\/v2\/types\/post"}],"author":[{"embeddable":true,"href":"https:\/\/www.europesays.com\/fr\/wp-json\/wp\/v2\/users\/2"}],"replies":[{"embeddable":true,"href":"https:\/\/www.europesays.com\/fr\/wp-json\/wp\/v2\/comments?post=279277"}],"version-history":[{"count":0,"href":"https:\/\/www.europesays.com\/fr\/wp-json\/wp\/v2\/posts\/279277\/revisions"}],"wp:featuredmedia":[{"embeddable":true,"href":"https:\/\/www.europesays.com\/fr\/wp-json\/wp\/v2\/media\/236096"}],"wp:attachment":[{"href":"https:\/\/www.europesays.com\/fr\/wp-json\/wp\/v2\/media?parent=279277"}],"wp:term":[{"taxonomy":"category","embeddable":true,"href":"https:\/\/www.europesays.com\/fr\/wp-json\/wp\/v2\/categories?post=279277"},{"taxonomy":"post_tag","embeddable":true,"href":"https:\/\/www.europesays.com\/fr\/wp-json\/wp\/v2\/tags?post=279277"}],"curies":[{"name":"wp","href":"https:\/\/api.w.org\/{rel}","templated":true}]}}