{"id":279278,"date":"2025-07-28T09:46:11","date_gmt":"2025-07-28T09:46:11","guid":{"rendered":"https:\/\/www.europesays.com\/fr\/279278\/"},"modified":"2025-07-28T09:46:11","modified_gmt":"2025-07-28T09:46:11","slug":"emmanuel-macron-repond-a-zaho-de-sagazan-sur-gaza-liberation","status":"publish","type":"post","link":"https:\/\/www.europesays.com\/fr\/279278\/","title":{"rendered":"Emmanuel Macron r\u00e9pond \u00e0 Zaho de\u00a0Sagazan sur Gaza \u2013 Lib\u00e9ration"},"content":{"rendered":"<p class=\"sc-ksZaOG ehjQrN text-element\">Emmanuel Macron a d\u00e9clar\u00e9 dimanche 27 juillet \u00eatre \u00aboptimiste\u00bb sur le fait que la France pourra \u00abreprendre tr\u00e8s vite\u00bb ses actions humanitaires \u00e0 Gaza, en r\u00e9ponse sur les r\u00e9seaux sociaux \u00e0 <a href=\"https:\/\/www.liberation.fr\/culture\/musique\/entre-zaho-de-sagazan-et-pomme-solann-demons-et-merveilles-20250208_DAGQNA52XZHXPLOFNTBTMLXLDY\/\" target=\"_blank\" rel=\"nofollow noopener\" title=\"https:\/\/www.liberation.fr\/culture\/musique\/entre-zaho-de-sagazan-et-pomme-solann-demons-et-merveilles-20250208_DAGQNA52XZHXPLOFNTBTMLXLDY\/\">la chanteuse Zaho de Sagazan<\/a>, qui l\u2019avait interpell\u00e9 la veille en lui demandant \u00abd\u2019exiger des actes\u00bb de la part d\u2019Isra\u00ebl.<\/p>\n<p class=\"sc-ksZaOG ehjQrN text-element\"><a href=\"https:\/\/www.instagram.com\/p\/DMlLhnwtcFY\/?igsh=dGt3azIybGNmbTRn&amp;img_index=2\" target=\"_blank\" rel=\"nofollow noopener\" title=\"https:\/\/www.instagram.com\/p\/DMlLhnwtcFY\/?igsh=dGt3azIybGNmbTRn&amp;img_index=2\">Sur Instagram samedi soir<\/a>, la c\u00e9l\u00e8bre chanteuse \u2013 qui avait particip\u00e9 \u00e0 la c\u00e9r\u00e9monie de cl\u00f4ture des Jeux olympiques de Paris l\u2019ann\u00e9e derni\u00e8re \u2013 a en effet demand\u00e9 \u00e0 Emmanuel Macron de ne plus utiliser son c\u00e9l\u00e8bre morceau la Symphonie des \u00e9clairs pour communiquer sur ses r\u00e9seaux sociaux s\u2019il n\u2019agissait pas pour <a href=\"https:\/\/www.liberation.fr\/international\/moyen-orient\/famine-a-gaza-qui-peut-arreter-ce-desastre-humanitaire-on-en-parle-avec-vous-sur-twitch-a-18h30-20250724_46DQWKSBLBAQHJ47N5BTHNXGVY\/\" target=\"_blank\" rel=\"nofollow noopener\" title=\"https:\/\/www.liberation.fr\/international\/moyen-orient\/famine-a-gaza-qui-peut-arreter-ce-desastre-humanitaire-on-en-parle-avec-vous-sur-twitch-a-18h30-20250724_46DQWKSBLBAQHJ47N5BTHNXGVY\/\">les vies palestiniennes \u00e0 Gaza<\/a>.<\/p>\n<p class=\"sc-ksZaOG ehjQrN text-element\">\u00abNe d\u00e9corez pas votre communication avec mes chansons si, par ailleurs, vous laissez faire un massacre\u00bb, a \u00e9crit la chanteuse, qui a gagn\u00e9 en d\u00e9but d\u2019ann\u00e9e une victoire de la musique. \u00ab<a href=\"https:\/\/www.liberation.fr\/international\/moyen-orient\/un-etat-palestinien-mais-dans-quel-etat-20250725_KGI676P77JGCNCOJCVWXWIXBEI\/\" target=\"_blank\" rel=\"nofollow noopener\" title=\"https:\/\/www.liberation.fr\/international\/moyen-orient\/un-etat-palestinien-mais-dans-quel-etat-20250725_KGI676P77JGCNCOJCVWXWIXBEI\/\">Reconna\u00eetre l\u2019Etat palestinien<\/a> est un geste symbolique n\u00e9cessaire, mais il ne suffit pas\u00bb, a-t-elle poursuivi en exhortant le pr\u00e9sident \u00e0 \u00abmettre fin \u00e0 la coop\u00e9ration militaire\u00bb entre la France et Isra\u00ebl ou \u00e0 peser pour que \u00abl\u2019aide humanitaire, bloqu\u00e9e depuis des semaines par Isra\u00ebl, puisse enfin passer\u00bb.<\/p>\n<p class=\"sc-ksZaOG ehjQrN text-element\">\u00abJe refuse que la douleur soit recouverte par le silence\u00bb, lui a r\u00e9pondu le chef de l\u2019Etat le lendemain. Il a affirm\u00e9 que \u00ab<a href=\"https:\/\/www.liberation.fr\/international\/moyen-orient\/livraison-de-materiel-militaire-francais-a-israel-les-dockers-de-marseille-fos-refusent-de-participer-au-genocide-en-cours-20250604_VRSKUYGUY5EXTNISAPLGCKSEZU\/\" target=\"_blank\" rel=\"nofollow noopener\" title=\"https:\/\/www.liberation.fr\/international\/moyen-orient\/livraison-de-materiel-militaire-francais-a-israel-les-dockers-de-marseille-fos-refusent-de-participer-au-genocide-en-cours-20250604_VRSKUYGUY5EXTNISAPLGCKSEZU\/\">la France ne fournit aucune aide militaire<\/a>, ni directe ni indirecte, aux op\u00e9rations men\u00e9es par l\u2019arm\u00e9e isra\u00e9lienne \u00e0 Gaza\u00bb. \u00abJe partage votre exigence : la situation s\u2019aggrave, ce que nous faisons collectivement ne suffit pas\u00bb, a-t-il ajout\u00e9, l\u2019assurant qu\u2019il n\u2019allait \u00abpas d\u00e9tourner le regard\u00bb.<\/p>\n<p class=\"sc-ksZaOG ehjQrN text-element\">\u00abSuite \u00e0 mes \u00e9changes avec nos partenaires, je suis optimiste sur le fait que nous pourrons reprendre tr\u00e8s vite nos actions humanitaires pour r\u00e9pondre aux besoins les plus urgents des civils\u00bb, a-t-il aussi estim\u00e9. \u00abNous demandons que les violations du droit international soient sanctionn\u00e9es. Sans ambigu\u00eft\u00e9\u00bb, a par ailleurs indiqu\u00e9 le pr\u00e9sident de la R\u00e9publique.<\/p>\n<p><script async src=\"\/\/www.instagram.com\/embed.js\"><\/script><\/p>\n","protected":false},"excerpt":{"rendered":"Emmanuel Macron a d\u00e9clar\u00e9 dimanche 27 juillet \u00eatre \u00aboptimiste\u00bb sur le fait que la France pourra \u00abreprendre tr\u00e8s&hellip;\n","protected":false},"author":2,"featured_media":279279,"comment_status":"","ping_status":"","sticky":false,"template":"","format":"standard","meta":{"footnotes":""},"categories":[2],"tags":[11,1073,1011,27,3522,3523,12],"class_list":{"0":"post-279278","1":"post","2":"type-post","3":"status-publish","4":"format-standard","5":"has-post-thumbnail","7":"category-actualites","8":"tag-actualites","9":"tag-emmanuel-macron","10":"tag-fr","11":"tag-france","12":"tag-guerre-hamas-israel","13":"tag-israel-palestine-conflit","14":"tag-news"},"share_on_mastodon":{"url":"https:\/\/pubeurope.com\/@fr\/114930226492471498","error":""},"_links":{"self":[{"href":"https:\/\/www.europesays.com\/fr\/wp-json\/wp\/v2\/posts\/279278","targetHints":{"allow":["GET"]}}],"collection":[{"href":"https:\/\/www.europesays.com\/fr\/wp-json\/wp\/v2\/posts"}],"about":[{"href":"https:\/\/www.europesays.com\/fr\/wp-json\/wp\/v2\/types\/post"}],"author":[{"embeddable":true,"href":"https:\/\/www.europesays.com\/fr\/wp-json\/wp\/v2\/users\/2"}],"replies":[{"embeddable":true,"href":"https:\/\/www.europesays.com\/fr\/wp-json\/wp\/v2\/comments?post=279278"}],"version-history":[{"count":0,"href":"https:\/\/www.europesays.com\/fr\/wp-json\/wp\/v2\/posts\/279278\/revisions"}],"wp:featuredmedia":[{"embeddable":true,"href":"https:\/\/www.europesays.com\/fr\/wp-json\/wp\/v2\/media\/279279"}],"wp:attachment":[{"href":"https:\/\/www.europesays.com\/fr\/wp-json\/wp\/v2\/media?parent=279278"}],"wp:term":[{"taxonomy":"category","embeddable":true,"href":"https:\/\/www.europesays.com\/fr\/wp-json\/wp\/v2\/categories?post=279278"},{"taxonomy":"post_tag","embeddable":true,"href":"https:\/\/www.europesays.com\/fr\/wp-json\/wp\/v2\/tags?post=279278"}],"curies":[{"name":"wp","href":"https:\/\/api.w.org\/{rel}","templated":true}]}}