{"id":279280,"date":"2025-07-28T09:49:12","date_gmt":"2025-07-28T09:49:12","guid":{"rendered":"https:\/\/www.europesays.com\/fr\/279280\/"},"modified":"2025-07-28T09:49:12","modified_gmt":"2025-07-28T09:49:12","slug":"2000-nouveaux-composteurs-a-saint-etienne","status":"publish","type":"post","link":"https:\/\/www.europesays.com\/fr\/279280\/","title":{"rendered":"2000 NOUVEAUX COMPOSTEURS \u00c0 SAINT-\u00c9TIENNE"},"content":{"rendered":"<p>                <a href=\"https:\/\/cadenceradio.fr\" target=\"_blank\" aria-label=\"Banni\u00e8re Cadence 2025\" rel=\"nofollow noopener\"><img loading=\"lazy\" decoding=\"async\" src=\"https:\/\/www.europesays.com\/fr\/wp-content\/uploads\/2025\/07\/Banniere-Cadence-2025-scaled.jpg\" alt=\"\"   width=\"2560\" height=\"738\"\/><\/a><\/p>\n<p>Une r\u00e9ponse directe \u00e0 l\u2019engouement manifest\u00e9 lors de la premi\u00e8re campagne de dons qui avait rencontr\u00e9 un franc succ\u00e8s aupr\u00e8s de la population locale. Cette nouvelle op\u00e9ration s\u2019adresse sp\u00e9cifiquement aux r\u00e9sidents de Saint-\u00c9tienne M\u00e9tropole qui remplissent deux conditions essentielles : poss\u00e9der un espace vert privatif et ne pas avoir d\u00e9j\u00e0 b\u00e9n\u00e9fici\u00e9 d\u2019un composteur lors du pr\u00e9c\u00e9dent dispositif. Une fa\u00e7on \u00e9quitable de permettre au plus grand nombre d\u2019acc\u00e9der \u00e0 cette solution \u00e9cologique.<\/p>\n<p>Les futurs propri\u00e9taires de composteurs devront prendre rendez-vous pour r\u00e9cup\u00e9rer leur mat\u00e9riel. Le planning de distribution s\u2019\u00e9tale sur plusieurs mois et lieux : Saint-\u00c9tienne ouvre le bal en septembre avec des cr\u00e9neaux les mercredis et samedis, puis le relais sera pris par Saint-Chamond et Firminy d\u2019octobre \u00e0 novembre, mais uniquement le samedi.<\/p>\n<p>Un pack complet pour bien d\u00e9marrer<\/p>\n<p>Chaque b\u00e9n\u00e9ficiaire repartira avec un ensemble complet pour se lancer dans l\u2019aventure du compostage domestique. Le kit, enti\u00e8rement gratuit, comprend trois \u00e9l\u00e9ments indispensables : un bio-seau pour collecter les d\u00e9chets organiques, le composteur lui-m\u00eame, et un manuel pratique pour ma\u00eetriser l\u2019art du compostage sans faux pas.<\/p>\n<p>Les personnes int\u00e9ress\u00e9es peuvent d\u00e8s maintenant se rendre sur le portail num\u00e9rique de Saint-\u00c9tienne M\u00e9tropole pour constituer leur dossier de candidature ou obtenir des pr\u00e9cisions suppl\u00e9mentaires. L\u2019adresse \u00e0 retenir : <a href=\"https:\/\/www.saint-etienne-metropole.fr\" target=\"_blank\" rel=\"noreferrer noopener nofollow\">https:\/\/www.saint-etienne-metropole.fr<\/a><\/p>\n","protected":false},"excerpt":{"rendered":"Une r\u00e9ponse directe \u00e0 l\u2019engouement manifest\u00e9 lors de la premi\u00e8re campagne de dons qui avait rencontr\u00e9 un franc&hellip;\n","protected":false},"author":2,"featured_media":279281,"comment_status":"","ping_status":"","sticky":false,"template":"","format":"standard","meta":{"footnotes":""},"categories":[9653],"tags":[1111,11,2430,41238,1777,674,1011,27,3367,12,25,4001],"class_list":{"0":"post-279280","1":"post","2":"type-post","3":"status-publish","4":"format-standard","5":"has-post-thumbnail","7":"category-saint-etienne","8":"tag-actu","9":"tag-actualites","10":"tag-auvergne-rhone-alpes","11":"tag-compostage","12":"tag-eu","13":"tag-europe","14":"tag-fr","15":"tag-france","16":"tag-loire","17":"tag-news","18":"tag-republique-francaise","19":"tag-saint-etienne"},"share_on_mastodon":{"url":"https:\/\/pubeurope.com\/@fr\/114930238332732337","error":""},"_links":{"self":[{"href":"https:\/\/www.europesays.com\/fr\/wp-json\/wp\/v2\/posts\/279280","targetHints":{"allow":["GET"]}}],"collection":[{"href":"https:\/\/www.europesays.com\/fr\/wp-json\/wp\/v2\/posts"}],"about":[{"href":"https:\/\/www.europesays.com\/fr\/wp-json\/wp\/v2\/types\/post"}],"author":[{"embeddable":true,"href":"https:\/\/www.europesays.com\/fr\/wp-json\/wp\/v2\/users\/2"}],"replies":[{"embeddable":true,"href":"https:\/\/www.europesays.com\/fr\/wp-json\/wp\/v2\/comments?post=279280"}],"version-history":[{"count":0,"href":"https:\/\/www.europesays.com\/fr\/wp-json\/wp\/v2\/posts\/279280\/revisions"}],"wp:featuredmedia":[{"embeddable":true,"href":"https:\/\/www.europesays.com\/fr\/wp-json\/wp\/v2\/media\/279281"}],"wp:attachment":[{"href":"https:\/\/www.europesays.com\/fr\/wp-json\/wp\/v2\/media?parent=279280"}],"wp:term":[{"taxonomy":"category","embeddable":true,"href":"https:\/\/www.europesays.com\/fr\/wp-json\/wp\/v2\/categories?post=279280"},{"taxonomy":"post_tag","embeddable":true,"href":"https:\/\/www.europesays.com\/fr\/wp-json\/wp\/v2\/tags?post=279280"}],"curies":[{"name":"wp","href":"https:\/\/api.w.org\/{rel}","templated":true}]}}