{"id":279287,"date":"2025-07-28T09:54:09","date_gmt":"2025-07-28T09:54:09","guid":{"rendered":"https:\/\/www.europesays.com\/fr\/279287\/"},"modified":"2025-07-28T09:54:09","modified_gmt":"2025-07-28T09:54:09","slug":"decouvrez-le-programme-inattendu-du-zevent-2025","status":"publish","type":"post","link":"https:\/\/www.europesays.com\/fr\/279287\/","title":{"rendered":"d\u00e9couvrez le programme inattendu du ZEvent 2025"},"content":{"rendered":"<p>            Par<br \/>\n        <strong><br \/>\n            <a href=\"https:\/\/actu.fr\/auteur\/r-coudert\" title=\"Consulter tous les articles de Rachel Coudert\" target=\"_blank\" rel=\"noopener\">Rachel Coudert<\/a><br \/>\n        <\/strong><\/p>\n<p>        Publi\u00e9 le<\/p>\n<p>            28 juil. 2025 \u00e0 11h32<br \/>\n        ; mis \u00e0 jour le 28 juil. 2025 \u00e0 11h44    <\/p>\n<p>Apr\u00e8s une <strong>\u00e9dition 2024 couronn\u00e9e de succ\u00e8s<\/strong>, avec pr\u00e8s de <strong>10,1 millions d\u2019euros<\/strong> r\u00e9colt\u00e9s, le streamer <strong>ZeratoR<\/strong> \u2013 de son vrai nom Adrien Nougaret, cr\u00e9ateur et organisateur de l\u2019\u00e9v\u00e9nement \u2013 vient d\u2019annoncer, ce dimanche 26 juillet, le <strong>retour du ZEvent en 2025<\/strong>.<\/p>\n<p class=\" wall-content\">\n<p class=\" wall-content\">Du <strong>jeudi 4 septembre<\/strong>\u00a0au <strong>dimanche 7 septembre<\/strong>, une quarantaine de streamers se rassembleront \u00e0 <strong>Montpellier<\/strong> pour <strong>lever des fonds<\/strong> via Twitch pour <strong>huit associations<\/strong> \u0153uvrant dans le domaine hospitalier, aupr\u00e8s des patients, des enfants hospitalis\u00e9s et du personnel soignant : Ligue contre le cancer, Association Fran\u00e7aise des aidants, HELEBOR, Nightline, L\u2019ENVOL, Sourire \u00e0 la Vie, Le Rire M\u00e9decin et Sparadrap.\u00a0<\/p>\n<p class=\" wall-content\">Plusieurs t\u00eates d\u2019affiche de la plateforme Twitch seront au rendez-vous, dont les youtubeurs <strong>Joyca<\/strong> et <strong>Mastu<\/strong>, ainsi que le pr\u00e9sentateur t\u00e9l\u00e9 reconverti <strong>Samuel Etienne<\/strong> et les streamers <strong>BagheraJones<\/strong>, <strong>Etoiles<\/strong>,<strong> mistermv<\/strong>\u00a0ou encore <strong>AntoineDaniel<\/strong>.\u00a0Pour suivre l\u2019\u00e9v\u00e9nement en direct, rendez-vous le <strong>vendredi 5 \u00e0 18h<\/strong> sur la <a href=\"https:\/\/www.twitch.tv\/zevent\" target=\"_blank\" rel=\"noopener\">cha\u00eene Twitch du ZEvent<\/a>.<\/p>\n<p>Une lineup d\u2019exception pour ouvrir le bal<\/p>\n<p class=\" wall-content\">L\u2019\u00e9v\u00e9nement caritatif s\u2019ouvrira, comme \u00e0 son habitude, par un <strong>concert<\/strong> au <strong>Z\u00e9nith de Montpellier<\/strong>, le <strong>jeudi 4 septembre<\/strong>.<\/p>\n<p>    <a href=\"https:\/\/www.google.com\/maps\/embed?pb=!1m18!1m12!1m3!1d2888.7040512308145!2d3.930903700000003!3d43.61270330000001!2m3!1f0!2f0!3f0!3m2!1i1024!2i768!4f13.1!3m3!1m2!1s0x12b6a5a15912af6b%3A0x2cbe82567fa7b1ca!2sZ%C3%A9nith%20Sud!5e0!3m2!1sfr!2sfr!4v1753645529930!5m2!1sfr!2sfr\" title=\"Ouvrie le lien\" target=\"_blank\" rel=\"noopener\">Cliquez ici pour visualiser le contenu<\/a><\/p>\n<p>Vid\u00e9os : en ce moment sur Actu<\/p>\n<p class=\" wall-content\">Une <strong>soir\u00e9e d\u2019ouverture<\/strong> qui devrait se r\u00e9v\u00e9ler particuli\u00e8rement <strong>exceptionnelle<\/strong> au vue de la lineup annonc\u00e9e : <strong>IAM<\/strong>, <strong>Alonso<\/strong>, <strong>Carbonne<\/strong> et <strong>l\u2019Orchestre curieux<\/strong>, accompagn\u00e9 par <strong>Marianne<\/strong> et <strong>PV Nova<\/strong> ainsi que par les artistes derri\u00e8re les musiques du fructueux <strong>Clair Obscur: Expedition 33<\/strong>, <strong>Lorien Testard<\/strong> et <strong>Alice Duport-Percier<\/strong>. Pour tenter d\u2019obtenir vos propres places, rendez-vous ce <strong>mercredi 30 juillet \u00e0 20h<\/strong> sur le <strong>site officiel du <a href=\"https:\/\/zevent.fr\/concert\" target=\"_blank\" rel=\"noopener\">ZEvent<\/a><\/strong>\u00a0<\/p>\n<p class=\" wall-content\">\n<p class=\" wall-content\">Cette ann\u00e9e encore, le ZEvent devrait ravir petits et grands gameurs en offrant un moment inoubliable, autant sur la sc\u00e8ne montpelli\u00e9raine, que sur Twitch.<\/p>\n<p class=\" wall-content\">Suivez toute l\u2019actualit\u00e9 de vos villes et m\u00e9dias favoris en vous inscrivant \u00e0 <a href=\"https:\/\/moncompte.actu.fr\" title=\"D\u00e9couvez Mon Actu\" rel=\"nofollow noopener\" data-trk=\"{&quot;cta&quot;:{&quot;action&quot;:&quot;https:\\\/\\\/moncompte.actu.fr&quot;,&quot;category&quot;:&quot;mon compte&quot;,&quot;from&quot;:&quot;article footer&quot;,&quot;name&quot;:&quot;Mon actu&quot;,&quot;type&quot;:&quot;cta&quot;}}\" target=\"_blank\">Mon Actu<\/a>.<\/p>\n","protected":false},"excerpt":{"rendered":"Par Rachel Coudert Publi\u00e9 le 28 juil. 2025 \u00e0 11h32 ; mis \u00e0 jour le 28 juil. 2025&hellip;\n","protected":false},"author":2,"featured_media":279288,"comment_status":"","ping_status":"","sticky":false,"template":"","format":"standard","meta":{"footnotes":""},"categories":[9599],"tags":[1111,11,1697,1777,674,1011,27,1036,1652,2208,12,2680,25,3400],"class_list":{"0":"post-279287","1":"post","2":"type-post","3":"status-publish","4":"format-standard","5":"has-post-thumbnail","7":"category-montpellier","8":"tag-actu","9":"tag-actualites","10":"tag-concert","11":"tag-eu","12":"tag-europe","13":"tag-fr","14":"tag-france","15":"tag-jeux-video","16":"tag-loisirs-culture","17":"tag-montpellier","18":"tag-news","19":"tag-occitanie","20":"tag-republique-francaise","21":"tag-solidarite"},"share_on_mastodon":{"url":"https:\/\/pubeurope.com\/@fr\/114930257971712192","error":""},"_links":{"self":[{"href":"https:\/\/www.europesays.com\/fr\/wp-json\/wp\/v2\/posts\/279287","targetHints":{"allow":["GET"]}}],"collection":[{"href":"https:\/\/www.europesays.com\/fr\/wp-json\/wp\/v2\/posts"}],"about":[{"href":"https:\/\/www.europesays.com\/fr\/wp-json\/wp\/v2\/types\/post"}],"author":[{"embeddable":true,"href":"https:\/\/www.europesays.com\/fr\/wp-json\/wp\/v2\/users\/2"}],"replies":[{"embeddable":true,"href":"https:\/\/www.europesays.com\/fr\/wp-json\/wp\/v2\/comments?post=279287"}],"version-history":[{"count":0,"href":"https:\/\/www.europesays.com\/fr\/wp-json\/wp\/v2\/posts\/279287\/revisions"}],"wp:featuredmedia":[{"embeddable":true,"href":"https:\/\/www.europesays.com\/fr\/wp-json\/wp\/v2\/media\/279288"}],"wp:attachment":[{"href":"https:\/\/www.europesays.com\/fr\/wp-json\/wp\/v2\/media?parent=279287"}],"wp:term":[{"taxonomy":"category","embeddable":true,"href":"https:\/\/www.europesays.com\/fr\/wp-json\/wp\/v2\/categories?post=279287"},{"taxonomy":"post_tag","embeddable":true,"href":"https:\/\/www.europesays.com\/fr\/wp-json\/wp\/v2\/tags?post=279287"}],"curies":[{"name":"wp","href":"https:\/\/api.w.org\/{rel}","templated":true}]}}