{"id":279294,"date":"2025-07-28T09:58:12","date_gmt":"2025-07-28T09:58:12","guid":{"rendered":"https:\/\/www.europesays.com\/fr\/279294\/"},"modified":"2025-07-28T09:58:12","modified_gmt":"2025-07-28T09:58:12","slug":"le-conducteur-fuit-les-lieux","status":"publish","type":"post","link":"https:\/\/www.europesays.com\/fr\/279294\/","title":{"rendered":"le conducteur fuit les lieux"},"content":{"rendered":"<p>            Par<br \/>\n        <strong><br \/>\n            <a href=\"https:\/\/actu.fr\/auteur\/lisa-rodrigues\" title=\"Consulter tous les articles de Lisa Rodrigues\" rel=\"nofollow noopener\" target=\"_blank\">Lisa Rodrigues<\/a><br \/>\n        <\/strong><\/p>\n<p>        Publi\u00e9 le<\/p>\n<p>            28 juil. 2025 \u00e0 10h43        <\/p>\n<p><img decoding=\"async\" loading=\"lazy\" src=\"https:\/\/www.europesays.com\/fr\/wp-content\/uploads\/2025\/07\/accident-sassenage-960x632.png\" alt=\"Un terrible accident s'est produit dans la nuit du vendredi 25 au samedi 26 juillet \u00e0 cette intersection pr\u00e8s de Grenoble. Une motarde a \u00e9t\u00e9 violemment percut\u00e9e par un automobiliste, qui a pris la fuite.\" width=\"960\" height=\"632\"\/>Un terrible accident s\u2019est produit dans la nuit du vendredi 25 au samedi 26 juillet \u00e0 cette intersection pr\u00e8s de Grenoble. Une motarde a \u00e9t\u00e9 violemment percut\u00e9e par un automobiliste, qui a pris la fuite. (\u00a9Capture Google Street View)<\/p>\n<p class=\" wall-content\">L\u2019accident s\u2019est produit dans la nuit du vendredi 25 au samedi 26 juillet, \u00e0 <a href=\"https:\/\/actu.fr\/auvergne-rhone-alpes\/sassenage_38474\" rel=\"nofollow noopener\" target=\"_blank\">Sassenage<\/a>, pr\u00e8s de <a href=\"https:\/\/actu.fr\/auvergne-rhone-alpes\/grenoble_38185\" rel=\"nofollow noopener\" target=\"_blank\">Grenoble<\/a>, au niveau de la station Total avenue de Romans.<\/p>\n<p>    <a href=\"https:\/\/www.google.com\/maps\/embed?pb=!1m18!1m12!1m3!1d1288.9021115713354!2d5.663245756772174!3d45.20499947929576!2m3!1f0!2f0!3f0!3m2!1i1024!2i768!4f13.1!3m3!1m2!1s0x478af251bf895683%3A0xe9881836fb5ff9c5!2sTotalEnergies%20Access%20-%20RELAIS%20SASSENAGE!5e0!3m2!1sfr!2sfr!4v1753690645277!5m2!1sfr!2sfr\" title=\"Ouvrie le lien\" rel=\"nofollow noopener\" target=\"_blank\">Cliquez ici pour visualiser le contenu<\/a><\/p>\n<p class=\" wall-content\">Comme rapport\u00e9 par <a href=\"https:\/\/c.ledauphine.com\/faits-divers-justice\/2025\/07\/26\/il-grille-un-feu-blesse-gravement-une-motocycliste-et-prend-la-fuite\" rel=\"nofollow noopener\" target=\"_blank\">Le Dauphin\u00e9 Lib\u00e9r\u00e9<\/a>, un automobiliste qui conduisait vraisemblablement une Clio rouge selon plusieurs t\u00e9moins, a <strong>grill\u00e9 le feu rouge<\/strong> \u00e0 l\u2019intersection, percutant violemment une motarde qui, elle, venait de d\u00e9marrer alors que son feu \u00e9tait pass\u00e9 au vert.<\/p>\n<p class=\" wall-content\">Le chauffard a ensuite <strong>pris la fuite \u00e0 pied<\/strong> avant de s\u2019engouffrer dans une autre voiture, avant l\u2019arriv\u00e9e des secours et des gendarmes sur les lieux.<\/p>\n<p>L\u2019homme s\u2019est rendu aux gendarmes<\/p>\n<p class=\" wall-content\">La victime souffrant de <strong>multiples blessures<\/strong> \u00e0 la jambe et au bras a \u00e9t\u00e9 transport\u00e9e dans un \u00e9tat grave au <a href=\"https:\/\/actu.fr\/tag\/chu-grenoble-alpes\" rel=\"nofollow noopener\" target=\"_blank\">CHU Grenoble-Alpes<\/a>.\u00a0<\/p>\n<p class=\" wall-content\">Selon le maire de la commune, Michel Vendra, la motarde est originaire de Sassenage. Les cam\u00e9ras pr\u00e9sentes \u00e0 l\u2019intersection ont pu aider les gendarmes \u00e0 \u00e9claircir les circonstances de l\u2019accident.<\/p>\n<p>    <a href=\"https:\/\/www.facebook.com\/plugins\/post.php?href=https%3A%2F%2Fwww.facebook.com%2Fpermalink.php%3Fstory_fbid%3Dpfbid02Uz8wf9zPX1XgAdEzBca36zExPX9zHzbxKSTrKpKK5REeHspNgUX7pwFso4ieqTibl%26id%3D100071252275589&amp;show_text=true&amp;width=350\" title=\"Ouvrie le lien\" rel=\"nofollow noopener\" target=\"_blank\">Cliquez ici pour visualiser le contenu<\/a><\/p>\n<p class=\" wall-content\">Un appel \u00e0 t\u00e9moins a aussi \u00e9t\u00e9 lanc\u00e9 d\u00e8s le samedi matin pour retrouver l\u2019automobiliste responsable de l\u2019accident. L\u2019homme se serait finalement <strong>rendu de lui-m\u00eame en gendarmerie<\/strong> dans la journ\u00e9e de samedi et a \u00e9t\u00e9 mis en garde \u00e0 vue.<\/p>\n<p class=\" wall-content\">Suivez toute l\u2019actualit\u00e9 de vos villes et m\u00e9dias favoris en vous inscrivant \u00e0 <a href=\"https:\/\/moncompte.actu.fr\" title=\"D\u00e9couvez Mon Actu\" rel=\"nofollow noopener\" data-trk=\"{&quot;cta&quot;:{&quot;action&quot;:&quot;https:\\\/\\\/moncompte.actu.fr&quot;,&quot;category&quot;:&quot;mon compte&quot;,&quot;from&quot;:&quot;article footer&quot;,&quot;name&quot;:&quot;Mon actu&quot;,&quot;type&quot;:&quot;cta&quot;}}\" target=\"_blank\">Mon Actu<\/a>.<\/p>\n","protected":false},"excerpt":{"rendered":"Par Lisa Rodrigues Publi\u00e9 le 28 juil. 2025 \u00e0 10h43 Un terrible accident s\u2019est produit dans la nuit&hellip;\n","protected":false},"author":2,"featured_media":279295,"comment_status":"","ping_status":"","sticky":false,"template":"","format":"standard","meta":{"footnotes":""},"categories":[9566],"tags":[119,1111,11,2430,1777,674,118,1011,27,3381,2731,12,1311,25],"class_list":{"0":"post-279294","1":"post","2":"type-post","3":"status-publish","4":"format-standard","5":"has-post-thumbnail","7":"category-grenoble","8":"tag-accident","9":"tag-actu","10":"tag-actualites","11":"tag-auvergne-rhone-alpes","12":"tag-eu","13":"tag-europe","14":"tag-faits-divers","15":"tag-fr","16":"tag-france","17":"tag-gendarmerie","18":"tag-grenoble","19":"tag-news","20":"tag-pompiers","21":"tag-republique-francaise"},"share_on_mastodon":{"url":"https:\/\/pubeurope.com\/@fr\/114930273791182047","error":""},"_links":{"self":[{"href":"https:\/\/www.europesays.com\/fr\/wp-json\/wp\/v2\/posts\/279294","targetHints":{"allow":["GET"]}}],"collection":[{"href":"https:\/\/www.europesays.com\/fr\/wp-json\/wp\/v2\/posts"}],"about":[{"href":"https:\/\/www.europesays.com\/fr\/wp-json\/wp\/v2\/types\/post"}],"author":[{"embeddable":true,"href":"https:\/\/www.europesays.com\/fr\/wp-json\/wp\/v2\/users\/2"}],"replies":[{"embeddable":true,"href":"https:\/\/www.europesays.com\/fr\/wp-json\/wp\/v2\/comments?post=279294"}],"version-history":[{"count":0,"href":"https:\/\/www.europesays.com\/fr\/wp-json\/wp\/v2\/posts\/279294\/revisions"}],"wp:featuredmedia":[{"embeddable":true,"href":"https:\/\/www.europesays.com\/fr\/wp-json\/wp\/v2\/media\/279295"}],"wp:attachment":[{"href":"https:\/\/www.europesays.com\/fr\/wp-json\/wp\/v2\/media?parent=279294"}],"wp:term":[{"taxonomy":"category","embeddable":true,"href":"https:\/\/www.europesays.com\/fr\/wp-json\/wp\/v2\/categories?post=279294"},{"taxonomy":"post_tag","embeddable":true,"href":"https:\/\/www.europesays.com\/fr\/wp-json\/wp\/v2\/tags?post=279294"}],"curies":[{"name":"wp","href":"https:\/\/api.w.org\/{rel}","templated":true}]}}