{"id":279301,"date":"2025-07-28T10:02:12","date_gmt":"2025-07-28T10:02:12","guid":{"rendered":"https:\/\/www.europesays.com\/fr\/279301\/"},"modified":"2025-07-28T10:02:12","modified_gmt":"2025-07-28T10:02:12","slug":"toute-lactu-top-music-fete-de-la-musique-a-strasbourg-un-appel-a-temoins-est-lance","status":"publish","type":"post","link":"https:\/\/www.europesays.com\/fr\/279301\/","title":{"rendered":"Toute l&rsquo;actu Top Music &#8211; F\u00eate de la musique \u00e0 Strasbourg : un appel \u00e0 t\u00e9moins est lanc\u00e9"},"content":{"rendered":"<p><img decoding=\"async\" class=\"\" style=\"width:100%\" src=\"https:\/\/www.europesays.com\/fr\/wp-content\/uploads\/2025\/07\/11053463_10152920804893311_1491992978238276711_n16811875278101715763884016.jpg\" alt=\"La police lance un appel \u00e0 t\u00e9moins\"\/><\/p>\n<p>La police lance un appel \u00e0 t\u00e9moins<\/p>\n<p>Cr\u00e9dit : Facebook \/ @Police Nationale 67<\/p>\n<p>Qu\u2019est-il arriv\u00e9 lors de la F\u00eate de la musique \u00e0 Strasbourg ? <strong>Vers 1h du matin, dans la nuit du 21 au 22 juin, rue des Tonneliers<\/strong>, une personne a \u00e9t\u00e9 retrouv\u00e9e \u00ab inconsciente sur la voie publique et a d\u00fb \u00eatre hospitalis\u00e9e \u00bb, indique la police nationale du Bas-Rhin dans son appel \u00e0 t\u00e9moins. Pour comprendre ce qui a pu se passer, des t\u00e9moignages sont attendus par les forces de l\u2019ordre. <strong>Si vous avez \u00e9t\u00e9 t\u00e9moin de la sc\u00e8ne, <\/strong>il faut contacter le 03 90 23 15 56. La police nationale a d\u00e9j\u00e0 ouvert une enqu\u00eate pour <strong>\u00ab violences volontaires aggrav\u00e9es \u00bb.\u00a0<\/strong><\/p>\n<p style=\"text-align: center;\"><strong><\/strong><\/p>\n","protected":false},"excerpt":{"rendered":"La police lance un appel \u00e0 t\u00e9moins Cr\u00e9dit : Facebook \/ @Police Nationale 67 Qu\u2019est-il arriv\u00e9 lors de&hellip;\n","protected":false},"author":2,"featured_media":279302,"comment_status":"","ping_status":"","sticky":false,"template":"","format":"standard","meta":{"footnotes":""},"categories":[2820],"tags":[41880,1111,11,2389,4260,1777,674,25885,1011,27,775,41882,12,1072,25,41881,640,40507,20835],"class_list":{"0":"post-279301","1":"post","2":"type-post","3":"status-publish","4":"format-standard","5":"has-post-thumbnail","7":"category-strasbourg","8":"tag-21-juin","9":"tag-actu","10":"tag-actualites","11":"tag-alsace","12":"tag-appel-a-temoins","13":"tag-eu","14":"tag-europe","15":"tag-fete-de-la-musique","16":"tag-fr","17":"tag-france","18":"tag-grand-est","19":"tag-inconsciente","20":"tag-news","21":"tag-police","22":"tag-republique-francaise","23":"tag-rue-des-tonneliers","24":"tag-strasbourg","25":"tag-temoin","26":"tag-temoins"},"share_on_mastodon":{"url":"https:\/\/pubeurope.com\/@fr\/114930289473053831","error":""},"_links":{"self":[{"href":"https:\/\/www.europesays.com\/fr\/wp-json\/wp\/v2\/posts\/279301","targetHints":{"allow":["GET"]}}],"collection":[{"href":"https:\/\/www.europesays.com\/fr\/wp-json\/wp\/v2\/posts"}],"about":[{"href":"https:\/\/www.europesays.com\/fr\/wp-json\/wp\/v2\/types\/post"}],"author":[{"embeddable":true,"href":"https:\/\/www.europesays.com\/fr\/wp-json\/wp\/v2\/users\/2"}],"replies":[{"embeddable":true,"href":"https:\/\/www.europesays.com\/fr\/wp-json\/wp\/v2\/comments?post=279301"}],"version-history":[{"count":0,"href":"https:\/\/www.europesays.com\/fr\/wp-json\/wp\/v2\/posts\/279301\/revisions"}],"wp:featuredmedia":[{"embeddable":true,"href":"https:\/\/www.europesays.com\/fr\/wp-json\/wp\/v2\/media\/279302"}],"wp:attachment":[{"href":"https:\/\/www.europesays.com\/fr\/wp-json\/wp\/v2\/media?parent=279301"}],"wp:term":[{"taxonomy":"category","embeddable":true,"href":"https:\/\/www.europesays.com\/fr\/wp-json\/wp\/v2\/categories?post=279301"},{"taxonomy":"post_tag","embeddable":true,"href":"https:\/\/www.europesays.com\/fr\/wp-json\/wp\/v2\/tags?post=279301"}],"curies":[{"name":"wp","href":"https:\/\/api.w.org\/{rel}","templated":true}]}}