{"id":279303,"date":"2025-07-28T10:03:10","date_gmt":"2025-07-28T10:03:10","guid":{"rendered":"https:\/\/www.europesays.com\/fr\/279303\/"},"modified":"2025-07-28T10:03:10","modified_gmt":"2025-07-28T10:03:10","slug":"la-reprise-approche-sig-strasbourg","status":"publish","type":"post","link":"https:\/\/www.europesays.com\/fr\/279303\/","title":{"rendered":"La reprise approche ! | SIG Strasbourg"},"content":{"rendered":"<p class=\"text-align-justify chapo\"><strong>Alors que l\u2019\u00e9t\u00e9 bat son plein, l\u2019heure de la reprise approche d\u00e9j\u00e0 pour la SIG Strasbourg. Le retour sur les parquets est programm\u00e9 pour le jeudi 14 ao\u00fbt, date du lancement officiel de la pr\u00e9paration estivale des hommes de J\u0101nis Gail\u012btis. Une pr\u00e9paration qui s\u2019annonce dense, rythm\u00e9e par neuf matchs amicaux, r\u00e9partis entre derbys, tournois internationaux et confrontations de haut niveau. Le compte \u00e0 rebours vers le d\u00e9but du championnat est lanc\u00e9.<\/strong><\/p>\n<p>La premi\u00e8re rencontre amicale donnera imm\u00e9diatement le ton. <strong>Le dimanche 24 ao\u00fbt<\/strong>, les SIGmen entreront dans le vif du sujet avec le tr\u00e8s attendu derby alsacien face \u00e0 l\u2019Alliance Sport Alsace. Une affiche \u00e0 ne manquer sous aucun pretexte, face \u00e0 une \u00e9quipe qui sort d\u2019une saison 2024-2025 particuli\u00e8rement r\u00e9ussie, et qui ne manquera pas de piment.<\/p>\n<p class=\"text-align-justify\">\u00a0<\/p>\n<p><strong>INFOS BILLETERIE \u00c0 VENIR<\/strong><\/p>\n<p class=\"text-align-center\">\u00a0<\/p>\n<p>Moins d\u2019une semaine plus tard, la SIG Strasbourg encha\u00eenera avec un autre derby, cette fois-ci face \u00e0 un voisin bien connu : le SLUC Nancy. Cette rencontre aura lieu <strong>le samedi 30 ao\u00fbt<\/strong> \u00e0 Saint-Nicolas-de-Port, et constituera une nouvelle \u00e9tape importante dans la mont\u00e9e en puissance de l\u2019\u00e9quipe. Deux derbys cons\u00e9cutifs pour lancer la pr\u00e9paration, voil\u00e0 de quoi entrer rapidement dans le rythme de la saison.<br \/>\nLes SIGmen poursuivront ensuite leur pr\u00e9paration de l\u2019autre c\u00f4t\u00e9 de la fronti\u00e8re, en Suisse, o\u00f9 ils participeront \u00e0 la Landolt Cup organis\u00e9e \u00e0 Yverdon-les-Bains. Ce tournoi au plateau international se d\u00e9roulera <strong>du 3 au 6 septembre<\/strong>, avec au programme trois matchs en quatre jours. Les Strasbourgeois affronteront d\u2019abord Gen\u00e8ve le mercredi 3 septembre, puis Manchester le vendredi 5 septembre, avant de disputer un match de classement le samedi 6 septembre face \u00e0 l\u2019une des \u00e9quipes suivantes : Fribourg, les Niners Chemnitz ou Limbourg. Un v\u00e9ritable test grandeur nature qui permettra au groupe de peaufiner ses automatismes face \u00e0 des adversaires aux profils vari\u00e9s.<br \/>\nApr\u00e8s cette parenth\u00e8se internationale, nos SIGmen feront leur retour en France pour participer au traditionnel tournoi de Luxeuil-les-Bains, un rendez-vous d\u00e9sormais bien ancr\u00e9 dans la pr\u00e9paration estivale du club. Les SIGmen y retrouveront des \u00e9quipes bien connues du championnat de Betclic ELITE, \u00e0 commencer par la JDA Dijon, qu\u2019ils affronteront le <strong>samedi 13 septembre<\/strong>. Le lendemain, ils joueront un match de classement face \u00e0 l\u2019\u00c9lan Chalon ou \u00e0 Saint-Quentin. Ce tournoi constituera l\u2019une des derni\u00e8res opportunit\u00e9s de se tester face \u00e0 des concurrents directs avant le d\u00e9but de la saison officielle.<br \/>\nPour conclure cette intense p\u00e9riode de pr\u00e9paration, la SIG Strasbourg disputera un scrimmage de haut niveau face \u00e0 l\u2019un des grands noms du basket europ\u00e9en : le Bayern Munich <strong>le dimanche 21 septembre<\/strong>.<br \/>\nApr\u00e8s ces neuf matchs de pr\u00e9paration, place \u00e0 la comp\u00e9tition. La SIG Strasbourg entamera sa saison 2025-2026 le week-end suivant, sur le parquet de Cholet, \u00e0 la Meilleraie. Une premi\u00e8re journ\u00e9e de Betclic \u00c9LITE qui marquera le v\u00e9ritable coup d\u2019envoi de cette nouvelle aventure 2025-2026.<\/p>\n<p class=\"text-align-justify\">\u00a0<\/p>\n","protected":false},"excerpt":{"rendered":"Alors que l\u2019\u00e9t\u00e9 bat son plein, l\u2019heure de la reprise approche d\u00e9j\u00e0 pour la SIG Strasbourg. Le retour&hellip;\n","protected":false},"author":2,"featured_media":279304,"comment_status":"","ping_status":"","sticky":false,"template":"","format":"standard","meta":{"footnotes":""},"categories":[2820],"tags":[1111,11,3146,1777,674,1011,27,775,3145,12,25,3144,640],"class_list":{"0":"post-279303","1":"post","2":"type-post","3":"status-publish","4":"format-standard","5":"has-post-thumbnail","7":"category-strasbourg","8":"tag-actu","9":"tag-actualites","10":"tag-betclic-elite","11":"tag-eu","12":"tag-europe","13":"tag-fr","14":"tag-france","15":"tag-grand-est","16":"tag-lnb","17":"tag-news","18":"tag-republique-francaise","19":"tag-sig","20":"tag-strasbourg"},"share_on_mastodon":{"url":"https:\/\/pubeurope.com\/@fr\/114930293486436391","error":""},"_links":{"self":[{"href":"https:\/\/www.europesays.com\/fr\/wp-json\/wp\/v2\/posts\/279303","targetHints":{"allow":["GET"]}}],"collection":[{"href":"https:\/\/www.europesays.com\/fr\/wp-json\/wp\/v2\/posts"}],"about":[{"href":"https:\/\/www.europesays.com\/fr\/wp-json\/wp\/v2\/types\/post"}],"author":[{"embeddable":true,"href":"https:\/\/www.europesays.com\/fr\/wp-json\/wp\/v2\/users\/2"}],"replies":[{"embeddable":true,"href":"https:\/\/www.europesays.com\/fr\/wp-json\/wp\/v2\/comments?post=279303"}],"version-history":[{"count":0,"href":"https:\/\/www.europesays.com\/fr\/wp-json\/wp\/v2\/posts\/279303\/revisions"}],"wp:featuredmedia":[{"embeddable":true,"href":"https:\/\/www.europesays.com\/fr\/wp-json\/wp\/v2\/media\/279304"}],"wp:attachment":[{"href":"https:\/\/www.europesays.com\/fr\/wp-json\/wp\/v2\/media?parent=279303"}],"wp:term":[{"taxonomy":"category","embeddable":true,"href":"https:\/\/www.europesays.com\/fr\/wp-json\/wp\/v2\/categories?post=279303"},{"taxonomy":"post_tag","embeddable":true,"href":"https:\/\/www.europesays.com\/fr\/wp-json\/wp\/v2\/tags?post=279303"}],"curies":[{"name":"wp","href":"https:\/\/api.w.org\/{rel}","templated":true}]}}