{"id":279305,"date":"2025-07-28T10:04:10","date_gmt":"2025-07-28T10:04:10","guid":{"rendered":"https:\/\/www.europesays.com\/fr\/279305\/"},"modified":"2025-07-28T10:04:10","modified_gmt":"2025-07-28T10:04:10","slug":"incendie-criminel-aux-moulins-la-famille-et-les-survivants-recus-par-le-procureur-de-la-republique-de-nice","status":"publish","type":"post","link":"https:\/\/www.europesays.com\/fr\/279305\/","title":{"rendered":"Incendie criminel aux Moulins: la famille et les survivants re\u00e7us par le procureur de la R\u00e9publique de Nice"},"content":{"rendered":"<p>Selon nos informations, des membres de la famille d\u00e9cim\u00e9e dans <a href=\"https:\/\/www.nicematin.com\/faits-divers\/incendie-mortel-aux-moulins-a-nice-un-grassois-connu-pour-trafic-de-stupefiants-mis-en-examen-992989\" target=\"_blank\" rel=\"noopener nofollow\">l\u2019incendie criminel de leur appartement aux Moulins<\/a>, dans la nuit du 17 au 18 juillet 2024, sont re\u00e7us depuis 10 heures, ce lundi, par le procureur de la R\u00e9publique de Nice, Damien Martinelli, au palais de justice.<\/p>\n<p>Le feu avait fait <strong>sept morts<\/strong>. Sept innocents, victimes collat\u00e9rales du trafic de drogue qui gangr\u00e8ne cette cit\u00e9 de l\u2019ouest de Nice. Sitty, la maman, Abou le p\u00e8re et beau-p\u00e8re, trois enfants, Oumaya, Omar et Sandjema Binti, un adolescent, Afrady, et Chafika, la tata.<\/p>\n<p><strong>Une rencontre importante<\/strong><\/p>\n<p>Accompagn\u00e9s de leurs avocats, Mes Mich\u00e8le Roufast et Philippe Soussi, les <a href=\"https:\/\/www.nicematin.com\/vie-locale\/incendie-criminel-aux-moulins-gros-retard-sur-les-travaux-de-rehabilitation-des-logements-impactes-par-les-flammes-990558\" target=\"_blank\" rel=\"noopener nofollow\">trois enfants rescap\u00e9s du drame<\/a>, Zakidine, Afouwady et Zayairoudine ainsi que leur oncle, Toildine, le fr\u00e8re de Sitty, sont actuellement dans le bureau du procureur. Ainsi qu\u2019Hairdine, le grand-oncle, ou encore la s\u0153ur et les parents de la m\u00e8re de famille, et Chaher, le fr\u00e8re de Chafika, la \u00ab\u00a0tata\u00a0\u00bb.<\/p>\n<p>C\u2019est une rencontre qui compte pour tous les proches. \u00ab\u00a0On se r\u00e9jouit\u00a0\u00bb\u00a0de la d\u00e9cision du procureur de les recevoir, ont laconiquement r\u00e9agi les avocats qui n\u2019ont pas souhait\u00e9 faire d\u2019autres commentaires.<\/p>\n<p><strong>Sept personnes sont derri\u00e8re les barreaux<\/strong> pour leur implication pr\u00e9sum\u00e9e dans le drame. Deux d\u2019entre elles le sont \u00e0 l\u2019\u00e9tranger, dont le commanditaire pr\u00e9sum\u00e9, en prison en Guin\u00e9e-Bissau.<\/p>\n","protected":false},"excerpt":{"rendered":"Selon nos informations, des membres de la famille d\u00e9cim\u00e9e dans l\u2019incendie criminel de leur appartement aux Moulins, dans&hellip;\n","protected":false},"author":2,"featured_media":279306,"comment_status":"","ping_status":"","sticky":false,"template":"","format":"standard","meta":{"footnotes":""},"categories":[2819],"tags":[1111,11,1777,674,1011,27,303,12,2401,882,25],"class_list":{"0":"post-279305","1":"post","2":"type-post","3":"status-publish","4":"format-standard","5":"has-post-thumbnail","7":"category-nice","8":"tag-actu","9":"tag-actualites","10":"tag-eu","11":"tag-europe","12":"tag-fr","13":"tag-france","14":"tag-justice","15":"tag-news","16":"tag-nice","17":"tag-provence-alpes-cote-dazur","18":"tag-republique-francaise"},"share_on_mastodon":{"url":"https:\/\/pubeurope.com\/@fr\/114930297351030989","error":""},"_links":{"self":[{"href":"https:\/\/www.europesays.com\/fr\/wp-json\/wp\/v2\/posts\/279305","targetHints":{"allow":["GET"]}}],"collection":[{"href":"https:\/\/www.europesays.com\/fr\/wp-json\/wp\/v2\/posts"}],"about":[{"href":"https:\/\/www.europesays.com\/fr\/wp-json\/wp\/v2\/types\/post"}],"author":[{"embeddable":true,"href":"https:\/\/www.europesays.com\/fr\/wp-json\/wp\/v2\/users\/2"}],"replies":[{"embeddable":true,"href":"https:\/\/www.europesays.com\/fr\/wp-json\/wp\/v2\/comments?post=279305"}],"version-history":[{"count":0,"href":"https:\/\/www.europesays.com\/fr\/wp-json\/wp\/v2\/posts\/279305\/revisions"}],"wp:featuredmedia":[{"embeddable":true,"href":"https:\/\/www.europesays.com\/fr\/wp-json\/wp\/v2\/media\/279306"}],"wp:attachment":[{"href":"https:\/\/www.europesays.com\/fr\/wp-json\/wp\/v2\/media?parent=279305"}],"wp:term":[{"taxonomy":"category","embeddable":true,"href":"https:\/\/www.europesays.com\/fr\/wp-json\/wp\/v2\/categories?post=279305"},{"taxonomy":"post_tag","embeddable":true,"href":"https:\/\/www.europesays.com\/fr\/wp-json\/wp\/v2\/tags?post=279305"}],"curies":[{"name":"wp","href":"https:\/\/api.w.org\/{rel}","templated":true}]}}