{"id":27931,"date":"2025-04-16T00:07:19","date_gmt":"2025-04-16T00:07:19","guid":{"rendered":"https:\/\/www.europesays.com\/fr\/27931\/"},"modified":"2025-04-16T00:07:19","modified_gmt":"2025-04-16T00:07:19","slug":"apres-des-rodeos-urbains-les-policiers-utilisent-une-grenade-de-desencerclement","status":"publish","type":"post","link":"https:\/\/www.europesays.com\/fr\/27931\/","title":{"rendered":"apr\u00e8s des rod\u00e9os urbains, les policiers utilisent une grenade de d\u00e9sencerclement"},"content":{"rendered":"<p>            Par<br \/>\n        <strong><br \/>\n            <a href=\"https:\/\/actu.fr\/auteur\/thomas-bernard\" title=\"Consulter tous les articles de Thomas Bernard\" target=\"_blank\" rel=\"noopener\">Thomas Bernard<\/a><br \/>\n        <\/strong><\/p>\n<p>        Publi\u00e9 le<\/p>\n<p>            15 avr. 2025 \u00e0 7h44        <\/p>\n<p>Vers 20h30, ce dimanche 13\u00a0avril 2025, des patrouilles de police interviennent All\u00e9e Henri Chr\u00e9tien, quartier du Breil, \u00e0 Nantes, suite au signalement de<a href=\"https:\/\/actu.fr\/tag\/rodeos-urbains\" target=\"_blank\" rel=\"noopener\"> rod\u00e9os urbains<\/a>.<\/p>\n<p class=\" wall-content\">Au cours de cette op\u00e9ration, les policiers <strong>interpellent un mineur<\/strong>, \u00e2g\u00e9 de 16\u00a0ans, sur une <strong>moto vol\u00e9e<\/strong>. Une seconde moto d\u00e9clar\u00e9e vol\u00e9e, est \u00e9galement saisie par les forces de l\u2019ordre. Le conducteur est parvenu \u00e0 s\u2019enfuir.<\/p>\n<p class=\" wall-content\">\n<p>Attroupement et grenade<\/p>\n<p class=\" wall-content\">En attendant l\u2019arriv\u00e9e des services de fourri\u00e8re pour transporter les motos, plusieurs jeunes <strong>s\u2019attroupent autour des policiers<\/strong>. Selon une source proche du dossier, les forces de l\u2019ordre ont utilis\u00e9 une \u00ab\u2009grenade de d\u00e9sencerclement\u2009\u00bb.<\/p>\n<p class=\" wall-content\">Ramen\u00e9 au commissariat central de Nantes, le mineur de 16\u00a0ans a \u00e9t\u00e9 plac\u00e9 en garde \u00e0 vue.<\/p>\n<p class=\" wall-content\">Suivez toute l\u2019actualit\u00e9 de vos villes et m\u00e9dias favoris en vous inscrivant \u00e0 <a href=\"https:\/\/moncompte.actu.fr\" title=\"D\u00e9couvez Mon Actu\" rel=\"nofollow noopener\" data-trk=\"{&quot;cta&quot;:{&quot;action&quot;:&quot;https:\\\/\\\/moncompte.actu.fr&quot;,&quot;category&quot;:&quot;mon compte&quot;,&quot;from&quot;:&quot;article footer&quot;,&quot;name&quot;:&quot;Mon actu&quot;,&quot;type&quot;:&quot;cta&quot;}}\" target=\"_blank\">Mon Actu<\/a>.<\/p>\n","protected":false},"excerpt":{"rendered":"Par Thomas Bernard Publi\u00e9 le 15 avr. 2025 \u00e0 7h44 Vers 20h30, ce dimanche 13\u00a0avril 2025, des patrouilles&hellip;\n","protected":false},"author":2,"featured_media":20698,"comment_status":"","ping_status":"","sticky":false,"template":"","format":"standard","meta":{"footnotes":""},"categories":[2818],"tags":[1111,11,1777,674,118,1011,27,766,12,2636,1072,25,5575],"class_list":{"0":"post-27931","1":"post","2":"type-post","3":"status-publish","4":"format-standard","5":"has-post-thumbnail","7":"category-nantes","8":"tag-actu","9":"tag-actualites","10":"tag-eu","11":"tag-europe","12":"tag-faits-divers","13":"tag-fr","14":"tag-france","15":"tag-nantes","16":"tag-news","17":"tag-pays-de-la-loire","18":"tag-police","19":"tag-republique-francaise","20":"tag-rodeos-urbains"},"share_on_mastodon":{"url":"https:\/\/pubeurope.com\/@fr\/114344731879770575","error":""},"_links":{"self":[{"href":"https:\/\/www.europesays.com\/fr\/wp-json\/wp\/v2\/posts\/27931","targetHints":{"allow":["GET"]}}],"collection":[{"href":"https:\/\/www.europesays.com\/fr\/wp-json\/wp\/v2\/posts"}],"about":[{"href":"https:\/\/www.europesays.com\/fr\/wp-json\/wp\/v2\/types\/post"}],"author":[{"embeddable":true,"href":"https:\/\/www.europesays.com\/fr\/wp-json\/wp\/v2\/users\/2"}],"replies":[{"embeddable":true,"href":"https:\/\/www.europesays.com\/fr\/wp-json\/wp\/v2\/comments?post=27931"}],"version-history":[{"count":0,"href":"https:\/\/www.europesays.com\/fr\/wp-json\/wp\/v2\/posts\/27931\/revisions"}],"wp:featuredmedia":[{"embeddable":true,"href":"https:\/\/www.europesays.com\/fr\/wp-json\/wp\/v2\/media\/20698"}],"wp:attachment":[{"href":"https:\/\/www.europesays.com\/fr\/wp-json\/wp\/v2\/media?parent=27931"}],"wp:term":[{"taxonomy":"category","embeddable":true,"href":"https:\/\/www.europesays.com\/fr\/wp-json\/wp\/v2\/categories?post=27931"},{"taxonomy":"post_tag","embeddable":true,"href":"https:\/\/www.europesays.com\/fr\/wp-json\/wp\/v2\/tags?post=27931"}],"curies":[{"name":"wp","href":"https:\/\/api.w.org\/{rel}","templated":true}]}}