{"id":279319,"date":"2025-07-28T10:14:12","date_gmt":"2025-07-28T10:14:12","guid":{"rendered":"https:\/\/www.europesays.com\/fr\/279319\/"},"modified":"2025-07-28T10:14:12","modified_gmt":"2025-07-28T10:14:12","slug":"metropole-de-lille-le-parc-des-pres-du-hem-rouvre-sa-zone-de-baignade-avec-une-jauge-limitee","status":"publish","type":"post","link":"https:\/\/www.europesays.com\/fr\/279319\/","title":{"rendered":"M\u00e9tropole de Lille. Le parc des Pr\u00e9s du Hem rouvre sa zone de baignade avec une jauge limit\u00e9e"},"content":{"rendered":"<p>            Par<br \/>\n        <strong><br \/>\n            <a href=\"https:\/\/actu.fr\/auteur\/margot-nicodeme\" title=\"Consulter tous les articles de Margot Nicod\u00e8me\" rel=\"nofollow noopener\" target=\"_blank\">Margot Nicod\u00e8me<\/a><br \/>\n        <\/strong><\/p>\n<p>        Publi\u00e9 le<\/p>\n<p>            28 juil. 2025 \u00e0 11h38        <\/p>\n<p>La m\u00e9t\u00e9o de <a href=\"https:\/\/actu.fr\/meteo\/meteo-encore-une-semaine-en-demi-teinte-entre-pluie-eclaircies-et-fraicheur-dans-le-nord-pas-de-calais_62963231.html\" rel=\"nofollow noopener\" target=\"_blank\">cette derni\u00e8re semaine de juillet\u00a02025<\/a> ne devrait pas \u00eatre propice aux plongeons, mais l\u2019information se garde tout de m\u00eame pr\u00e9cieusement. En attendant un mois d\u2019ao\u00fbt incroyablement ensoleill\u00e9\u2009? On y croit\u2009! Le grand parc des <b>Pr\u00e9s du Hem<\/b>, \u00e0 <a href=\"https:\/\/actu.fr\/hauts-de-france\/armentieres_59017\" rel=\"nofollow noopener\" target=\"_blank\">Armenti\u00e8res<\/a> (Nord), a <b>rouvert sa zone de baignade<\/b>, le 26\u00a0juillet 2025.<\/p>\n<p>Le parc des Pr\u00e9s du Hem rouvre sa zone de baignade<\/p>\n<p class=\" wall-content\">L\u2019acc\u00e8s \u00e0 cet espace est compris dans le prix d\u2019entr\u00e9e au parc (8 \u20ac la journ\u00e9e, pass famille de cinq \u00e0 24 \u20ac). Il est ouvert tous les jours de 13h \u00e0 18h, et les brassards sont obligatoires jusqu\u2019\u00e0 10 ans. Les enfants mineurs doivent \u00eatre accompagn\u00e9s et sous la surveillance d\u2019un adulte en tenue de bain dans la zone.<\/p>\n<p class=\" wall-content\">\u00c0 noter que de l\u2019attente peut \u00eatre \u00e0 pr\u00e9voir en p\u00e9riode de forte affluence, le parc ayant limit\u00e9 les places dans la zone de baignade pour des raisons de s\u00e9curit\u00e9.<\/p>\n<p class=\" wall-content\">Suivez toute l\u2019actualit\u00e9 de vos villes et m\u00e9dias favoris en vous inscrivant \u00e0 <a href=\"https:\/\/moncompte.actu.fr\" title=\"D\u00e9couvez Mon Actu\" rel=\"nofollow noopener\" data-trk=\"{&quot;cta&quot;:{&quot;action&quot;:&quot;https:\\\/\\\/moncompte.actu.fr&quot;,&quot;category&quot;:&quot;mon compte&quot;,&quot;from&quot;:&quot;article footer&quot;,&quot;name&quot;:&quot;Mon actu&quot;,&quot;type&quot;:&quot;cta&quot;}}\" target=\"_blank\">Mon Actu<\/a>.<\/p>\n","protected":false},"excerpt":{"rendered":"Par Margot Nicod\u00e8me Publi\u00e9 le 28 juil. 2025 \u00e0 11h38 La m\u00e9t\u00e9o de cette derni\u00e8re semaine de juillet\u00a02025&hellip;\n","protected":false},"author":2,"featured_media":279320,"comment_status":"","ping_status":"","sticky":false,"template":"","format":"standard","meta":{"footnotes":""},"categories":[2815],"tags":[1111,11,1777,674,652,1011,27,811,1307,1652,12,25],"class_list":{"0":"post-279319","1":"post","2":"type-post","3":"status-publish","4":"format-standard","5":"has-post-thumbnail","7":"category-lille","8":"tag-actu","9":"tag-actualites","10":"tag-eu","11":"tag-europe","12":"tag-famille","13":"tag-fr","14":"tag-france","15":"tag-hauts-de-france","16":"tag-lille","17":"tag-loisirs-culture","18":"tag-news","19":"tag-republique-francaise"},"share_on_mastodon":{"url":"https:\/\/pubeurope.com\/@fr\/114930336707920727","error":""},"_links":{"self":[{"href":"https:\/\/www.europesays.com\/fr\/wp-json\/wp\/v2\/posts\/279319","targetHints":{"allow":["GET"]}}],"collection":[{"href":"https:\/\/www.europesays.com\/fr\/wp-json\/wp\/v2\/posts"}],"about":[{"href":"https:\/\/www.europesays.com\/fr\/wp-json\/wp\/v2\/types\/post"}],"author":[{"embeddable":true,"href":"https:\/\/www.europesays.com\/fr\/wp-json\/wp\/v2\/users\/2"}],"replies":[{"embeddable":true,"href":"https:\/\/www.europesays.com\/fr\/wp-json\/wp\/v2\/comments?post=279319"}],"version-history":[{"count":0,"href":"https:\/\/www.europesays.com\/fr\/wp-json\/wp\/v2\/posts\/279319\/revisions"}],"wp:featuredmedia":[{"embeddable":true,"href":"https:\/\/www.europesays.com\/fr\/wp-json\/wp\/v2\/media\/279320"}],"wp:attachment":[{"href":"https:\/\/www.europesays.com\/fr\/wp-json\/wp\/v2\/media?parent=279319"}],"wp:term":[{"taxonomy":"category","embeddable":true,"href":"https:\/\/www.europesays.com\/fr\/wp-json\/wp\/v2\/categories?post=279319"},{"taxonomy":"post_tag","embeddable":true,"href":"https:\/\/www.europesays.com\/fr\/wp-json\/wp\/v2\/tags?post=279319"}],"curies":[{"name":"wp","href":"https:\/\/api.w.org\/{rel}","templated":true}]}}