{"id":27932,"date":"2025-04-16T00:08:11","date_gmt":"2025-04-16T00:08:11","guid":{"rendered":"https:\/\/www.europesays.com\/fr\/27932\/"},"modified":"2025-04-16T00:08:11","modified_gmt":"2025-04-16T00:08:11","slug":"home-jacking-a-nantes-un-adolescent-interpelle-au-volant-dune-voiture-volee","status":"publish","type":"post","link":"https:\/\/www.europesays.com\/fr\/27932\/","title":{"rendered":"Home-jacking\u00a0: \u00e0 Nantes, un adolescent interpell\u00e9 au volant d\u2019une voiture vol\u00e9e"},"content":{"rendered":"<p>Un jeune homme \u00e2g\u00e9 de 17\u00a0ans a \u00e9t\u00e9 interpell\u00e9 au volant d\u2019un gros v\u00e9hicule, vers 4\u00a0h, dans la nuit de lundi\u00a014 au mardi 15\u00a0avril, rue Jean-Demozay, quartier Saint-Joseph-de-Porterie, au nord-est de Nantes. Des policiers de la brigade anticriminalit\u00e9 avaient rep\u00e9r\u00e9 le v\u00e9hicule, Audi Q3, faisant l\u2019objet d\u2019une plainte pour <a href=\"https:\/\/www.ouest-france.fr\/faits-divers\/cambriolage\/\" target=\"_self\" rel=\"nofollow noopener\">vol depuis un home-jacking<\/a> \u00e0 Gu\u00e9rande le 10\u00a0avril. Le jeune conducteur sans permis a pu \u00eatre intercept\u00e9, au terme d\u2019un p\u00e9riple entre Vertou, Bouguenais et Nantes. Il a \u00e9t\u00e9 plac\u00e9 en garde \u00e0 vue.<\/p>\n<p>La police nationale de Loire-Atlantique note, depuis le mois de mars,<strong> \u00ab\u00a0une recrudescence des cambriolages avec vols de v\u00e9hicules commis en pr\u00e9sence des victimes\u00a0\u00bb,<\/strong> \u00e9galement appel\u00e9s \u00ab\u00a0home-jackings\u00a0\u00bb.<strong> \u00ab\u00a0Les auteurs p\u00e9n\u00e8trent dans les habitations et ciblent les cl\u00e9s des v\u00e9hicules qu\u2019ils utilisent pour repartir avec\u00a0\u00bb,<\/strong> explique la direction interd\u00e9partementale de la police nationale.\u00a0Cinq v\u00e9hicules ont \u00e9t\u00e9 vol\u00e9s de cette fa\u00e7on, dans le secteur du quartier du Breil, depuis le 9\u00a0avril 2025. La police nationale invite<strong> \u00ab\u00a0les personnes habitant principalement en maison individuelle \u00e0 redoubler de vigilance\u00a0\u00bb.<\/strong><\/p>\n<p>\u00a0<\/p>\n","protected":false},"excerpt":{"rendered":"Un jeune homme \u00e2g\u00e9 de 17\u00a0ans a \u00e9t\u00e9 interpell\u00e9 au volant d\u2019un gros v\u00e9hicule, vers 4\u00a0h, dans la&hellip;\n","protected":false},"author":2,"featured_media":27933,"comment_status":"","ping_status":"","sticky":false,"template":"","format":"standard","meta":{"footnotes":""},"categories":[2818],"tags":[1111,11,1084,1777,674,1011,27,9816,9817,766,12,2636,25,4752,9818,9819],"class_list":{"0":"post-27932","1":"post","2":"type-post","3":"status-publish","4":"format-standard","5":"has-post-thumbnail","7":"category-nantes","8":"tag-actu","9":"tag-actualites","10":"tag-adolescent","11":"tag-eu","12":"tag-europe","13":"tag-fr","14":"tag-france","15":"tag-home-jacking","16":"tag-interpelle","17":"tag-nantes","18":"tag-news","19":"tag-pays-de-la-loire","20":"tag-republique-francaise","21":"tag-voiture","22":"tag-volant","23":"tag-volee"},"share_on_mastodon":{"url":"https:\/\/pubeurope.com\/@fr\/114344735828208039","error":""},"_links":{"self":[{"href":"https:\/\/www.europesays.com\/fr\/wp-json\/wp\/v2\/posts\/27932","targetHints":{"allow":["GET"]}}],"collection":[{"href":"https:\/\/www.europesays.com\/fr\/wp-json\/wp\/v2\/posts"}],"about":[{"href":"https:\/\/www.europesays.com\/fr\/wp-json\/wp\/v2\/types\/post"}],"author":[{"embeddable":true,"href":"https:\/\/www.europesays.com\/fr\/wp-json\/wp\/v2\/users\/2"}],"replies":[{"embeddable":true,"href":"https:\/\/www.europesays.com\/fr\/wp-json\/wp\/v2\/comments?post=27932"}],"version-history":[{"count":0,"href":"https:\/\/www.europesays.com\/fr\/wp-json\/wp\/v2\/posts\/27932\/revisions"}],"wp:featuredmedia":[{"embeddable":true,"href":"https:\/\/www.europesays.com\/fr\/wp-json\/wp\/v2\/media\/27933"}],"wp:attachment":[{"href":"https:\/\/www.europesays.com\/fr\/wp-json\/wp\/v2\/media?parent=27932"}],"wp:term":[{"taxonomy":"category","embeddable":true,"href":"https:\/\/www.europesays.com\/fr\/wp-json\/wp\/v2\/categories?post=27932"},{"taxonomy":"post_tag","embeddable":true,"href":"https:\/\/www.europesays.com\/fr\/wp-json\/wp\/v2\/tags?post=27932"}],"curies":[{"name":"wp","href":"https:\/\/api.w.org\/{rel}","templated":true}]}}