{"id":279321,"date":"2025-07-28T10:15:09","date_gmt":"2025-07-28T10:15:09","guid":{"rendered":"https:\/\/www.europesays.com\/fr\/279321\/"},"modified":"2025-07-28T10:15:09","modified_gmt":"2025-07-28T10:15:09","slug":"le-mistral-souffle-en-tempete-lappel-a-la-prudence-du-prefet","status":"publish","type":"post","link":"https:\/\/www.europesays.com\/fr\/279321\/","title":{"rendered":"le mistral \u00ab\u00a0souffle en temp\u00eate\u00a0\u00bb, l&rsquo;appel \u00e0 la \u00ab\u00a0prudence\u00a0\u00bb du pr\u00e9fet"},"content":{"rendered":"<p>            Par<br \/>\n        <strong><br \/>\n            <a href=\"https:\/\/actu.fr\/auteur\/fabien-binacchi\" title=\"Consulter tous les articles de Fabien Binacchi\" rel=\"nofollow noopener\" target=\"_blank\">Fabien Binacchi<\/a><br \/>\n        <\/strong><\/p>\n<p>        Publi\u00e9 le<\/p>\n<p>            28 juil. 2025 \u00e0 11h25        <\/p>\n<p>L\u2019alerte est en vigueur \u00e0 partir de midi. M\u00e9t\u00e9o France place <a href=\"https:\/\/actu.fr\/marseille\/\" rel=\"nofollow noopener\" target=\"_blank\">Marseille<\/a> et le d\u00e9partement des <a href=\"https:\/\/actu.fr\/provence-alpes-cote-d-azur\/bouches-du-rhone_13\" rel=\"nofollow noopener\" target=\"_blank\">Bouches-du-Rh\u00f4ne<\/a> en vigilance jaune pour <strong>un risque de vent tr\u00e8s violent<\/strong> ce lundi 28\u00a0juillet 2025. La pr\u00e9fecture appelle \u00e0 la \u00ab\u2009prudence\u2009\u00bb.<\/p>\n<p class=\" wall-content\">Voici les pr\u00e9visions.<\/p>\n<p>Jusqu\u2019\u00e0 100\u00a0km\/h dans la cit\u00e9 phoc\u00e9enne<\/p>\n<p class=\" wall-content\">Le mistral, actif depuis plusieurs jours, est \u00e0 son maximum ce lundi 28\u00a0juillet 2025 dans les Bouches-du-Rh\u00f4ne. Une vigilance jaune est activ\u00e9e <strong>d\u00e8s midi et jusqu\u2019\u00e0 minuit.<\/strong><\/p>\n<blockquote class=\"ac-article-quote wall-content\">\n<p>Comme pr\u00e9vu, le mistral souffle en temp\u00eate. Avec d\u00e9j\u00e0, des rafales \u00e0 plus de 90km\/h ce matin. Cet apr\u00e8s-midi, la barre des 100km\/h pourrait \u00eatre franchie entre les Alpilles, l&rsquo;Etang-de-Berre et Marseille.<\/p>\n<p>    <strong>Paul Marquis<\/strong><br \/>\n        Fondateur de La M\u00e9t\u00e9o du 13    <\/p><\/blockquote>\n<p class=\" wall-content\">En dehors <a href=\"https:\/\/x.com\/meteofrance\/status\/1949123669092946427\" rel=\"nofollow\">du risque tr\u00e8s \u00e9lev\u00e9 de feu de for\u00eat,<\/a> que ces vents violents pourraient attiser, le pr\u00e9fet appelle \u00e0 la <strong>\u00ab\u2009prudence en bord de mer, dans vos activit\u00e9s nautiques et lors de tout d\u00e9placement\u2009\u00bb<\/strong>, indique-t-il sur les r\u00e9seaux sociaux.<\/p>\n<p class=\" wall-content\">\n<p>Des temp\u00e9ratures \u00ab\u2009particuli\u00e8rement fra\u00eeches\u2009\u00bb<\/p>\n<p class=\" wall-content\">La journ\u00e9e de ce lundi 28\u00a0juillet est par ailleurs \u00ab\u2009particuli\u00e8rement \u2018fra\u00eeche\u2019 pour la saison\u2009\u00bb, note encore <a href=\"https:\/\/lameteodu13.com\/\" rel=\"nofollow noopener\" target=\"_blank\">le m\u00e9t\u00e9orologue ind\u00e9pendant Paul Marquis.<\/a><\/p>\n<p class=\" wall-content\">Les maximales plafonnent \u00e0 <strong>27\u00b0C.<\/strong><\/p>\n<p class=\" wall-content\">Et si le mercure remonte ensuite l\u00e9g\u00e8rement, <strong>le mistral se maintient<\/strong> encore plusieurs jours, peut-\u00eatre m\u00eame <strong>jusqu\u2019au milieu de la semaine prochaine.<\/strong> Selon les pr\u00e9visions de M\u00e9t\u00e9o-France, une accalmie tr\u00e8s transitoire est attendue ce vendredi 1er\u00a0ao\u00fbt.<\/p>\n<p class=\" wall-content\">Suivez toute l\u2019actualit\u00e9 de vos villes et m\u00e9dias favoris en vous inscrivant \u00e0 <a href=\"https:\/\/moncompte.actu.fr\" title=\"D\u00e9couvez Mon Actu\" rel=\"nofollow noopener\" data-trk=\"{&quot;cta&quot;:{&quot;action&quot;:&quot;https:\\\/\\\/moncompte.actu.fr&quot;,&quot;category&quot;:&quot;mon compte&quot;,&quot;from&quot;:&quot;article footer&quot;,&quot;name&quot;:&quot;Mon actu&quot;,&quot;type&quot;:&quot;cta&quot;}}\" target=\"_blank\">Mon Actu<\/a>.<\/p>\n<ul class=\"ac-article-tag wall-content\">\n<li><a href=\"https:\/\/actu.fr\/tag\/meteo-france\" data-trk=\"{&quot;cta&quot;:{&quot;action&quot;:&quot;M\\u00e9t\\u00e9o France&quot;,&quot;category&quot;:&quot;tag&quot;,&quot;from&quot;:&quot;article footer&quot;,&quot;name&quot;:&quot;M\\u00e9t\\u00e9o France&quot;,&quot;type&quot;:&quot;cta&quot;}}\" rel=\"nofollow noopener\" target=\"_blank\">#M\u00e9t\u00e9o France<\/a><\/li>\n<li><a href=\"https:\/\/actu.fr\/tag\/mistral-vent\" data-trk=\"{&quot;cta&quot;:{&quot;action&quot;:&quot;Mistral (vent)&quot;,&quot;category&quot;:&quot;tag&quot;,&quot;from&quot;:&quot;article footer&quot;,&quot;name&quot;:&quot;Mistral (vent)&quot;,&quot;type&quot;:&quot;cta&quot;}}\" rel=\"nofollow noopener\" target=\"_blank\">#Mistral (vent)<\/a><\/li>\n<\/ul>\n","protected":false},"excerpt":{"rendered":"Par Fabien Binacchi Publi\u00e9 le 28 juil. 2025 \u00e0 11h25 L\u2019alerte est en vigueur \u00e0 partir de midi.&hellip;\n","protected":false},"author":2,"featured_media":21204,"comment_status":"","ping_status":"","sticky":false,"template":"","format":"standard","meta":{"footnotes":""},"categories":[2814],"tags":[1111,11,1777,674,1011,27,884,2487,2357,10509,12,882,25],"class_list":{"0":"post-279321","1":"post","2":"type-post","3":"status-publish","4":"format-standard","5":"has-post-thumbnail","7":"category-marseille","8":"tag-actu","9":"tag-actualites","10":"tag-eu","11":"tag-europe","12":"tag-fr","13":"tag-france","14":"tag-marseille","15":"tag-meteo","16":"tag-meteo-france","17":"tag-mistral-vent","18":"tag-news","19":"tag-provence-alpes-cote-dazur","20":"tag-republique-francaise"},"share_on_mastodon":{"url":"https:\/\/pubeurope.com\/@fr\/114930340544598922","error":""},"_links":{"self":[{"href":"https:\/\/www.europesays.com\/fr\/wp-json\/wp\/v2\/posts\/279321","targetHints":{"allow":["GET"]}}],"collection":[{"href":"https:\/\/www.europesays.com\/fr\/wp-json\/wp\/v2\/posts"}],"about":[{"href":"https:\/\/www.europesays.com\/fr\/wp-json\/wp\/v2\/types\/post"}],"author":[{"embeddable":true,"href":"https:\/\/www.europesays.com\/fr\/wp-json\/wp\/v2\/users\/2"}],"replies":[{"embeddable":true,"href":"https:\/\/www.europesays.com\/fr\/wp-json\/wp\/v2\/comments?post=279321"}],"version-history":[{"count":0,"href":"https:\/\/www.europesays.com\/fr\/wp-json\/wp\/v2\/posts\/279321\/revisions"}],"wp:featuredmedia":[{"embeddable":true,"href":"https:\/\/www.europesays.com\/fr\/wp-json\/wp\/v2\/media\/21204"}],"wp:attachment":[{"href":"https:\/\/www.europesays.com\/fr\/wp-json\/wp\/v2\/media?parent=279321"}],"wp:term":[{"taxonomy":"category","embeddable":true,"href":"https:\/\/www.europesays.com\/fr\/wp-json\/wp\/v2\/categories?post=279321"},{"taxonomy":"post_tag","embeddable":true,"href":"https:\/\/www.europesays.com\/fr\/wp-json\/wp\/v2\/tags?post=279321"}],"curies":[{"name":"wp","href":"https:\/\/api.w.org\/{rel}","templated":true}]}}