{"id":279324,"date":"2025-07-28T10:17:11","date_gmt":"2025-07-28T10:17:11","guid":{"rendered":"https:\/\/www.europesays.com\/fr\/279324\/"},"modified":"2025-07-28T10:17:11","modified_gmt":"2025-07-28T10:17:11","slug":"les-terribles-accusations-dune-octogenaire-hospitalisee","status":"publish","type":"post","link":"https:\/\/www.europesays.com\/fr\/279324\/","title":{"rendered":"les terribles accusations d\u2019une octog\u00e9naire hospitalis\u00e9e"},"content":{"rendered":"<p>\u00ab\u00a0D\u00e9but juillet, ma m\u00e8re a trouv\u00e9 ma grand-m\u00e8re chang\u00e9e. Elle qui est d\u2019un naturel enjou\u00e9, avait le regard dans le vide. Ce n\u2019\u00e9tait plus la m\u00eame. \u00c0 force de discuter avec elle, elle s\u2019est mise \u00e0 trembler et \u00e0 pleurer.\u00a0\u00bb<\/p>\n<p>Alexandra ne se trouvait pas dans la chambre du service g\u00e9riatrique de l\u2019h\u00f4pital \u00c9douard-Herriot quand Jeanne (1) s\u2019est confi\u00e9e. Mais sa m\u00e8re lui a racont\u00e9 ses r\u00e9v\u00e9lations choquantes. Jeanne, octog\u00e9naire, est&#8230;<\/p>\n","protected":false},"excerpt":{"rendered":"\u00ab\u00a0D\u00e9but juillet, ma m\u00e8re a trouv\u00e9 ma grand-m\u00e8re chang\u00e9e. Elle qui est d\u2019un naturel enjou\u00e9, avait le regard&hellip;\n","protected":false},"author":2,"featured_media":279325,"comment_status":"","ping_status":"","sticky":false,"template":"","format":"standard","meta":{"footnotes":""},"categories":[1889],"tags":[1111,11,2430,271,272,2757,1777,674,274,107,1011,27,2428,2756,12,25,2429],"class_list":{"0":"post-279324","1":"post","2":"type-post","3":"status-publish","4":"format-standard","5":"has-post-thumbnail","7":"category-lyon","8":"tag-actu","9":"tag-actualites","10":"tag-auvergne-rhone-alpes","11":"tag-crime","12":"tag-delit-et-contravention","13":"tag-edition-lyon-villeurbanne","14":"tag-eu","15":"tag-europe","16":"tag-faits-divers-justice","17":"tag-fil-info","18":"tag-fr","19":"tag-france","20":"tag-lyon","21":"tag-lyon-bassin","22":"tag-news","23":"tag-republique-francaise","24":"tag-rhone"},"share_on_mastodon":{"url":"https:\/\/pubeurope.com\/@fr\/114930348393591377","error":""},"_links":{"self":[{"href":"https:\/\/www.europesays.com\/fr\/wp-json\/wp\/v2\/posts\/279324","targetHints":{"allow":["GET"]}}],"collection":[{"href":"https:\/\/www.europesays.com\/fr\/wp-json\/wp\/v2\/posts"}],"about":[{"href":"https:\/\/www.europesays.com\/fr\/wp-json\/wp\/v2\/types\/post"}],"author":[{"embeddable":true,"href":"https:\/\/www.europesays.com\/fr\/wp-json\/wp\/v2\/users\/2"}],"replies":[{"embeddable":true,"href":"https:\/\/www.europesays.com\/fr\/wp-json\/wp\/v2\/comments?post=279324"}],"version-history":[{"count":0,"href":"https:\/\/www.europesays.com\/fr\/wp-json\/wp\/v2\/posts\/279324\/revisions"}],"wp:featuredmedia":[{"embeddable":true,"href":"https:\/\/www.europesays.com\/fr\/wp-json\/wp\/v2\/media\/279325"}],"wp:attachment":[{"href":"https:\/\/www.europesays.com\/fr\/wp-json\/wp\/v2\/media?parent=279324"}],"wp:term":[{"taxonomy":"category","embeddable":true,"href":"https:\/\/www.europesays.com\/fr\/wp-json\/wp\/v2\/categories?post=279324"},{"taxonomy":"post_tag","embeddable":true,"href":"https:\/\/www.europesays.com\/fr\/wp-json\/wp\/v2\/tags?post=279324"}],"curies":[{"name":"wp","href":"https:\/\/api.w.org\/{rel}","templated":true}]}}