{"id":279329,"date":"2025-07-28T10:20:19","date_gmt":"2025-07-28T10:20:19","guid":{"rendered":"https:\/\/www.europesays.com\/fr\/279329\/"},"modified":"2025-07-28T10:20:19","modified_gmt":"2025-07-28T10:20:19","slug":"en-quittant-les-yvelines-le-patron-du-tour-de-france-avait-un-grand-sourire","status":"publish","type":"post","link":"https:\/\/www.europesays.com\/fr\/279329\/","title":{"rendered":"en quittant les Yvelines, le patron du Tour de France avait un grand sourire"},"content":{"rendered":"<p>            Par<br \/>\n        <strong><br \/>\n            <a href=\"https:\/\/actu.fr\/auteur\/aurelie-duhamel-actu-fr\" title=\"Consulter tous les articles de Aur\u00e9lie Duhamel\" target=\"_blank\" rel=\"noopener\">Aur\u00e9lie Duhamel<\/a><br \/>\n        <\/strong><\/p>\n<p>        Publi\u00e9 le<\/p>\n<p>            27 juil. 2025 \u00e0 21h46        <\/p>\n<p>\u00ab\u2009Le Tour de France, c\u2019est ma vie\u2009\u00bb, l\u00e2che d\u2019entr\u00e9e de jeu <b>Christian Prudhomme<\/b> depuis le village d\u00e9part du Tour de France, \u00e0 <a href=\"https:\/\/actu.fr\/ile-de-france\/mantes-la-ville_78362\" target=\"_blank\" rel=\"noopener\">Mantes-la-Ville <\/a>(Yvelines), ce dimanche 27\u00a0juillet aupr\u00e8s de 78 actu. Cette r\u00e9ponse n\u2019a rien d\u2019\u00e9tonnant quand on sait qu\u2019il y a consacr\u00e9 sa carri\u00e8re de journaliste sportif, avant d\u2019\u00eatre finalement nomm\u00e9 directeur de la course en 2007.<\/p>\n<p class=\" wall-content\">\u00c0 l\u2019heure du <b>bilan de cette 112e \u00e9dition<\/b>, Christian Prudhomme se r\u00e9jouit d\u2019un ph\u00e9nom\u00e8ne marquant\u2009: l\u2019<b>arriv\u00e9e massive des jeunes<\/b> parmi les spectateurs. Une jeunesse qui participe pleinement \u00e0 l\u2019ambiance festive et renouvelle le visage du public.<\/p>\n<p>La jeunesse s\u2019empare du Tour<\/p>\n<p class=\" wall-content\">\u00ab\u2009Le Tour, ce n\u2019est pas seulement la comp\u00e9tition, c\u2019est un moment de <b>communion populaire<\/b>. Les cadeaux de la caravane, le passage des coureurs en montagne comme en plaine\u2009\u00bb, observe-t-il, citant la pr\u00e9sence des jeunes au sein du public.<\/p>\n<p class=\" wall-content\">Des familles, des groupes d\u2019amis, des adolescents, que 78 actu a d\u2019ailleurs vu arborer les maillots des coureurs durant cette derni\u00e8re \u00e9tape. Un <b>engouement<\/b> que les chiffres tendent \u00e0 confirmer, d\u2019apr\u00e8s le directeur du Tour\u2009:<\/p>\n<blockquote class=\"ac-article-quote wall-content\">\n<p>\u00ab\u2009Il y a de plus en plus de jeunes, ce qui est confirm\u00e9 par les audiences \u00e0 la t\u00e9l\u00e9vision et les \u00e9tudes que l\u2019on peut faire. Depuis quasiment vingt\u00a0ans que l\u2019on fait ce type d\u2019\u00e9tude, on a jamais eu autant de gens de 15 \u00e0 34\u00a0ans qui regardent le Tour de France \u00e0 la t\u00e9l\u00e9.\u2009\u00bb<\/p>\n<p>Christian Prudhomme, directeur du Tour de France<\/p><\/blockquote>\n<p class=\" wall-content\">Aujourd\u2019hui, donc, ce sont les jeunes qui vibrent aux c\u00f4t\u00e9s du peloton. Au-del\u00e0 des \u00e9tudes formelles, il peut lui-m\u00eame confirmer cette tendance. Ce qui le fait d\u2019ailleurs sourire\u2009: \u00ab\u2009\u00c7a se voit de mani\u00e8re empirique avec <b>les selfies<\/b> qu\u2019on m\u2019a toujours demand\u00e9s. Avant c\u2019\u00e9tait pour le grand-p\u00e8re ou la grand-m\u00e8re, maintenant ce sont les jeunes. \u00c7a fait plaisir\u2009\u00bb.<\/p>\n<p class=\" wall-content\">Un <b>rajeunissement <\/b>du public qui confirme aussi la capacit\u00e9 de la Grande Boucle \u00e0 traverser les g\u00e9n\u00e9rations, tout en se r\u00e9inventant.<\/p>\n<blockquote class=\"ac-article-quote wall-content\">\n<p>\u00ab\u2009La seule chose qui compte pour moi, c\u2019est que les gamins aient le m\u00eame regard et la m\u00eame envie du Tour que j\u2019avais \u00e0 leur \u00e2ge.\u2009\u00bb<\/p>\n<p>Christian Prudhomme, directeur du Tour de France<\/p><\/blockquote>\n<p>\u00ab\u2009J\u2019ai vu \u00e9norm\u00e9ment de ferveur\u2009\u00bb<\/p>\n<p class=\" wall-content\">\u00ab\u2009J\u2019ai vu \u00e9norm\u00e9ment d\u2019<b>effervescence<\/b>, de passion, de ferveur. Un monde fou depuis le d\u00e9part du Tour \u00e0 Lille jusqu\u2019\u00e0 maintenant\u2009\u00bb, commente Christian Prudhomme, que l\u2019on a vu profiter d\u2019un bain de foule et de quelques selfies avant son arriv\u00e9e dans le village du Tour, au Parc de la Vall\u00e9e.<\/p>\n<p class=\" wall-content\">Si les foules se pressent toujours sur les routes du Tour depuis sa cr\u00e9ation, il remarque tout de m\u00eame que <b>\u00ab\u2009cette ann\u00e9e, c\u2019\u00e9tait fou\u2009\u00bb<\/b>.<\/p>\n<blockquote class=\"ac-article-quote wall-content\">\n<p>\u00ab\u2009L\u2019ann\u00e9e derni\u00e8re, \u00e7a a \u00e9t\u00e9 un peu plus compliqu\u00e9 car les gens avaient l\u2019esprit tourn\u00e9 vers les JO. Cette ann\u00e9e, on a retrouv\u00e9 la plus grande comp\u00e9tition annuelle de sport qui est le Tour de France.\u2009\u00bb<\/p>\n<p>Christian Prudhomme, directeur du Tour de France<\/p><\/blockquote>\n<p>Des d\u00e9fis \u00e0 relever<\/p>\n<p class=\" wall-content\">Quant \u00e0 lui, il en a vu passer des \u00e9tapes, des milliers d\u2019heures de pr\u00e9paration, de concertation avec les \u00e9quipes du Tour, de d\u00e9fis techniques \u00e0 relever. On pense par exemple \u00e0 la 19e \u00e9tape, reliant initialement Albertville \u00e0 la\u00a0Plagne (Savoie) , qui a d\u00fb \u00eatre \u00e9court\u00e9e de plus de 34 kilom\u00e8tres \u00e0 cause d\u2019une <b>\u00e9pid\u00e9mie de dermatose bovine<\/b>. Pr\u00e8s de 500\u00a0personnes sont mobilis\u00e9es sur l\u2019organisation du Tour.<\/p>\n<blockquote class=\"ac-article-quote wall-content\">\n<p>\u00ab\u2009Quand on est dans une \u00e9tape de montagne et qu\u2019il faut n\u00e9gocier, c\u2019est bien d\u2019avoir une \u00e9quipe de grande qualit\u00e9.\u2009\u00bb<\/p>\n<p>Christian Prudhomme, directeur du Tour de France<\/p><\/blockquote>\n<p class=\" wall-content\">Car il faut que la course garde son <b>statut d\u2019ic\u00f4ne<\/b> dans le monde du cyclisme et du sport en g\u00e9n\u00e9ral, et permette au public de vibrer. Il n\u2019a d\u2019ailleurs pas vu le temps passer. \u00ab\u2009Quand on est jeune, on ne se rend pas compte que la vie passe \u00e0 toute vitesse. Je n\u2019ai absolument pas conscience que c\u2019est ma 19e fois\u2009\u00bb.<\/p>\n<p>Apr\u00e8s les hommes, le Tour de France f\u00e9minin<\/p>\n<p class=\" wall-content\">\u00ab\u2009C\u2019est bien \u00e9videmment le <b>clap de fin du Tour<\/b>, canal historique, mais il y a \u00e9videmment le <a href=\"https:\/\/www.letourfemmes.fr\/fr\" target=\"_blank\" rel=\"noopener\">Tour de France f\u00e9minin<\/a> que je rejoindrais, o\u00f9 Marion Rousse [l\u2019ancienne cycliste qui en est la directrice] est depuis 48\u00a0heures\u2009\u00bb, rappelle celui qui se rendra \u00e0 Angers (Maine-et-Loire), d\u00e8s ce lundi 28\u00a0juillet 2025 pour l\u2019arriv\u00e9e de la 3e \u00e9tape.<\/p>\n<p class=\" wall-content\">La <b>course<\/b>, dont le d\u00e9part a \u00e9t\u00e9 donn\u00e9 le 26\u00a0juillet 2025 \u00e0 Vannes (Bretagne), s\u2019ach\u00e8vera dans les Alpes au terme d\u2019un parcours particuli\u00e8rement sinueux.<\/p>\n<p class=\" wall-content\">Suivez toute l\u2019actualit\u00e9 de vos villes et m\u00e9dias favoris en vous inscrivant \u00e0 <a href=\"https:\/\/moncompte.actu.fr\" title=\"D\u00e9couvez Mon Actu\" rel=\"nofollow noopener\" data-trk=\"{&quot;cta&quot;:{&quot;action&quot;:&quot;https:\\\/\\\/moncompte.actu.fr&quot;,&quot;category&quot;:&quot;mon compte&quot;,&quot;from&quot;:&quot;article footer&quot;,&quot;name&quot;:&quot;Mon actu&quot;,&quot;type&quot;:&quot;cta&quot;}}\" target=\"_blank\">Mon Actu<\/a>.<\/p>\n<ul class=\"ac-article-tag wall-content\">\n<li><a href=\"https:\/\/actu.fr\/tag\/tour-de-france-2025\" data-trk=\"{&quot;cta&quot;:{&quot;action&quot;:&quot;Tour de France 2025&quot;,&quot;category&quot;:&quot;tag&quot;,&quot;from&quot;:&quot;article footer&quot;,&quot;name&quot;:&quot;Tour de France 2025&quot;,&quot;type&quot;:&quot;cta&quot;}}\" target=\"_blank\" rel=\"noopener\">#Tour de France 2025<\/a><\/li>\n<li><a href=\"https:\/\/actu.fr\/tag\/velo\" data-trk=\"{&quot;cta&quot;:{&quot;action&quot;:&quot;V\\u00e9lo&quot;,&quot;category&quot;:&quot;tag&quot;,&quot;from&quot;:&quot;article footer&quot;,&quot;name&quot;:&quot;V\\u00e9lo&quot;,&quot;type&quot;:&quot;cta&quot;}}\" target=\"_blank\" rel=\"noopener\">#V\u00e9lo<\/a><\/li>\n<\/ul>\n","protected":false},"excerpt":{"rendered":"Par Aur\u00e9lie Duhamel Publi\u00e9 le 27 juil. 2025 \u00e0 21h46 \u00ab\u2009Le Tour de France, c\u2019est ma vie\u2009\u00bb, l\u00e2che&hellip;\n","protected":false},"author":2,"featured_media":279330,"comment_status":"","ping_status":"","sticky":false,"template":"","format":"standard","meta":{"footnotes":""},"categories":[1592],"tags":[1111,11,1777,674,1011,27,662,12,626,25,60,2116,208],"class_list":{"0":"post-279329","1":"post","2":"type-post","3":"status-publish","4":"format-standard","5":"has-post-thumbnail","7":"category-ile-de-france","8":"tag-actu","9":"tag-actualites","10":"tag-eu","11":"tag-europe","12":"tag-fr","13":"tag-france","14":"tag-ile-de-france","15":"tag-news","16":"tag-paris","17":"tag-republique-francaise","18":"tag-sports","19":"tag-tour-de-france-2025","20":"tag-velo"},"share_on_mastodon":{"url":"https:\/\/pubeurope.com\/@fr\/114930360687091018","error":""},"_links":{"self":[{"href":"https:\/\/www.europesays.com\/fr\/wp-json\/wp\/v2\/posts\/279329","targetHints":{"allow":["GET"]}}],"collection":[{"href":"https:\/\/www.europesays.com\/fr\/wp-json\/wp\/v2\/posts"}],"about":[{"href":"https:\/\/www.europesays.com\/fr\/wp-json\/wp\/v2\/types\/post"}],"author":[{"embeddable":true,"href":"https:\/\/www.europesays.com\/fr\/wp-json\/wp\/v2\/users\/2"}],"replies":[{"embeddable":true,"href":"https:\/\/www.europesays.com\/fr\/wp-json\/wp\/v2\/comments?post=279329"}],"version-history":[{"count":0,"href":"https:\/\/www.europesays.com\/fr\/wp-json\/wp\/v2\/posts\/279329\/revisions"}],"wp:featuredmedia":[{"embeddable":true,"href":"https:\/\/www.europesays.com\/fr\/wp-json\/wp\/v2\/media\/279330"}],"wp:attachment":[{"href":"https:\/\/www.europesays.com\/fr\/wp-json\/wp\/v2\/media?parent=279329"}],"wp:term":[{"taxonomy":"category","embeddable":true,"href":"https:\/\/www.europesays.com\/fr\/wp-json\/wp\/v2\/categories?post=279329"},{"taxonomy":"post_tag","embeddable":true,"href":"https:\/\/www.europesays.com\/fr\/wp-json\/wp\/v2\/tags?post=279329"}],"curies":[{"name":"wp","href":"https:\/\/api.w.org\/{rel}","templated":true}]}}