{"id":279333,"date":"2025-07-28T10:22:10","date_gmt":"2025-07-28T10:22:10","guid":{"rendered":"https:\/\/www.europesays.com\/fr\/279333\/"},"modified":"2025-07-28T10:22:10","modified_gmt":"2025-07-28T10:22:10","slug":"president-en-concert-aux-etoiles-de-paris-en-janvier-2026-news-rockurlife","status":"publish","type":"post","link":"https:\/\/www.europesays.com\/fr\/279333\/","title":{"rendered":"PRESIDENT : en concert aux \u00c9toiles de Paris en janvier 2026 ! &#8211; News &#8211; RockUrLife"},"content":{"rendered":"<p>Pr\u00e9parez-vous \u00e0 vivre une exp\u00e9rience hors normes :\u00a0<strong>PRESIDENT<\/strong>, le myst\u00e9rieux collectif m\u00ealant metal abrasif, \u00e9lectro exp\u00e9rimentale et tension cin\u00e9matographique,\u00a0se produira pour la premi\u00e8re fois dans la capitale cet hiver !<\/p>\n<p><strong>\u00e0<\/strong><\/p>\n<p>Le rendez-vous est fix\u00e9, plus pr\u00e9cis\u00e9ment,<strong> le vendredi 9 janvier 2026<\/strong>\u00a0<strong>aux \u00c9toiles<\/strong>. Plus qu\u2019un concert,\u00a0une v\u00e9ritable d\u00e9flagration sensorielle\u00a0s\u2019annonce. Rare, brut, immersif et sans concession : ce live unique promet un choc frontal entre son, lumi\u00e8re et engagement.<\/p>\n<p>Cette date parisienne s\u2019inscrit dans\u00a0<strong>The Campaign Trail<\/strong>,\u00a0la toute premi\u00e8re tourn\u00e9e europ\u00e9enne et britannique en t\u00eate d\u2019affiche\u00a0pour le groupe, qui avance dans l\u2019ombre depuis plusieurs mois avec des performances live aussi d\u00e9routantes que galvanisantes. Un mouvement plus qu\u2019un groupe, une d\u00e9claration plus qu\u2019un show : <strong>PRESIDENT<\/strong> transforme chaque soir en\u00a0acte de r\u00e9sistance sonore, une\u00a0convergence de croyances, de volume et de volont\u00e9.<\/p>\n<p>Alors que le premier EP,\u00a0<strong><a href=\"https:\/\/www.rockurlife.net\/news\/president-annonce-son-premier-ep-king-of-terrors-nouveau-single-rage\/\" target=\"_blank\" rel=\"noopener\">King Of Terrors<\/a><\/strong>, est attendu pour le 26 septembre, le groupe d\u00e9livre ce message fort :<\/p>\n<p>\u201cNous n\u2019avons jamais eu l\u2019intention de mener. Mais quand suffisamment de gens marchent \u00e0 vos c\u00f4t\u00e9s, cela devient une marche.\u00a0<strong>The Campaign Trail<\/strong>\u00a0est pour tous ceux qui ont d\u00e9j\u00e0 senti quelque chose vibrer en eux. Il est temps de faire entendre votre voix.\u201d<br \/>\u2014 The President<\/p>\n<p>Billetterie g\u00e9n\u00e9rale ouverte le vendredi 1er ao\u00fbt \u00e0 10h sur <a href=\"http:\/\/livenation.fr\" target=\"_blank\" rel=\"noopener\">livenation.fr<\/a>.<\/p>\n<p>Acc\u00e8s anticip\u00e9 disponible d\u00e8s ce mercredi \u00e0 10h pour les membres de la mailing list sur\u00a0<a class=\"\" href=\"http:\/\/www.presidentband.com\/\" target=\"_blank\" rel=\"noopener\">presidentband.com<\/a>.<\/p>\n<p>Pr\u00e9sence non obligatoire\u2026 mais fortement attendue.<\/p>\n<p><img loading=\"lazy\" decoding=\"async\" width=\"1024\" height=\"450\" src=\"https:\/\/www.europesays.com\/fr\/wp-content\/uploads\/2025\/07\/IMG_1659-1024x450.jpeg\" alt=\"\" class=\"wp-image-224664\"\/><\/p>\n","protected":false},"excerpt":{"rendered":"Pr\u00e9parez-vous \u00e0 vivre une exp\u00e9rience hors normes :\u00a0PRESIDENT, le myst\u00e9rieux collectif m\u00ealant metal abrasif, \u00e9lectro exp\u00e9rimentale et tension&hellip;\n","protected":false},"author":2,"featured_media":279334,"comment_status":"","ping_status":"","sticky":false,"template":"","format":"standard","meta":{"footnotes":""},"categories":[1888],"tags":[1111,1928,11,1927,1777,674,1011,27,12,1926,626,1925,4919,25,41883],"class_list":{"0":"post-279333","1":"post","2":"type-post","3":"status-publish","4":"format-standard","5":"has-post-thumbnail","7":"category-paris","8":"tag-actu","9":"tag-actu-paris","10":"tag-actualites","11":"tag-actualites-paris","12":"tag-eu","13":"tag-europe","14":"tag-fr","15":"tag-france","16":"tag-news","17":"tag-news-paris","18":"tag-paris","19":"tag-paris-news","20":"tag-president","21":"tag-republique-francaise","22":"tag-the-campaign-trail"},"share_on_mastodon":{"url":"https:\/\/pubeurope.com\/@fr\/114930368102765971","error":""},"_links":{"self":[{"href":"https:\/\/www.europesays.com\/fr\/wp-json\/wp\/v2\/posts\/279333","targetHints":{"allow":["GET"]}}],"collection":[{"href":"https:\/\/www.europesays.com\/fr\/wp-json\/wp\/v2\/posts"}],"about":[{"href":"https:\/\/www.europesays.com\/fr\/wp-json\/wp\/v2\/types\/post"}],"author":[{"embeddable":true,"href":"https:\/\/www.europesays.com\/fr\/wp-json\/wp\/v2\/users\/2"}],"replies":[{"embeddable":true,"href":"https:\/\/www.europesays.com\/fr\/wp-json\/wp\/v2\/comments?post=279333"}],"version-history":[{"count":0,"href":"https:\/\/www.europesays.com\/fr\/wp-json\/wp\/v2\/posts\/279333\/revisions"}],"wp:featuredmedia":[{"embeddable":true,"href":"https:\/\/www.europesays.com\/fr\/wp-json\/wp\/v2\/media\/279334"}],"wp:attachment":[{"href":"https:\/\/www.europesays.com\/fr\/wp-json\/wp\/v2\/media?parent=279333"}],"wp:term":[{"taxonomy":"category","embeddable":true,"href":"https:\/\/www.europesays.com\/fr\/wp-json\/wp\/v2\/categories?post=279333"},{"taxonomy":"post_tag","embeddable":true,"href":"https:\/\/www.europesays.com\/fr\/wp-json\/wp\/v2\/tags?post=279333"}],"curies":[{"name":"wp","href":"https:\/\/api.w.org\/{rel}","templated":true}]}}