{"id":279341,"date":"2025-07-28T10:26:14","date_gmt":"2025-07-28T10:26:14","guid":{"rendered":"https:\/\/www.europesays.com\/fr\/279341\/"},"modified":"2025-07-28T10:26:14","modified_gmt":"2025-07-28T10:26:14","slug":"huit-blesses-dans-des-attaques-nocturnes-russes","status":"publish","type":"post","link":"https:\/\/www.europesays.com\/fr\/279341\/","title":{"rendered":"huit bless\u00e9s dans des attaques nocturnes russes"},"content":{"rendered":"<p>Au total, la Russie a lanc\u00e9 324 drones et sept missiles contre l\u2019Ukraine pendant la nuit, a rapport\u00e9 l\u2019arm\u00e9e de l\u2019air ukrainienne, en assurant avoir d\u00e9truit ou brouill\u00e9 309 drones et deux missiles.<\/p>\n<p class=\"fig-paragraph\">De\u00a0<a href=\"http:\/\/www.lefigaro.fr\/international\/guerre-en-ukraine-au-moins-un-mort-et-deux-blesses-apres-des-frappes-russes-sur-quatre-districts-de-kiev-20250721\" target=\"_blank\" data-fig-type=\"NewsFlash\" rel=\"noopener\" data-gtm-custom-categorie=\"navigation\" data-gtm-custom-action=\"crossclick\" data-gtm-custom-label=\"Contextuel\" data-gtm-event=\"customEventSPE\" data-fig-domain=\"LEFIGARO\">nouvelles frappes<\/a>\u00a0ont eu lieu cette nuit. Au moins huit civils, dont une fillette de 2 ans, ont \u00e9t\u00e9 bless\u00e9s dans les<a href=\"http:\/\/www.lefigaro.fr\/international\/guerre-en-ukraine-un-mort-lors-d-une-attaque-ukrainienne-nouvelles-frappes-sur-kiev-20250704\" target=\"_blank\" data-fig-type=\"NewsFlash\" rel=\"noopener\" data-gtm-custom-categorie=\"navigation\" data-gtm-custom-action=\"crossclick\" data-gtm-custom-label=\"Contextuel\" data-gtm-event=\"customEventSPE\" data-fig-domain=\"LEFIGARO\">\u00a0frappes nocturnes<\/a>\u00a0russes en Ukraine, ont annonc\u00e9 lundi 28 juillet les autorit\u00e9s du pays. La cible principale \u00e9tait une base a\u00e9rienne dans l&rsquo;ouest du pays.<\/p>\n<p class=\"fig-paragraph\">\u00abHuit personnes ont \u00e9t\u00e9 bless\u00e9es\u00bb dans ces attaques de drones et missiles, a indiqu\u00e9 le pr\u00e9sident\u00a0<a href=\"http:\/\/www.lefigaro.fr\/international\/guerre-en-ukraine-des-discussions-ont-commence-sur-une-possible-rencontre-avec-vladimir-poutine-affirme-volodymyr-zelensky-20250725\" target=\"_blank\" data-fig-type=\"NewsFlash\" rel=\"noopener\" data-gtm-custom-categorie=\"navigation\" data-gtm-custom-action=\"crossclick\" data-gtm-custom-label=\"Contextuel\" data-gtm-event=\"customEventSPE\" data-fig-domain=\"LEFIGARO\">Volodymyr Zelensky<\/a>. \u00c0 Kiev, la capitale, des journalistes de l&rsquo;AFP ont entendu des explosions pendant l&rsquo;alerte a\u00e9rienne, qui a dur\u00e9 plus de six heures. Cinq habitants ont \u00e9t\u00e9 bless\u00e9s, des vitres de leurs immeubles ayant \u00e9t\u00e9 souffl\u00e9es par une explosion, a d\u00e9taill\u00e9 le maire Vitali Klitschko. Une fillette de 2 ans fait partie des bless\u00e9s, selon la police. Des attaques de drones ont \u00e9galement bless\u00e9 une femme de 49 ans et une adolescente de 15 ans dans la r\u00e9gion de Dnipropetrovsk (centre-est) et un homme de 32 ans dans la ville Kherson (sud), ont indiqu\u00e9 les autorit\u00e9s r\u00e9gionales.<\/p>\n<p>                                    <a class=\"fig-a11y-skip a11y-hidden\" href=\"#fig-a11y-skip-main-inarticle\"><br \/>\n        Passer la publicit\u00e9<br \/>\n    <\/a><\/p>\n<p>324 drones et sept missiles envoy\u00e9s<\/p>\n<p class=\"fig-paragraph\">Au total, la Russie a lanc\u00e9 324 drones et sept missiles contre l&rsquo;Ukraine pendant la nuit, a rapport\u00e9 l&rsquo;arm\u00e9e de l&rsquo;air ukrainienne, en assurant avoir d\u00e9truit ou brouill\u00e9 309 drones et deux missiles.<\/p>\n<p class=\"fig-paragraph\">\u00abLa destination principale de la frappe \u00e9tait la ville de Starokostiantyniv, dans la r\u00e9gion de Khmelnytsky\u00bb, a ajout\u00e9 l&rsquo;arm\u00e9e de l&rsquo;air. Situ\u00e9e dans l&rsquo;ouest du pays, \u00e0 des centaines de kilom\u00e8tres du front, cette ville abrite un important a\u00e9rodrome militaire et est tr\u00e8s r\u00e9guli\u00e8rement vis\u00e9e par les attaques a\u00e9riennes russes. Le porte-parole de l&rsquo;arm\u00e9e de l&rsquo;air, Iouri\u00ef Ignat, a ensuite pr\u00e9cis\u00e9 que des missiles hypersoniques russes Kinjal \u00abvolaient justement\u00bb en direction de Starokostiantyniv.<\/p>\n<p class=\"fig-paragraph\">Confront\u00e9e depuis plus de trois ans \u00e0 l&rsquo;invasion russe, l&rsquo;Ukraine demande \u00e0 ses alli\u00e9s occidentaux de lui fournir davantage de moyens de d\u00e9fense a\u00e9rienne, notamment de puissants syst\u00e8mes am\u00e9ricains Patriots.<\/p>\n","protected":false},"excerpt":{"rendered":"Au total, la Russie a lanc\u00e9 324 drones et sept missiles contre l\u2019Ukraine pendant la nuit, a rapport\u00e9&hellip;\n","protected":false},"author":2,"featured_media":279342,"comment_status":"","ping_status":"","sticky":false,"template":"","format":"standard","meta":{"footnotes":""},"categories":[1590],"tags":[11,1777,674,3482,12,220],"class_list":{"0":"post-279341","1":"post","2":"type-post","3":"status-publish","4":"format-standard","5":"has-post-thumbnail","7":"category-ukraine","8":"tag-actualites","9":"tag-eu","10":"tag-europe","11":"tag-guerre-russie-ukraine","12":"tag-news","13":"tag-ukraine"},"share_on_mastodon":{"url":"https:\/\/pubeurope.com\/@fr\/114930383850203717","error":""},"_links":{"self":[{"href":"https:\/\/www.europesays.com\/fr\/wp-json\/wp\/v2\/posts\/279341","targetHints":{"allow":["GET"]}}],"collection":[{"href":"https:\/\/www.europesays.com\/fr\/wp-json\/wp\/v2\/posts"}],"about":[{"href":"https:\/\/www.europesays.com\/fr\/wp-json\/wp\/v2\/types\/post"}],"author":[{"embeddable":true,"href":"https:\/\/www.europesays.com\/fr\/wp-json\/wp\/v2\/users\/2"}],"replies":[{"embeddable":true,"href":"https:\/\/www.europesays.com\/fr\/wp-json\/wp\/v2\/comments?post=279341"}],"version-history":[{"count":0,"href":"https:\/\/www.europesays.com\/fr\/wp-json\/wp\/v2\/posts\/279341\/revisions"}],"wp:featuredmedia":[{"embeddable":true,"href":"https:\/\/www.europesays.com\/fr\/wp-json\/wp\/v2\/media\/279342"}],"wp:attachment":[{"href":"https:\/\/www.europesays.com\/fr\/wp-json\/wp\/v2\/media?parent=279341"}],"wp:term":[{"taxonomy":"category","embeddable":true,"href":"https:\/\/www.europesays.com\/fr\/wp-json\/wp\/v2\/categories?post=279341"},{"taxonomy":"post_tag","embeddable":true,"href":"https:\/\/www.europesays.com\/fr\/wp-json\/wp\/v2\/tags?post=279341"}],"curies":[{"name":"wp","href":"https:\/\/api.w.org\/{rel}","templated":true}]}}