{"id":279343,"date":"2025-07-28T10:27:12","date_gmt":"2025-07-28T10:27:12","guid":{"rendered":"https:\/\/www.europesays.com\/fr\/279343\/"},"modified":"2025-07-28T10:27:12","modified_gmt":"2025-07-28T10:27:12","slug":"accord-ue-etats-unis-sur-les-droits-de-douane-francois-bayrou-denonce-une-soumission-des-27","status":"publish","type":"post","link":"https:\/\/www.europesays.com\/fr\/279343\/","title":{"rendered":"Accord UE &#8211; \u00c9tats-Unis sur les droits de douane : Fran\u00e7ois Bayrou d\u00e9nonce une \u00ab\u00a0soumission\u00a0\u00bb des 27"},"content":{"rendered":"<ul class=\"jsx-862013697 ArticleChapo__List\">\n<li class=\"jsx-862013697 ArticleChapo__List_Item flex\">Les \u00c9tats-Unis et l&rsquo;Union europ\u00e9enne ont sign\u00e9 dimanche 27 juillet un nouvel accord commercial, rehaussant notamment \u00e0 15% les droits de douane pour les produits europ\u00e9ens import\u00e9s outre-Atlantique.<\/li>\n<li class=\"jsx-862013697 ArticleChapo__List_Item flex\">Alors que la classe politique fran\u00e7aise monte au cr\u00e9neau, le Premier ministre Fran\u00e7ois Bayrou d\u00e9plore que les 27 se r\u00e9solvent \u00ab\u00a0\u00e0 la soumission\u00a0\u00bb.<\/li>\n<\/ul>\n<p data-module=\"article-paragraph\" class=\"jsx-3046738180 Paragraph Paragraph__End\">L&rsquo;encre n&rsquo;a m\u00eame pas encore s\u00e9ch\u00e9 que le nouvel accord commercial cadre entre l&rsquo;UE et les \u00c9tats-Unis <a href=\"https:\/\/www.tf1info.fr\/politique\/desequilibre-honte-fiasco-la-classe-politique-francaise-fustige-l-accord-entre-l-ue-et-les-etats-unis-2385483.html\" target=\"_blank\" rel=\"noopener\">fait d\u00e9j\u00e0 beaucoup parler<\/a>. Donald Trump et la pr\u00e9sidente de la Commission europ\u00e9enne, Ursula von der Leyen, ont convenu dimanche 27 juillet que les produits europ\u00e9ens export\u00e9s aux \u00c9tats-Unis seront tax\u00e9s \u00e0 15%. \u00ab\u00a0C&rsquo;est un jour sombre que celui o\u00f9 une alliance de peuples libres, rassembl\u00e9s pour affirmer leurs valeurs et d\u00e9fendre leurs int\u00e9r\u00eats, se r\u00e9sout \u00e0 la soumission\u00a0\u00bb, r\u00e9agit le Premier ministre Fran\u00e7ois Bayrou.<\/p>\n<blockquote data-testid=\"EmbedTwitter\" id=\"tweet-1949749114436194782-:R2d6ij9n79m:\" class=\"jsx-aeff1a1c40f54d7a twitter-tweet flex justify-center items-center\"><p>Accord Van der Leyen-Trump : c&rsquo;est un jour sombre que celui o\u00f9 une alliance de peuples libres, rassembl\u00e9s pour affirmer leurs valeurs et d\u00e9fendre leurs int\u00e9r\u00eats, se r\u00e9sout \u00e0 la soumission. \u2014 Fran\u00e7ois Bayrou (@bayrou)  July 28, 2025<\/p><\/blockquote>\n<p><a href=\"https:\/\/www.tf1info.fr\/international\/droits-de-douane-que-contient-l-accord-ue-usa-entre-trump-et-von-der-leyen-2385464.html\" rel=\"noopener\" class=\"jsx-3308031228 Link flex\" target=\"_blank\"><img decoding=\"async\" src=\"https:\/\/www.europesays.com\/fr\/wp-content\/uploads\/2025\/07\/trump-von-der-leyen-plan-large-afp-3c228b-0@1x.jpeg\" alt=\"Brendan SMIALOWSKI \/ AFP\" loading=\"lazy\" importance=\"low\" fetchpriority=\"low\" class=\"\" aria-hidden=\"true\"\/><\/p>\n<p class=\"jsx-3657663356 ReadMoreArticle__Title\">Lire aussi<\/p>\n<p class=\"jsx-3657663356\">Droits de douane : que contient l&rsquo;accord commercial entre l&rsquo;UE et les \u00c9tats-Unis ?<\/p>\n<p><\/a><\/p>\n<p data-module=\"article-paragraph\" class=\"jsx-3046738180 Paragraph\">D&rsquo;autres membres du gouvernement ont \u00e9galement condamn\u00e9 le nouveau compromis entre Bruxelles et Washington. Celui-ci \u00ab\u00a0apportera une stabilit\u00e9 temporaire aux acteurs \u00e9conomiques menac\u00e9s par l&rsquo;escalade douani\u00e8re am\u00e9ricaine, mais il est d\u00e9s\u00e9quilibr\u00e9\u00a0\u00bb, fustige le ministre fran\u00e7ais d\u00e9l\u00e9gu\u00e9 charg\u00e9 de l&rsquo;Europe, Benjamin Haddad. S&rsquo;il \u00e9pargne \u00ab\u00a0des secteurs cl\u00e9s pour l\u2019\u00e9conomie fran\u00e7aise\u00a0\u00bb, le nouveau rapport de force \u00ab\u00a0n\u2019est pas satisfaisant et ne peut pas \u00eatre durable\u00a0\u00bb, insiste-t-il, mettant en garde contre le \u00ab\u00a0risque d&rsquo;effacement de l&rsquo;Europe\u00a0\u00bb. Le ministre d\u00e9l\u00e9gu\u00e9 au Commerce ext\u00e9rieur, Laurent Saint-Martin, mart\u00e8le, lui, sur France Inter, ne \u00ab\u00a0pas (vouloir) qu&rsquo;on s&rsquo;arr\u00eate \u00e0 ce qui s&rsquo;est pass\u00e9 hier\u00a0\u00bb car \u00ab\u00a0ce serait effectivement assumer que l&rsquo;Europe n&rsquo;est pas une puissance \u00e9conomique\u00a0\u00bb.<\/p>\n<p data-module=\"article-paragraph\" class=\"jsx-3046738180 Paragraph Paragraph__End\">\u00c0 noter qu&rsquo;\u00e0 l&rsquo;\u00e9tranger, les avis sur ces nouvelles r\u00e8gles commerciales sont aussi tr\u00e8s partag\u00e9es.\u00a0<\/p>\n<p>M.G avec AFP<\/p>\n","protected":false},"excerpt":{"rendered":"Les \u00c9tats-Unis et l&rsquo;Union europ\u00e9enne ont sign\u00e9 dimanche 27 juillet un nouvel accord commercial, rehaussant notamment \u00e0 15%&hellip;\n","protected":false},"author":2,"featured_media":279344,"comment_status":"","ping_status":"","sticky":false,"template":"","format":"standard","meta":{"footnotes":""},"categories":[1589],"tags":[1111,11,1921,75,73,1866,431,1922,3078,12,364,1864,1865,2544,1863,308,133,1920],"class_list":{"0":"post-279343","1":"post","2":"type-post","3":"status-publish","4":"format-standard","5":"has-post-thumbnail","7":"category-etats-unis","8":"tag-actu","9":"tag-actualites","10":"tag-article-video","11":"tag-donald-trump","12":"tag-etats-unis","13":"tag-etats-unis-damerique","14":"tag-francois-bayrou","15":"tag-info","16":"tag-la-guerre-commerciale-de-donald-trump-contre-le-reste-du-monde","17":"tag-news","18":"tag-union-europeenne","19":"tag-united-states","20":"tag-united-states-of-america","21":"tag-ursula-von-der-leyen","22":"tag-us","23":"tag-usa","24":"tag-video","25":"tag-video-international"},"share_on_mastodon":{"url":"https:\/\/pubeurope.com\/@fr\/114930387777809769","error":""},"_links":{"self":[{"href":"https:\/\/www.europesays.com\/fr\/wp-json\/wp\/v2\/posts\/279343","targetHints":{"allow":["GET"]}}],"collection":[{"href":"https:\/\/www.europesays.com\/fr\/wp-json\/wp\/v2\/posts"}],"about":[{"href":"https:\/\/www.europesays.com\/fr\/wp-json\/wp\/v2\/types\/post"}],"author":[{"embeddable":true,"href":"https:\/\/www.europesays.com\/fr\/wp-json\/wp\/v2\/users\/2"}],"replies":[{"embeddable":true,"href":"https:\/\/www.europesays.com\/fr\/wp-json\/wp\/v2\/comments?post=279343"}],"version-history":[{"count":0,"href":"https:\/\/www.europesays.com\/fr\/wp-json\/wp\/v2\/posts\/279343\/revisions"}],"wp:featuredmedia":[{"embeddable":true,"href":"https:\/\/www.europesays.com\/fr\/wp-json\/wp\/v2\/media\/279344"}],"wp:attachment":[{"href":"https:\/\/www.europesays.com\/fr\/wp-json\/wp\/v2\/media?parent=279343"}],"wp:term":[{"taxonomy":"category","embeddable":true,"href":"https:\/\/www.europesays.com\/fr\/wp-json\/wp\/v2\/categories?post=279343"},{"taxonomy":"post_tag","embeddable":true,"href":"https:\/\/www.europesays.com\/fr\/wp-json\/wp\/v2\/tags?post=279343"}],"curies":[{"name":"wp","href":"https:\/\/api.w.org\/{rel}","templated":true}]}}