{"id":279347,"date":"2025-07-28T10:29:13","date_gmt":"2025-07-28T10:29:13","guid":{"rendered":"https:\/\/www.europesays.com\/fr\/279347\/"},"modified":"2025-07-28T10:29:13","modified_gmt":"2025-07-28T10:29:13","slug":"de-lallemagne-a-litalie-et-la-france-les-effets-divers-des-taxes-americaines","status":"publish","type":"post","link":"https:\/\/www.europesays.com\/fr\/279347\/","title":{"rendered":"De l\u2019Allemagne \u00e0 l\u2019Italie et la France, les effets divers des taxes am\u00e9ricaines"},"content":{"rendered":"<p>Le pr\u00e9sident am\u00e9ricain Donald Trump a annonc\u00e9 dimanche des droits de douane \u00e0 15% pour tous les pays de l\u2019Union europ\u00e9enne (UE) mais ceux-ci, plus ou moins exportateurs, ne seront pas p\u00e9nalis\u00e9s de la m\u00eame fa\u00e7on quand la mesure entrera en vigueur le 1er\u00a0ao\u00fbt.<\/p>\n<p>En valeur, c\u2019est de loin l\u2019Allemagne qui au sein de l\u2019Union europ\u00e9enne exporte le plus de marchandises vers les Etats-Unis, pour un montant de 161,2\u00a0milliards de dollars en 2024, suivie par l\u2019Irlande et l\u2019Italie, respectivement 72 et 64\u00a0milliards de dollars, selon des donn\u00e9es Eurostat.<\/p>\n<p>Selon Eurostat, 20% des biens export\u00e9s depuis l\u2019UE le sont \u00e0 destination des Etats-Unis.<\/p>\n<p>L\u2019UE dans son ensemble a d\u00e9gag\u00e9 un exc\u00e9dent commercial vis-\u00e0-vis des Etats-Unis de 235,6\u00a0milliards de dollars (201,5\u00a0milliards d\u2019euros, 188,2\u00a0milliards de francs), selon le Bureau d\u2019analyse \u00e9conomique (BEA), qui d\u00e9pend du d\u00e9partement am\u00e9ricain du Commerce et qui a publi\u00e9 ses statistiques pour 2024 d\u00e9but f\u00e9vrier. Seule la Chine affiche un montant sup\u00e9rieur.<\/p>\n<p><strong>Notre article de dimanche:<\/strong> <a href=\"https:\/\/www.letemps.ch\/monde\/entre-deux-parties-de-golf-en-ecosse-donald-trump-impose-des-droits-de-douane-de-15-a-l-ue\" rel=\"nofollow noopener\" target=\"_blank\">Entre deux parties de golf en Ecosse, Donald Trump impose des droits de douane de 15% \u00e0 l\u2019UE<\/a><\/p>\n<p>L\u2019Irlande, le cas particulier<\/p>\n<p>L\u2019Irlande enregistre l\u2019exc\u00e9dent commercial le plus large des membres de l\u2019UE avec 86,7\u00a0milliards de dollars en valeur. C\u2019est aux Etats-Unis que l\u2019Irlande exporte plus du quart de ses produits.<\/p>\n<p>Cela s\u2019explique notamment par l\u2019implantation en Irlande de grands groupes am\u00e9ricains, notamment pharmaceutiques, comme Pfizer, Eli Lilly ou Johnson &amp; Johnson qui se sont install\u00e9s dans ce pays d\u2019Europe pour y b\u00e9n\u00e9ficier d\u2019un imp\u00f4t \u00e0 15% sur les grandes soci\u00e9t\u00e9s, contre 21% aux Etats-Unis. Ces soci\u00e9t\u00e9s peuvent ainsi h\u00e9berger leurs brevets en Irlande et vendre sur le march\u00e9 am\u00e9ricain, o\u00f9 les prix des m\u00e9dicaments sont traditionnellement plus \u00e9lev\u00e9s que dans le reste du monde. Donald Trump a pr\u00e9cis\u00e9 dimanche que le secteur pharmaceutique ne b\u00e9n\u00e9ficierait pas d\u2019un traitement particulier.<\/p>\n<p>L\u2019Irlande accueille par ailleurs sur son sol la plupart des si\u00e8ges europ\u00e9ens des g\u00e9ants am\u00e9ricains de la \u00abtech\u00bb, comme Apple, Google ou Meta, \u00e9galement s\u00e9duits par la fiscalit\u00e9 irlandaise attractive.<\/p>\n<p>L\u2019Allemagne, la plus expos\u00e9e<\/p>\n<p>Premi\u00e8re \u00e9conomie de l\u2019UE, l\u2019Allemagne a d\u00e9gag\u00e9 en 2024 un exc\u00e9dent commercial record avec les Etats-Unis atteignant 84,8\u00a0milliards de dollars.<\/p>\n<p>Les Etats-Unis absorbent \u00e0 eux seuls 10,5% des exportations allemandes, selon l\u2019office de statistiques allemand Destatis. Les Am\u00e9ricains se montrent friands des marques automobiles venues d\u2019Allemagne, mais aussi de machines-outils et de produits pharmaceutiques \u00abMade in Germany\u00bb.<\/p>\n<p>La banque centrale allemande a averti en d\u00e9but d\u2019ann\u00e9e que l\u2019imposition de droits de douane am\u00e9ricains sur les produits allemands pourrait r\u00e9duire de 1% le produit int\u00e9rieur brut du pays.<\/p>\n<p><strong>D\u00e9couvrez<\/strong> <a href=\"https:\/\/www.letemps.ch\/economie\/droits-de-douane-trump-2025-le-vrai-cout-apres-six-mois-revele-en-graphiques?utm_source=Les+newsletters+du+Temps&amp;utm_campaign=2266c98167-EMAIL_CAMPAIGN_2025_07_28_04_00&amp;utm_medium=email&amp;utm_term=0_56c41a402e-2266c98167-109750221\" rel=\"nofollow noopener\" target=\"_blank\">notre analyse en graphiques de six mois de batailles commerciales<\/a><\/p>\n<p>L\u2019Italie et la France, avec un moindre impact<\/p>\n<p>L\u2019Italie et la France, avec respectivement 44\u00a0milliards de dollars et 16,4\u00a0milliards de dollars d\u2019exc\u00e9dent selon les Am\u00e9ricains (mais pour la France un d\u00e9ficit de quelques milliards, selon les statistiques des douanes), seraient vraisemblablement moins touch\u00e9es.<\/p>\n<p>Toutefois, l\u2019impact varie d\u2019un secteur d\u2019activit\u00e9 \u00e0 l\u2019autre au sein de chacune de ces deux \u00e9conomies. L\u2019agroalimentaire et les produits viticoles en particulier seraient affect\u00e9s dans les deux pays. Les Am\u00e9ricains ont l\u2019habitude de consommer des produits \u00abMade in France\u00bb et \u00abMade in Italy\u00bb mais pourraient en raffoler nettement moins si les prix grimpent pour tenir compte des droits de douane.<\/p>\n<p>Le secteur fran\u00e7ais du luxe (parfums, maroquinerie,\u00a0etc.) est \u00e9galement tr\u00e8s expos\u00e9. Pour le num\u00e9ro un mondial du luxe LVMH, un droit de douane de 15% \u00abserait un bon r\u00e9sultat\u00bb, avait fait savoir le groupe jeudi en publiant ses r\u00e9sultats semestriels, marqu\u00e9s par une chute du b\u00e9n\u00e9fice net et des ventes. Il pense pouvoir compenser en augmentant ses prix et en optimisant sa production, notamment aux Etats-Unis.<\/p>\n<p>L\u2019Autriche et la Su\u00e8de aussi concern\u00e9es<\/p>\n<p>L\u2019Autriche et la Su\u00e8de sont aussi en exc\u00e9dent avec les Etats-Unis, respectivement de 13,1\u00a0milliards et 9,8\u00a0milliards de dollars.<\/p>\n","protected":false},"excerpt":{"rendered":"Le pr\u00e9sident am\u00e9ricain Donald Trump a annonc\u00e9 dimanche des droits de douane \u00e0 15% pour tous les pays&hellip;\n","protected":false},"author":2,"featured_media":279348,"comment_status":"","ping_status":"","sticky":false,"template":"","format":"standard","meta":{"footnotes":""},"categories":[1587],"tags":[11,672,1804,1805,1803,75,73,1777,674,4438,1801,1074,12,1802],"class_list":{"0":"post-279347","1":"post","2":"type-post","3":"status-publish","4":"format-standard","5":"has-post-thumbnail","7":"category-allemagne","8":"tag-actualites","9":"tag-allemagne","10":"tag-bundesrepublik-deutschland","11":"tag-de","12":"tag-deutschland","13":"tag-donald-trump","14":"tag-etats-unis","15":"tag-eu","16":"tag-europe","17":"tag-free","18":"tag-germany","19":"tag-guerre-commerciale","20":"tag-news","21":"tag-republique-federale-dallemagne"},"share_on_mastodon":{"url":"https:\/\/pubeurope.com\/@fr\/114930395609522291","error":""},"_links":{"self":[{"href":"https:\/\/www.europesays.com\/fr\/wp-json\/wp\/v2\/posts\/279347","targetHints":{"allow":["GET"]}}],"collection":[{"href":"https:\/\/www.europesays.com\/fr\/wp-json\/wp\/v2\/posts"}],"about":[{"href":"https:\/\/www.europesays.com\/fr\/wp-json\/wp\/v2\/types\/post"}],"author":[{"embeddable":true,"href":"https:\/\/www.europesays.com\/fr\/wp-json\/wp\/v2\/users\/2"}],"replies":[{"embeddable":true,"href":"https:\/\/www.europesays.com\/fr\/wp-json\/wp\/v2\/comments?post=279347"}],"version-history":[{"count":0,"href":"https:\/\/www.europesays.com\/fr\/wp-json\/wp\/v2\/posts\/279347\/revisions"}],"wp:featuredmedia":[{"embeddable":true,"href":"https:\/\/www.europesays.com\/fr\/wp-json\/wp\/v2\/media\/279348"}],"wp:attachment":[{"href":"https:\/\/www.europesays.com\/fr\/wp-json\/wp\/v2\/media?parent=279347"}],"wp:term":[{"taxonomy":"category","embeddable":true,"href":"https:\/\/www.europesays.com\/fr\/wp-json\/wp\/v2\/categories?post=279347"},{"taxonomy":"post_tag","embeddable":true,"href":"https:\/\/www.europesays.com\/fr\/wp-json\/wp\/v2\/tags?post=279347"}],"curies":[{"name":"wp","href":"https:\/\/api.w.org\/{rel}","templated":true}]}}