{"id":279351,"date":"2025-07-28T10:31:10","date_gmt":"2025-07-28T10:31:10","guid":{"rendered":"https:\/\/www.europesays.com\/fr\/279351\/"},"modified":"2025-07-28T10:31:10","modified_gmt":"2025-07-28T10:31:10","slug":"droits-de-douane-la-france-juge-laccord-ue-us-desequilibre-bayrou-deplore-une-soumission","status":"publish","type":"post","link":"https:\/\/www.europesays.com\/fr\/279351\/","title":{"rendered":"Droits de douane : La France juge l&rsquo;accord UE-US \u00ab\u00a0d\u00e9s\u00e9quilibr\u00e9\u00a0\u00bb, Bayrou d\u00e9plore une \u00ab\u00a0soumission\u00a0\u00bb"},"content":{"rendered":"<p>\n                                        <b>Par<\/b><br \/>\n                                        <br \/>Reuters\n                                    <\/p>\n<p>\n                                    <b>Publi\u00e9 le<\/b><br \/>\n                                    <\/p>\n<p>                                        28 juillet 2025<\/p>\n<p class=\"article-content col-md-8 offset-md-1\">\n                                L&rsquo;accord commercial conclu dimanche entre les Etats-Unis et l&rsquo;Union europ\u00e9enne pr\u00e9sente des avantages, notamment pour certaines fili\u00e8res, mais il est d\u00e9s\u00e9quilibr\u00e9 et n&rsquo;int\u00e8gre pas un volet sur les services, estiment lundi plusieurs responsables politiques fran\u00e7ais, tandis que Fran\u00e7ois Bayrou y voit \u00ab\u00a0une soumission\u00a0\u00bb.<\/p>\n<p><img decoding=\"async\" class=\"news-image\" style=\"width:100%;\" src=\"https:\/\/www.europesays.com\/fr\/wp-content\/uploads\/2025\/07\/2dd5.jpg\" alt=\"Fran\u00e7ois Bayrou en f\u00e9vrier 2025 (Shutterstock)\" loading=\"lazy\"\/>Fran\u00e7ois Bayrou en f\u00e9vrier 2025 (Shutterstock) <\/p>\n<p>\u00ab\u00a0C&rsquo;est un jour sombre que celui o\u00f9 une alliance de peuples libres, rassembl\u00e9s pour affirmer leurs valeurs et d\u00e9fendre leurs int\u00e9r\u00eats, se r\u00e9sout \u00e0 la soumission\u00a0\u00bb, \u00e9crit le chef du gouvernement sur le r\u00e9seau social X.<\/p>\n<p>\u00ab\u00a0L&rsquo;accord commercial n\u00e9goci\u00e9 par la Commission Europ\u00e9enne avec les Etats-Unis apportera une stabilit\u00e9 temporaire aux acteurs \u00e9conomiques menac\u00e9s par l&rsquo;escalade douani\u00e8re am\u00e9ricaine, mais il est d\u00e9s\u00e9quilibr\u00e9\u00a0\u00bb, \u00e9crit pour sa part Benjamin Haddad, ministre fran\u00e7ais d\u00e9l\u00e9gu\u00e9 charg\u00e9 de l&rsquo;Europe, sur X.<\/p>\n<p class=\"col-md-8 offset-md-1 article-content--texte\">Invit\u00e9 lundi de France Inter, Laurent Saint-Martin, ministre d\u00e9l\u00e9gu\u00e9 aupr\u00e8s du ministre de l&rsquo;Europe et des Affaires \u00e9trang\u00e8res, charg\u00e9 du Commerce ext\u00e9rieur et des Fran\u00e7ais de l&rsquo;\u00e9tranger, a abond\u00e9 dans le m\u00eame sens.<\/p>\n<p>\u00ab\u00a0La bonne nouvelle ce matin, c&rsquo;est qu&rsquo;il y a un accord et que donc nos entreprises ont de la visibilit\u00e9. Et donc il y a de la stabilit\u00e9 d\u00e9sormais dans la relation transatlantique commerciale pour l&rsquo;investissement entre l&rsquo;Union europ\u00e9enne et les Etats-Unis\u00a0\u00bb, a-t-il dit, soulignant que les entreprises redoutaient que cette incertitude se transforme en incapacit\u00e9 d&rsquo;investir.<\/p>\n<p>Les Etats-Unis et l&rsquo;Union europ\u00e9enne (UE) ont conclu dimanche un accord commercial instaurant des droits de douane de 15% sur la plupart des produits des 27 \u00c9tats membres alors que le pr\u00e9sident <a class=\"fnwAddLinks\" href=\"https:\/\/tn.fashionnetwork.com\/tags-donald-trump\" title=\"Donald Trump\" target=\"_blank\" rel=\"noopener\">Donald Trump<\/a> mena\u00e7ait d&rsquo;imposer des surtaxes de 30% sur les exportations europ\u00e9ennes \u00e0 compter du 1er ao\u00fbt.<\/p>\n<p>L&rsquo;accord-cadre entre l&rsquo;Union europ\u00e9enne et les Etats-Unis reste cependant \u00e0 ce stade encore flou et plusieurs ministres fran\u00e7ais ont insist\u00e9 sur la n\u00e9cessit\u00e9 de l&rsquo;am\u00e9liorer.<\/p>\n<p>\u00ab\u00a0Cet accord n&rsquo;est pas \u00e9quilibr\u00e9 et donc il va nous falloir continuer \u00e0 travailler, notamment sur la partie service. Finalement, cet accord concerne essentiellement les biens, les taxations sur les biens, sur les produits manufactur\u00e9s, et je crois qu&rsquo;il y a beaucoup de travail \u00e0 faire aussi sur un autre d\u00e9s\u00e9quilibre commercial que parfois Donald Trump oublie de citer qui est celui des services et notamment des services num\u00e9riques\u00a0\u00bb, a d\u00e9clar\u00e9 Laurent Saint-Martin, toujours sur RTL.<\/p>\n<p>Sur le r\u00e9seau social X, Benjamin Haddad a not\u00e9 que l&rsquo;accord avait \u00ab\u00a0le m\u00e9rite d&rsquo;exempter de droits de douane des secteurs cl\u00e9s pour l&rsquo;\u00e9conomie fran\u00e7aise (a\u00e9ronautique, spiritueux, m\u00e9dicaments)\u00a0\u00bb, sans plus de pr\u00e9cisions.<\/p>\n<p>Interrog\u00e9 sur le sujet, Laurent Saint-Martin s&rsquo;est montr\u00e9 plus prudent, affirmant que \u00ab\u00a0les spiritueux devraient effectivement \u00eatre dans l&rsquo;accord.\u00a0\u00bb Il a toutefois soulign\u00e9 que ces exemptions sectorielles \u00e9taient tr\u00e8s importantes pour la France, jugeant le secteur de l&rsquo;a\u00e9ronautique essentiel pour la balance commerciale de l&rsquo;Hexagone.<\/p>\n<p>Marc Ferracci a montr\u00e9 la m\u00eame prudence sur les secteurs susceptibles d&rsquo;\u00e9chapper aux nouveaux droits douane.<\/p>\n<p>\u00ab\u00a0Certaines fili\u00e8res importantes pour l&rsquo;industrie europ\u00e9enne, comme l&rsquo;a\u00e9ronautique, comme les spiritueux, devraient \u00eatre exempt\u00e9es\u00a0\u00bb, a-t-il dit sur RTL.<\/p>\n<p>\u00ab\u00a0Nous aurons les d\u00e9tails de cet accord dans la journ\u00e9e. Ensuite, une n\u00e9gociation technique aura lieu dans les prochaines semaines\u00a0\u00bb, a-t-il ajout\u00e9.<\/p>\n<p>Les discussions se poursuivent concernant d&rsquo;\u00e9ventuelles exemptions sur les droits de douane pour les secteurs des vins et spiritueux, a d\u00e9clar\u00e9 lundi un responsable de la Commission europ\u00e9enne.<\/p>\n<p>Il a ajout\u00e9 que les discussions \u00e0 ce sujet \u00e9taient plus avanc\u00e9es dans la fili\u00e8re des spiritueux, par opposition \u00e0 la fili\u00e8re vinicole.<\/p>\n<p class=\"col-md-10 exergue\">\u00ab\u00a0Pas grand-chise de nouveau\u00a0\u00bb sur les achats<\/p>\n<p>L&rsquo;accord entre Washington et Bruxelles pr\u00e9voit \u00e9galement, selon Donald Trump, 600 milliards de dollars d&rsquo;investissements de l&rsquo;UE aux Etats-Unis, ainsi que l&rsquo;achat par le bloc communautaire d&rsquo;\u00e9nergie &#8211; pour 750 milliards de dollars &#8211; et d&rsquo;\u00e9quipements militaires am\u00e9ricains.<\/p>\n<p>Ce volet n&rsquo;est en r\u00e9alit\u00e9 pas nouveau et correspond \u00e0 des engagements d\u00e9j\u00e0 pris dans le pass\u00e9, a not\u00e9 Laurent Saint-Martin.<\/p>\n<p>\u00ab\u00a0Ce sont, honn\u00eatement, des accords d&rsquo;achats qui correspondent peu ou prou \u00e0 ce que les \u00e9nerg\u00e9ticiens avaient d\u00e9j\u00e0 accord\u00e9 entre eux-m\u00eames. Donc il n&rsquo;y a pas grand-chose de nouveau pour \u00eatre honn\u00eate sur ces engagements d&rsquo;achat\u00a0\u00bb, a-t-il dit.<\/p>\n<p>\u00ab\u00a0Le GNL am\u00e9ricain permet aussi de se sortir du gaz russe. Ce sont aussi des choses dans l&rsquo;int\u00e9r\u00eat de l&rsquo;Union europ\u00e9enne \u00e0 ce niveau-l\u00e0. Des investissements europ\u00e9ens aux Etats-Unis, c&rsquo;est pas une mauvaise nouvelle en soi. Nous, on a besoin d&rsquo;entreprises fran\u00e7aises qui investissent sur le territoire am\u00e9ricain et inversement\u00a0\u00bb.<\/p>\n<p>\u00ab\u00a0Cette partie-l\u00e0 de l&rsquo;accord elle-m\u00eame est franchement bonne en fait\u00a0\u00bb, a-t-il conclu.<\/p>\n<p>(R\u00e9dig\u00e9 par Claude Chendjou, avec Kate Abnett, Phil Blenkinsop, Sudip Kar-Gupta, Michel Rose, Sudip Kar-Gupta et Camille Raynaud, \u00e9dit\u00e9 par Kate Entringer et Augustin Turpin)\n                            <\/p>\n<p>\n                                \u00a9 Thomson Reuters 2025 All rights reserved.\n                            <\/p>\n","protected":false},"excerpt":{"rendered":"Par Reuters Publi\u00e9 le 28 juillet 2025 L&rsquo;accord commercial conclu dimanche entre les Etats-Unis et l&rsquo;Union europ\u00e9enne pr\u00e9sente&hellip;\n","protected":false},"author":2,"featured_media":279352,"comment_status":"","ping_status":"","sticky":false,"template":"","format":"standard","meta":{"footnotes":""},"categories":[1586],"tags":[11,2424,537,2423,75,1777,674,1779,1011,27,2425,985,12,2298,2426,2427,25,2421,2422,1778,364],"class_list":{"0":"post-279351","1":"post","2":"type-post","3":"status-publish","4":"format-standard","5":"has-post-thumbnail","7":"category-europe","8":"tag-actualites","9":"tag-beaute","10":"tag-contact","11":"tag-cosmetiques","12":"tag-donald-trump","13":"tag-eu","14":"tag-europe","15":"tag-european-union","16":"tag-fr","17":"tag-france","18":"tag-luxe","19":"tag-mode","20":"tag-news","21":"tag-parfum","22":"tag-professionnel","23":"tag-professionnels","24":"tag-republique-francaise","25":"tag-reseau","26":"tag-textile","27":"tag-ue","28":"tag-union-europeenne"},"share_on_mastodon":{"url":"https:\/\/pubeurope.com\/@fr\/114930403465279162","error":""},"_links":{"self":[{"href":"https:\/\/www.europesays.com\/fr\/wp-json\/wp\/v2\/posts\/279351","targetHints":{"allow":["GET"]}}],"collection":[{"href":"https:\/\/www.europesays.com\/fr\/wp-json\/wp\/v2\/posts"}],"about":[{"href":"https:\/\/www.europesays.com\/fr\/wp-json\/wp\/v2\/types\/post"}],"author":[{"embeddable":true,"href":"https:\/\/www.europesays.com\/fr\/wp-json\/wp\/v2\/users\/2"}],"replies":[{"embeddable":true,"href":"https:\/\/www.europesays.com\/fr\/wp-json\/wp\/v2\/comments?post=279351"}],"version-history":[{"count":0,"href":"https:\/\/www.europesays.com\/fr\/wp-json\/wp\/v2\/posts\/279351\/revisions"}],"wp:featuredmedia":[{"embeddable":true,"href":"https:\/\/www.europesays.com\/fr\/wp-json\/wp\/v2\/media\/279352"}],"wp:attachment":[{"href":"https:\/\/www.europesays.com\/fr\/wp-json\/wp\/v2\/media?parent=279351"}],"wp:term":[{"taxonomy":"category","embeddable":true,"href":"https:\/\/www.europesays.com\/fr\/wp-json\/wp\/v2\/categories?post=279351"},{"taxonomy":"post_tag","embeddable":true,"href":"https:\/\/www.europesays.com\/fr\/wp-json\/wp\/v2\/tags?post=279351"}],"curies":[{"name":"wp","href":"https:\/\/api.w.org\/{rel}","templated":true}]}}