{"id":279353,"date":"2025-07-28T10:32:12","date_gmt":"2025-07-28T10:32:12","guid":{"rendered":"https:\/\/www.europesays.com\/fr\/279353\/"},"modified":"2025-07-28T10:32:12","modified_gmt":"2025-07-28T10:32:12","slug":"3-morts-et-2-diparus-selon-un-nouveau-bilan","status":"publish","type":"post","link":"https:\/\/www.europesays.com\/fr\/279353\/","title":{"rendered":"3 morts et 2 diparus, selon un nouveau bilan"},"content":{"rendered":"<p class=\"article-p mdl\">Trois personnes sont mortes et deux autres sont toujours port\u00e9es disparues apr\u00e8s un incendie dans un g\u00eete accueillant des adultes en situation de handicap en Charente, a annonc\u00e9 ce lundi 28 juillet la pr\u00e9fecture du d\u00e9partement dans un nouveau bilan.<\/p>\n<p class=\"article-p mdl\">Quatre autres personnes ont \u00e9t\u00e9 \u00ab\u00a0\u00e9vacu\u00e9es vers le centre hospitalier, dont <strong>une personne en urgence absolue<\/strong>\u00ab\u00a0, ajoute la pr\u00e9fecture\u00a0dans un communiqu\u00e9. Elle pr\u00e9cise que le feu s&rsquo;est d\u00e9clar\u00e9 vers 4h30 du matin sur la commune de Montmoreau, au sud d&rsquo;Angoul\u00eame.\u00a0<\/p>\n<p class=\"article-p mdl\">Au total, <strong>14 adultes \u00e2g\u00e9s de 20 \u00e0 75 ans se trouvaient dans le b\u00e2timent<\/strong> au moment de l&rsquo;incendie : huit personnes souffrant d&rsquo;un handicap mental et quatre encadrants, pr\u00e9sents pour un s\u00e9jour d&rsquo;une semaine, et les deux propri\u00e9taires, selon le secr\u00e9taire g\u00e9n\u00e9ral de la pr\u00e9fecture et sous-pr\u00e9fet d&rsquo;Angoul\u00eame, Jean-Charles Jobart.\u00a0<\/p>\n<p class=\"article-p mdl\">Selon une source gendarmerie, l&rsquo;incendie serait d\u00fb \u00e0 un dysfonctionnement de l&rsquo;installation \u00e9lectrique.\u00a0<\/p>\n<p class=\"article-p mdl\">85 pompiers accompagn\u00e9s de 25 v\u00e9hicules ont \u00e9t\u00e9 engag\u00e9s pour venir \u00e0 bout de l&rsquo;incendie qui a d\u00e9truit 300 m\u00b2 d&rsquo;un b\u00e2timent de 700 m\u00b2.\u00a0<\/p>\n<p class=\"article-p mdl\"><strong>Le b\u00e2timent incendi\u00e9 est un ancien corps de ferme<\/strong> et avait \u00ab\u00a0le label pour accueillir des personnes handicap\u00e9es pendant la p\u00e9riode des vacances\u00a0\u00bb, a indiqu\u00e9 \u00e0 l&rsquo;AFP Jean-Michel Bolvin, maire de cette commune d&rsquo;environ 2.400 habitants.\u00a0\u00a0<\/p>\n<p class=\"article-p mdl\">Cet incendie survient un peu moins de deux ans apr\u00e8s celui qui avait fait 11 morts dans une ancienne grange transform\u00e9e en g\u00eete accueillant des personnes en situation de handicap l\u00e9ger \u00e0 Wintzenheim (Haut-Rhin), pr\u00e8s de Colmar. Dix adultes en situation de handicap et un accompagnateur avaient p\u00e9ri dans le sinistre.\u00a0\u00a0<\/p>\n<p>    La r\u00e9daction vous recommande<\/p>\n<p class=\"s-newsletter__title\">\n                L\u2019actualit\u00e9 par la r\u00e9daction de RTL dans votre bo\u00eete mail.\n            <\/p>\n<p class=\"s-newsletter__subtitle\">\n                Gr\u00e2ce \u00e0 votre compte RTL abonnez-vous \u00e0 la newsletter RTL info pour suivre toute l&rsquo;actualit\u00e9 au quotidien\n            <\/p>\n<p>\n                                    Lire la suite\n                                <\/p>\n","protected":false},"excerpt":{"rendered":"Trois personnes sont mortes et deux autres sont toujours port\u00e9es disparues apr\u00e8s un incendie dans un g\u00eete accueillant&hellip;\n","protected":false},"author":2,"featured_media":279354,"comment_status":"","ping_status":"","sticky":false,"template":"","format":"standard","meta":{"footnotes":""},"categories":[2],"tags":[11,898,7478,118,107,1011,27,1310,12,25],"class_list":{"0":"post-279353","1":"post","2":"type-post","3":"status-publish","4":"format-standard","5":"has-post-thumbnail","7":"category-actualites","8":"tag-actualites","9":"tag-alerte","10":"tag-charente","11":"tag-faits-divers","12":"tag-fil-info","13":"tag-fr","14":"tag-france","15":"tag-incendie","16":"tag-news","17":"tag-republique-francaise"},"share_on_mastodon":{"url":"https:\/\/pubeurope.com\/@fr\/114930407456362868","error":""},"_links":{"self":[{"href":"https:\/\/www.europesays.com\/fr\/wp-json\/wp\/v2\/posts\/279353","targetHints":{"allow":["GET"]}}],"collection":[{"href":"https:\/\/www.europesays.com\/fr\/wp-json\/wp\/v2\/posts"}],"about":[{"href":"https:\/\/www.europesays.com\/fr\/wp-json\/wp\/v2\/types\/post"}],"author":[{"embeddable":true,"href":"https:\/\/www.europesays.com\/fr\/wp-json\/wp\/v2\/users\/2"}],"replies":[{"embeddable":true,"href":"https:\/\/www.europesays.com\/fr\/wp-json\/wp\/v2\/comments?post=279353"}],"version-history":[{"count":0,"href":"https:\/\/www.europesays.com\/fr\/wp-json\/wp\/v2\/posts\/279353\/revisions"}],"wp:featuredmedia":[{"embeddable":true,"href":"https:\/\/www.europesays.com\/fr\/wp-json\/wp\/v2\/media\/279354"}],"wp:attachment":[{"href":"https:\/\/www.europesays.com\/fr\/wp-json\/wp\/v2\/media?parent=279353"}],"wp:term":[{"taxonomy":"category","embeddable":true,"href":"https:\/\/www.europesays.com\/fr\/wp-json\/wp\/v2\/categories?post=279353"},{"taxonomy":"post_tag","embeddable":true,"href":"https:\/\/www.europesays.com\/fr\/wp-json\/wp\/v2\/tags?post=279353"}],"curies":[{"name":"wp","href":"https:\/\/api.w.org\/{rel}","templated":true}]}}