{"id":279361,"date":"2025-07-28T10:37:13","date_gmt":"2025-07-28T10:37:13","guid":{"rendered":"https:\/\/www.europesays.com\/fr\/279361\/"},"modified":"2025-07-28T10:37:13","modified_gmt":"2025-07-28T10:37:13","slug":"le-club-en-balance-avec-pau-pour-soffrir-le-successeur-de-lucu","status":"publish","type":"post","link":"https:\/\/www.europesays.com\/fr\/279361\/","title":{"rendered":"le club en balance avec Pau pour s\u2019offrir le successeur de Lucu ?"},"content":{"rendered":"<p>Son nom risque d\u2019agiter la rubrique transfert au cours des prochains mois. En juin prochain, Baptiste Jauneau arrive en fin de contrat avec l\u2019ASM Clermont Auvergne. Form\u00e9 chez les Jaunards, le demi de m\u00eal\u00e9e s\u2019est impos\u00e9 comme l\u2019une des plus grandes promesses \u00e0 son poste en Top 14. S\u00e9lectionn\u00e9 lors de la tourn\u00e9e en Nouvelle-Z\u00e9lande, l\u2019international fran\u00e7ais ne sait pas encore de quoi sera fait son avenir, alors que les pistes se multiplient.<\/p>\n<p>Pau et l\u2019UBB sur le coup<\/p>\n<p>Clermont entend \u00e9videmment conserver sa p\u00e9pite et lui aurait transmis une importante offre de prolongation, comme le souligne <a href=\"https:\/\/www.rugbyrama.fr\/2025\/07\/27\/transfertstop-14-gailleton-menoncello-nouchi-les-gros-dossiers-du-marche-12847260.php\" rel=\"nofollow noopener\" target=\"_blank\">Rugbyrama<\/a>. Seulement, deux clubs de Top 14 seraient aussi sur les rangs pour le r\u00e9cup\u00e9rer.<\/p>\n<p>L\u2019Union Bordeaux-B\u00e8gles est \u00e0 la recherche d\u2019un successeur et d\u2019un concurrent \u00e0 Maxime Lucu, alors que Martin Page-Relo va arriver lors de l\u2019intersaison. En plus de l\u2019UBB, la Section Paloise est bien plac\u00e9e dans la course et alors que Thibault Daubagna sera libre en fin de saison. Affaire \u00e0 suivre.<\/p>\n<p>Partagez cette info avec vos amis et vos proches en cliquant ici<br \/>Pour r\u00e9sumer<\/p>\n<p>L\u2019Union Bordeaux-B\u00e8gles s\u2019int\u00e9resse de pr\u00e8s \u00e0 un talentueux demi de m\u00eal\u00e9e fran\u00e7ais. La Section Paloise esp\u00e8re \u00e9galement r\u00e9cup\u00e9rer cet international, en fin de contrat en 2026. Baptiste Jauneau devrait animer le march\u00e9.<\/p>\n<p> <img decoding=\"async\" width=\"76\" height=\"76\" loading=\"lazy\" src=\"https:\/\/www.europesays.com\/fr\/wp-content\/uploads\/2025\/04\/avatar-quinze.png\" alt=\"Arnaud D\u00e9chelotte\"\/><\/p>\n","protected":false},"excerpt":{"rendered":"Son nom risque d\u2019agiter la rubrique transfert au cours des prochains mois. En juin prochain, Baptiste Jauneau arrive&hellip;\n","protected":false},"author":2,"featured_media":279362,"comment_status":"","ping_status":"","sticky":false,"template":"","format":"standard","meta":{"footnotes":""},"categories":[1416],"tags":[1011,27,479,1468,60],"class_list":{"0":"post-279361","1":"post","2":"type-post","3":"status-publish","4":"format-standard","5":"has-post-thumbnail","7":"category-rugby","8":"tag-fr","9":"tag-france","10":"tag-rugby","11":"tag-rugby-football","12":"tag-sports"},"share_on_mastodon":{"url":"https:\/\/pubeurope.com\/@fr\/114930427313591146","error":""},"_links":{"self":[{"href":"https:\/\/www.europesays.com\/fr\/wp-json\/wp\/v2\/posts\/279361","targetHints":{"allow":["GET"]}}],"collection":[{"href":"https:\/\/www.europesays.com\/fr\/wp-json\/wp\/v2\/posts"}],"about":[{"href":"https:\/\/www.europesays.com\/fr\/wp-json\/wp\/v2\/types\/post"}],"author":[{"embeddable":true,"href":"https:\/\/www.europesays.com\/fr\/wp-json\/wp\/v2\/users\/2"}],"replies":[{"embeddable":true,"href":"https:\/\/www.europesays.com\/fr\/wp-json\/wp\/v2\/comments?post=279361"}],"version-history":[{"count":0,"href":"https:\/\/www.europesays.com\/fr\/wp-json\/wp\/v2\/posts\/279361\/revisions"}],"wp:featuredmedia":[{"embeddable":true,"href":"https:\/\/www.europesays.com\/fr\/wp-json\/wp\/v2\/media\/279362"}],"wp:attachment":[{"href":"https:\/\/www.europesays.com\/fr\/wp-json\/wp\/v2\/media?parent=279361"}],"wp:term":[{"taxonomy":"category","embeddable":true,"href":"https:\/\/www.europesays.com\/fr\/wp-json\/wp\/v2\/categories?post=279361"},{"taxonomy":"post_tag","embeddable":true,"href":"https:\/\/www.europesays.com\/fr\/wp-json\/wp\/v2\/tags?post=279361"}],"curies":[{"name":"wp","href":"https:\/\/api.w.org\/{rel}","templated":true}]}}