{"id":279365,"date":"2025-07-28T10:40:16","date_gmt":"2025-07-28T10:40:16","guid":{"rendered":"https:\/\/www.europesays.com\/fr\/279365\/"},"modified":"2025-07-28T10:40:16","modified_gmt":"2025-07-28T10:40:16","slug":"quartararo-entre-bilan-doux-amer-et-volonte-de-donner-100","status":"publish","type":"post","link":"https:\/\/www.europesays.com\/fr\/279365\/","title":{"rendered":"Quartararo entre bilan \u00ab\u00a0doux-amer\u00a0\u00bb et volont\u00e9 de \u00ab\u00a0donner 100%\u00a0\u00bb"},"content":{"rendered":"<p>Cela fait maintenant trois ans que <a href=\"https:\/\/fr.motorsport.com\/driver\/fabio-quartararo\/109400\/\" target=\"_blank\" rel=\"noopener\">Fabio Quartararo<\/a> court apr\u00e8s la victoire. Titr\u00e9 en 2022, le Fran\u00e7ais a subi la d\u00e9gringolade de Yamaha dans la hi\u00e9rarchie d\u00e8s l&rsquo;ann\u00e9e suivante, au moment o\u00f9 Ducati prenait le pouvoir, avant de franchement perdre le contact avec les leaders lors des deux derni\u00e8res saisons. Convaincu par le projet de relance de la marque, il s&rsquo;est r\u00e9engag\u00e9 jusqu&rsquo;\u00e0 fin 2026, mais la premi\u00e8re moiti\u00e9 du championnat 2025 a apport\u00e9 des r\u00e9sultats contrast\u00e9s.<\/p>\n<p>Quartararo a certes pu profiter d&rsquo;une M1 performance sur un tour, ce qui lui a m\u00eame permis de d\u00e9crocher quatre poles, alors qu&rsquo;il n&rsquo;en avait plus obtenu depuis d\u00e9but 2022. Mais il a souvent eu plus de difficult\u00e9 en course, avec une Yamaha qui tend \u00e0 d\u00e9grader son pneu arri\u00e8re. Le bilan peut n\u00e9anmoins \u00eatre positif\u00a0:\u00a0apr\u00e8s 12 Grands Prix, il a inscrit un total de 102 points, tr\u00e8s exactement le double qu&rsquo;au m\u00eame stade il y a un an, et a pu retrouver le podium \u00e0 Jerez et d\u00e9crocher sa premi\u00e8re m\u00e9daille en sprint au Sachsenring.<\/p>\n<p>\u00ab\u00a0Les premiers Grands Prix ont clairement \u00e9t\u00e9 le bordel\u00a0\u00bb, a estim\u00e9 Quartararo interrog\u00e9 par le site officiel du MotoGP. \u00ab\u00a0Ensuite, on a \u00e9lev\u00e9 le niveau avec des poles positions, un podium. On a eu vraiment de bonnes courses et le rythme \u00e9tait l\u00e0. Au Mans et \u00e0 Silverstone, on a rencontr\u00e9 des soucis. Une premi\u00e8re moiti\u00e9 de saison douce-am\u00e8re.\u00a0\u00bb<\/p>\n<p>Paolo Pavesio, devenu responsable de Yamaha en comp\u00e9tition cette ann\u00e9e, a livr\u00e9 le m\u00eame bilan contrast\u00e9, mais en insistant sur le positif.\u00a0\u00ab\u00a0Nous avons des sentiments partag\u00e9s\u00a0\u00bb, a confi\u00e9 l&rsquo;Italien en conf\u00e9rence de presse au Sachsenring. \u00ab\u00a0Il est certain que nous exploitons au maximum les opportunit\u00e9s que nous avons en termes de d\u00e9veloppement, nous tirons de clairs b\u00e9n\u00e9fices du fait d&rsquo;avoir une \u00e9quipe satellite. Mais nous avons des sentiments partag\u00e9s car le potentiel que nous exprimons est plus \u00e9lev\u00e9 que les r\u00e9sultats que nous obtenons. Mais c&rsquo;est la course, ce qui compte c&rsquo;est ce que l&rsquo;on obtient \u00e0 la fin de chaque course. Pour autant, les performances s&rsquo;am\u00e9liorent, et avec elles les attentes augmentent aussi.\u00a0\u00bb<\/p>\n<p>\u00ab\u00a0On retient les pole positions, qu&rsquo;on est rapides, on sait le potentiel qu&rsquo;on a sur un tour\u00a0\u00bb, a de son c\u00f4t\u00e9 d\u00e9taill\u00e9 Quartararo en Allemagne, d\u00e9plorant n\u00e9anmoins un sch\u00e9ma qui se r\u00e9p\u00e8te tous les week-ends\u00a0:\u00a0\u00ab\u00a0Malheureusement, on voit que c&rsquo;est une routine qu&rsquo;on n&rsquo;aime pas avoir, parce qu&rsquo;on sait qu&rsquo;on va commencer le dimanche et qu&rsquo;on n&rsquo;aura pas de rythme, qu&rsquo;on va dropper et que c&rsquo;est frustrant. On travaille dur mais on voit que les r\u00e9sultats ne sont pas l\u00e0.\u00a0\u00bb<\/p>\n<p>   <img decoding=\"async\" draggable=\"false\" src=\"https:\/\/www.europesays.com\/fr\/wp-content\/uploads\/2025\/07\/1753699213_132_fabio-quartararo-yamaha-factor.jpg\" alt=\"Fabio Quartararo, Yamaha Factory Racing\" width=\"1200\" height=\"800\" loading=\"lazy\"\/> <\/p>\n<p class=\"title\">Fabio Quartararo a pris la troisi\u00e8me place du sprint au GP d&rsquo;Allemagne.<\/p>\n<p class=\"photographer\">Photo de: Gold and Goose Photography \/ LAT Images \/ via Getty Images<\/p>\n<p>Tr\u00e8s critique envers Yamaha ces derni\u00e8res ann\u00e9es, surtout quand il ne percevait pas de r\u00e9action pour corriger le tir, Quartararo a peu \u00e0 peu adouci son discours. S&rsquo;il se montre toujours exigeant, en jugeant des progr\u00e8s <a href=\"https:\/\/fr.motorsport.com\/motogp\/news\/quartararo-pression-yamaha-besoin-projet-victorieux\/10736463\/\" target=\"_blank\" rel=\"noopener\">indispensables pour le convaincre de prolonger<\/a>, et reste de tr\u00e8s loin le pilote le plus performant sur la M1, avec un total de points sup\u00e9rieur \u00e0 ceux des trois autres titulaires du constructeur, il accepte d\u00e9sormais de se contenter de r\u00e9sultats plus modestes et se concentre sur ce qu&rsquo;il peut apporter.<\/p>\n<p>\u00ab\u00a0Je comprends maintenant ce que je dois faire pour toujours me sentir bien. Je dois \u00e9videmment me donner \u00e0 100% et, sur certaines courses, ce 100% m\u00e8ne \u00e0 une deuxi\u00e8me place, une quatri\u00e8me ou une dixi\u00e8me place, mais au moins je sais que je me suis donn\u00e9 \u00e0 100% et \u00e7a me fait me sentir mieux. C&rsquo;est aussi de l&rsquo;exp\u00e9rience. Il faut accepter certaines choses et faire des choses dont on ne se soucie pas du tout quand on gagne.\u00a0\u00bb<\/p>\n<blockquote>\n<p>C&rsquo;est actuellement la meilleure version de moi-m\u00eame.<\/p>\n<\/blockquote>\n<p>\u00ab\u00a0La premi\u00e8re ann\u00e9e, m\u00eame quand j&rsquo;\u00e9tais \u00e0 la maison, je ne prenais aucun plaisir, ma t\u00eate \u00e9tait enti\u00e8rement sur les courses. Je me questionnais\u00a0:\u00a0pourquoi \u00e9tais-je lent\u00a0?\u00a0Peut-\u00eatre que c&rsquo;\u00e9tait moi\u00a0?\u00a0Peut-\u00eatre que c\u2019\u00e9tait la moto\u00a0?\u00a0Mentalement, c&rsquo;\u00e9tait dur, mais maintenant je comprends beaucoup plus de choses et je pilote beaucoup mieux. On a la vitesse, on a besoin de constance et de travailler sur beaucoup de choses mais je sais que c&rsquo;est actuellement la meilleure version de moi-m\u00eame.\u00a0\u00bb\u00a0<\/p>\n<p>Quartararo pr\u00e9f\u00e8re donc ne plus fixer d&rsquo;objectif de r\u00e9sultat et cherche uniquement \u00e0 tirer le meilleur de sa Yamaha, que cette derni\u00e8re lui donne satisfaction ou pas\u00a0:\u00a0\u00ab\u00a0Sinc\u00e8rement, en vrai, je ne vise rien de sp\u00e9cial. Je vise [le fait] d&rsquo;essayer de m&rsquo;am\u00e9liorer moi en tant que pilote, de faire du mieux que je peux, de m&rsquo;entra\u00eener au max\u00a0\u2013\u00a0m\u00eame sans penser \u00e0 la course, c&rsquo;est quelque chose que j&rsquo;adore.\u00a0\u00bb<\/p>\n<p>   <img decoding=\"async\" draggable=\"false\" src=\"https:\/\/www.europesays.com\/fr\/wp-content\/uploads\/2025\/07\/1753699216_914_fabio-quartararo-yamaha-factor.jpg\" alt=\"Fabio Quartararo, Yamaha Factory Racing\" width=\"1200\" height=\"800\" loading=\"lazy\"\/> <\/p>\n<p class=\"title\">Fabio Quartararo<\/p>\n<p class=\"photographer\">Photo de: Gold and Goose Photography \/ LAT Images \/ via Getty Images<\/p>\n<p>\u00ab\u00a0Mais, voil\u00e0, quand j&rsquo;arrive sur les circuits, ce n&rsquo;est pas parce que je suis \u00e9nerv\u00e9 et que c&rsquo;est quelque chose qui m&rsquo;\u00e9nerve que je ne vais pas donner 100%. [Je donne 100%] et \u00e7a sera comme \u00e7a jusqu&rsquo;\u00e0 la fin de saison. C&rsquo;est vrai que quand on voit la rapidit\u00e9 qu&rsquo;on a sur un tour, mais \u00e0 quel point on est loin sur le rythme en course, il y a une grosse diff\u00e9rence.\u00a0\u00bb<\/p>\n<p>Cette situation reste n\u00e9anmoins usante. Interrog\u00e9 par Canal+ sur l&rsquo;\u00e9tat d&rsquo;esprit qui \u00e9tait le sien au moment d&rsquo;aborder la pause estivale, Quartararo a exprim\u00e9 le besoin de se ressourcer. \u00ab\u00a0Je ne sais pas dans quel \u00e9tat d&rsquo;esprit, mais je suis content de partir en vacances parce que, sinc\u00e8rement, c&rsquo;\u00e9tait une tr\u00e8s longue premi\u00e8re partie de saison, avec les tests\u00a0\u2013\u00a0on a aussi eu des tests priv\u00e9s, donc c&rsquo;\u00e9tait tr\u00e8s long\u00a0\u00bb, a-t-il soulign\u00e9. \u00ab\u00a0Mais bon, il faut maintenant en profiter et on va rejoindre les amis.\u00a0\u00bb<\/p>\n<p style=\"text-align: right;\">Avec L\u00e9na Buffa et Fabien Gaillard<\/p>\n<p>Lire aussi :<\/p>\n<p>Dans cet article<\/p>\n<p>Soyez le premier inform\u00e9 et souscrivez aux alertes mails pour recevoir les infos en temps r\u00e9el<\/p>\n<p>    S&rsquo;abonner aux alertes de news<\/p>\n","protected":false},"excerpt":{"rendered":"Cela fait maintenant trois ans que Fabio Quartararo court apr\u00e8s la victoire. Titr\u00e9 en 2022, le Fran\u00e7ais a&hellip;\n","protected":false},"author":2,"featured_media":279366,"comment_status":"","ping_status":"","sticky":false,"template":"","format":"standard","meta":{"footnotes":""},"categories":[1413],"tags":[1680,1011,27,1457,1456,1458,60,3796],"class_list":{"0":"post-279365","1":"post","2":"type-post","3":"status-publish","4":"format-standard","5":"has-post-thumbnail","7":"category-moto","8":"tag-fabio-quartararo","9":"tag-fr","10":"tag-france","11":"tag-moto","12":"tag-motocycle","13":"tag-motogp","14":"tag-sports","15":"tag-yamaha-factory-racing"},"share_on_mastodon":{"url":"https:\/\/pubeurope.com\/@fr\/114930438950475525","error":""},"_links":{"self":[{"href":"https:\/\/www.europesays.com\/fr\/wp-json\/wp\/v2\/posts\/279365","targetHints":{"allow":["GET"]}}],"collection":[{"href":"https:\/\/www.europesays.com\/fr\/wp-json\/wp\/v2\/posts"}],"about":[{"href":"https:\/\/www.europesays.com\/fr\/wp-json\/wp\/v2\/types\/post"}],"author":[{"embeddable":true,"href":"https:\/\/www.europesays.com\/fr\/wp-json\/wp\/v2\/users\/2"}],"replies":[{"embeddable":true,"href":"https:\/\/www.europesays.com\/fr\/wp-json\/wp\/v2\/comments?post=279365"}],"version-history":[{"count":0,"href":"https:\/\/www.europesays.com\/fr\/wp-json\/wp\/v2\/posts\/279365\/revisions"}],"wp:featuredmedia":[{"embeddable":true,"href":"https:\/\/www.europesays.com\/fr\/wp-json\/wp\/v2\/media\/279366"}],"wp:attachment":[{"href":"https:\/\/www.europesays.com\/fr\/wp-json\/wp\/v2\/media?parent=279365"}],"wp:term":[{"taxonomy":"category","embeddable":true,"href":"https:\/\/www.europesays.com\/fr\/wp-json\/wp\/v2\/categories?post=279365"},{"taxonomy":"post_tag","embeddable":true,"href":"https:\/\/www.europesays.com\/fr\/wp-json\/wp\/v2\/tags?post=279365"}],"curies":[{"name":"wp","href":"https:\/\/api.w.org\/{rel}","templated":true}]}}