{"id":279369,"date":"2025-07-28T10:42:12","date_gmt":"2025-07-28T10:42:12","guid":{"rendered":"https:\/\/www.europesays.com\/fr\/279369\/"},"modified":"2025-07-28T10:42:12","modified_gmt":"2025-07-28T10:42:12","slug":"pogacar-intouchable-montmartre-incroyable-que-retenir-de-cette-grande-boucle","status":"publish","type":"post","link":"https:\/\/www.europesays.com\/fr\/279369\/","title":{"rendered":"Pogacar intouchable, Montmartre incroyable\u2026 Que retenir de cette Grande Boucle\u00a0?"},"content":{"rendered":"<p>Le <a href=\"https:\/\/www.20minutes.fr\/sport\/tour-de-france\/\" class=\"color-ultramarine c-link\" target=\"_blank\" rel=\"noopener\">Tour de France 2025<\/a> est officiellement termin\u00e9. Officieusement, il l\u2019\u00e9tait d\u00e9j\u00e0 depuis les Pyr\u00e9n\u00e9es, direz-vous. Mais \u00e0 d\u00e9faut d\u2019offrir une bataille acharn\u00e9e pour le maillot jaune, la course avait le m\u00e9rite de remplir nos journ\u00e9es d\u2019\u00e9t\u00e9. Comme \u00e0 chaque fois, on fera donc le bilan tant par m\u00e9lancolie pr\u00e9coce que par peur du grand vide. Fermer un livre n\u2019est jamais facile. Dire au revoir au Tour non plus.<\/p>\n<p>La derni\u00e8re \u00e9tape par Montmartre, une r\u00e9ussite totale<\/p>\n<p>Commen\u00e7ons par la fin. Le pari de la nostalgie des <a href=\"https:\/\/www.20minutes.fr\/sport\/jo_2024\/\" class=\"color-ultramarine c-link\" target=\"_blank\" rel=\"noopener\">JO de Paris 2024<\/a> pris par l\u2019organisation &#8211; et d\u00e9cri\u00e9 par les sceptiques convaincus que le Tour de France \u00e9chouerait \u00e0 recr\u00e9er l\u2019ambiance \u00e9lectrique de la rue Lepic &#8211; s\u2019est av\u00e9r\u00e9 gagnant en tous points. Sur le strict plan sportif, le gel des temps pour cause de mauvaises conditions climatiques a pu passer pour un manque de courage, mais il a probablement sauv\u00e9 <a href=\"https:\/\/www.20minutes.fr\/sport\/cyclisme\/tour-de-france\/4165471-20250727-direct-tour-france-2025-21e-etape-final-epique-memoire-jo-suivez-derniere-etape\" class=\"color-ultramarine c-link\" target=\"_blank\" rel=\"noopener\">l\u2019int\u00e9r\u00eat sportif de la 21e \u00e9tape<\/a>. \u00ab\u00a0J\u2019\u00e9tais content qu\u2019ils neutralisent l\u2019\u00e9tape, c\u2019\u00e9tait plus relax d\u2019\u00eatre devant et de faire la course\u00a0\u00bb, se r\u00e9jouissait Tadej Pogacar, artificier en chef des deux derni\u00e8res ascensions de la butte. Sans \u00e7a, le Slov\u00e8ne serait probablement rest\u00e9 cach\u00e9 dans le peloton, nous privant d\u2019un dernier duel \u00e9pique avec Wout Van Aert.<\/p>\n<p class=\"mb-xxl@xs color-ultramarine font-weight-semi-bold@xs font-source-serif-pro heading-s@xs\">L\u2019acc\u00e8s \u00e0 ce contenu a \u00e9t\u00e9 bloqu\u00e9 afin de respecter votre choix de consentement<\/p>\n<p class=\"mb-m@xs text-l@xs\">En cliquant sur\u00ab J\u2019accepte \u00bb, vous acceptez le d\u00e9p\u00f4t de cookies par des services externes et aurez ainsi acc\u00e8s aux contenus de nos partenaires.<\/p>\n<p class=\"mb-xl@xs text-s@xs\">Plus d\u2019informations sur la page<a href=\"https:\/\/www.20minutes.fr\/gestion-cookies\" class=\"mx-xxs@xs color-ultramarine\" target=\"_blank\" rel=\"noopener\">Politique de gestion des cookies<\/a><\/p>\n<p>J\u2019accepte<\/p>\n<p>Pour ce qui est de l\u2019ambiance, les t\u00e9moignages de coureurs parlent d\u2019eux-m\u00eames. \u00ab\u00a0J\u2019\u00e9tais pas trop pour ce circuit dans Montmartre mais je me suis bien amus\u00e9 sur ces trois derniers tours\u00a0\u00bb, souriait le seul vainqueur d\u2019\u00e9tape fran\u00e7ais sur ce Tour, Valentin Paret-Peintre. \u00ab\u00a0\u00c7a allait trop vite pour moi dans l\u2019ascension, reconnaissait le maillot vert Jonathan Milan. Je me suis relev\u00e9 et apr\u00e8s j\u2019ai savour\u00e9 la fin de l\u2019\u00e9tape, c\u2019\u00e9tait extraordinaire.\u00a0\u00bb On remet \u00e7a en\u00a02026, chiche\u00a0? Le directeur du Tour, Christian Prudhomme, botte pour le moment en touche. \u00ab\u00a0[On va] regarder tout \u00e7a \u00e0 t\u00eate repos\u00e9e avec le pr\u00e9fet de Police et la Ville de Paris.\u00a0\u00bb<\/p>\n<p>Tadej Pogacar sans autre rival que la lassitude<\/p>\n<p>Remercions Wout Van Aert d\u2019avoir rappel\u00e9 qu\u2019il \u00e9tait possible de battre Tadej Pogacar, o\u00f9 a minima de lui donner du fil \u00e0 retordre. La prochaine fois, qu\u2019il n\u2019h\u00e9site surtout pas \u00e0 passer le mot \u00e0 Jonas Vingegaard. Rentr\u00e9 bien trop tard dans son Tour de France 2025, le Danois de la Visma a fait ce qu\u2019il a pu en 3e semaine, y compris un coup tactique des plus bizarres <a href=\"https:\/\/www.20minutes.fr\/sport\/cyclisme\/tour-de-france\/4165120-20250724-tour-france-2025-comment-vingegaard-peut-saluer-travail-incroyable-visma-apres-couac-loze\" class=\"color-ultramarine c-link\" target=\"_blank\" rel=\"noopener\">entre le col de la Madeleine et le col de la Loze<\/a>, mais rien qui n\u2019assouvisse notre soif de bagarre entre leaders. R\u00e9sultat, la 4e victoire de Pogi sur le Tour porte en elle le sceau de la facilit\u00e9, celle qui \u00e9crase, ennuie <a href=\"https:\/\/www.20minutes.fr\/sport\/cyclisme\/tour-de-france\/4164844-20250724-tour-france-2025-chasseurs-watts-lanceurs-alerte-credibles-cyclisme\" class=\"color-ultramarine c-link\" target=\"_blank\" rel=\"noopener\">et \u00e9veille le soup\u00e7on<\/a>.<\/p>\n<p>Il n\u2019y avait que l\u2019usure pour trahir l\u2019humain cach\u00e9 derri\u00e8re ce visage et ce corps imperm\u00e9ables \u00e0 l\u2019effort et aux sprints r\u00e9p\u00e9t\u00e9s dans les cols fran\u00e7ais. Le staff d\u2019UAE avait laiss\u00e9 circuler l\u2019id\u00e9e qu\u2019il \u00ab\u00a0ne fallait pas une \u00e9tape de montagne de plus\u00a0\u00bb \u00e0 la sortie des Alpes, corroborant les propos du maillot jaune (\u00ab je suis \u00e9videmment fatigu\u00e9\u00a0\u00bb). La th\u00e9orie du coup de communication visant \u00e0 rendre acceptable l\u2019\u0153uvre globale a exist\u00e9, mais elle a \u00e9t\u00e9 mise \u00e0 mal par la d\u00e9faillance du Slov\u00e8ne au sommet de la derni\u00e8re ascension de la c\u00f4te de la butte Montmartre. Et s\u2019il s\u2019agissait d\u2019une mise en sc\u00e8ne, qu\u2019on donne tout de suite un Oscar \u00e0 Tadej.<\/p>\n<p>Bref, Pogacar termine le Tour de France crev\u00e9 et lass\u00e9. Les classiques l\u2019amusent plus que les courses de trois semaines, mais tout Pogacar qu\u2019il est, il a un patron, UAE, qui ne saurait se priver de cette vitrine. \u00ab\u00a0J\u2019aimerais bien ne pas le disputer une saison pour m\u2019essayer sur d\u2019autres courses mais je sais que ce sera difficile, <a href=\"https:\/\/www.lequipe.fr\/Cyclisme-sur-route\/Article\/Tadej-pogacar-fait-le-bilan-apres-son-quatrieme-sacre-sur-le-tour-de-france-je-ne-pense-pas-arreter-tout-de-suite-mais\/1581262\" rel=\"nofollow noopener\" target=\"_blank\" class=\"color-ultramarine c-link\">regrette le coureur aupr\u00e8s de nos confr\u00e8res de L\u2019Equipe<\/a>. Donc, oui, vous me verrez au d\u00e9part du Tour l\u2019an prochain pour d\u00e9fendre mon titre, il y a de fortes chances.\u00a0\u00bb<\/p>\n<p>Les Fran\u00e7ais\u00a0: trois rayons de soleil au milieu du brouillard<\/p>\n<p>La France du v\u00e9lo doit beaucoup \u00e0 Ilan van Wilder. En emmenant son co\u00e9quipier Valentin Paret-Peintre dans un fauteuil au sommet du Mont Ventoux, le Belge de Soudal-Quick-Step <a href=\"https:\/\/www.20minutes.fr\/sport\/cyclisme\/tour-de-france\/4164804-20250722-tour-france-2025-croyais-trop-valentin-paret-peintre-sauveur-inespere-cyclisme-francais\" class=\"color-ultramarine c-link\" target=\"_blank\" rel=\"noopener\">a \u00e9pargn\u00e9 \u00e0 la France un z\u00e9ro point\u00e9 dans la cat\u00e9gorie victoires d\u2019\u00e9tapes<\/a>. Au bout du compte, Paret-Peintre reste bien s\u00fbr le principal responsable de sa propre gloire ne serait-ce que parce qu\u2019il fallait se d\u00e9faire de la sangsue Ben Healy &#8211; on n\u2019est pas \u00e9lu super combatif du Tour pour rien \u2013, mais il est bon de rappeler que le v\u00e9lo se joue aussi en \u00e9quipe. \u00ab\u00a0Je te le rendrai, mon pote\u00a0\u00bb, a d\u2019ailleurs promis VPP dans la foul\u00e9e de son succ\u00e8s au sommet du mythique Mont Ventoux.<\/p>\n<p><img decoding=\"async\" alt=\"Monsieur Valentin Paret-Peintre.\" class=\"c-img\" loading=\"lazy\" fetchpriority=\"auto\" width=\"718\"  src=\"https:\/\/img.20mn.fr\/bB12buE-Re-NXqtpU3EiLSk\/718x0\" \/>Monsieur Valentin Paret-Peintre.\u2002-\u00a0\/SIPA<\/p>\n<p>Pas de succ\u00e8s, en revanche, pour K\u00e9vin Vauquelin et Jordan Jegat. Mais les coureurs d\u2019Ark\u00e9a \u00e0 TotalEnergies puisent leur satisfaction dans leur pr\u00e9sence dans le top 10 de la Grande Boucle. Quasiment inesp\u00e9r\u00e9 il y a un mois pour le premier nomm\u00e9. \u00ab\u00a0Je n\u2019\u00e9tais pas l\u00e0 pour le g\u00e9n\u00e9ral au Tour de Suisse, je n\u2019\u00e9tais pas l\u00e0 pour le g\u00e9n\u00e9ral sur le Tour, mais quand on est dans une bonne spirale, autant aller au bout, d\u00e9clarait-il dimanche soir, pizza \u00e0 la main, au micro d\u2019Eurosport. Il y a eu des moments difficiles, Hautacam \u00e7a a beaucoup \u00e9t\u00e9 une affaire de mental. A la base je ne me pensais pas capable de \u00e7a, j\u2019ai repouss\u00e9 les plafonds de verre, je vais revoir mes objectifs \u00e0 la hausse mais sans m\u2019enflammer. Je vais travailler, je ne suis que 7e, je veux aller plus haut. En haute montagne je commence \u00e0 pouvoir me battre.\u00a0\u00bb<\/p>\n<p><a href=\"https:\/\/www.20minutes.fr\/sport\/tour-de-france\/\" class=\"c-link c-btn c-btn--primary\" target=\"_blank\" rel=\"noopener\">Notre dossier complet sur le TDF 2025<\/a><\/p>\n<p>A part \u00e7a, on regrettera le manque de bouteille &#8211; <a href=\"https:\/\/www.20minutes.fr\/sport\/cyclisme\/tour-de-france\/4165194-20250724-tour-france-2025-lenny-martinez-ecope-huit-points-penalite-bidon-colle-tres-discret\" class=\"color-ultramarine c-link\" target=\"_blank\" rel=\"noopener\">mais pas de bidon<\/a> &#8211; de Lenny Martinez pour aller au bout de sa qu\u00eate de maillot \u00e0 pois. \u00ab\u00a0J\u2019ai fait avec les jambes que j\u2019avais, je ne pouvais pas faire plus [pour le maillot \u00e0 pois]. La r\u00e9gularit\u00e9 viendra avec l\u2019avenir je l\u2019esp\u00e8re, et \u00e7a sera plus facile d\u2019aller chercher un maillot.\u00a0\u00bb On croise les doigts, Lenny. Le cyclisme fran\u00e7ais en a grand besoin.<\/p>\n","protected":false},"excerpt":{"rendered":"Le Tour de France 2025 est officiellement termin\u00e9. Officieusement, il l\u2019\u00e9tait d\u00e9j\u00e0 depuis les Pyr\u00e9n\u00e9es, direz-vous. Mais \u00e0&hellip;\n","protected":false},"author":2,"featured_media":279370,"comment_status":"","ping_status":"","sticky":false,"template":"","format":"standard","meta":{"footnotes":""},"categories":[1411],"tags":[1154,207,1011,27,27884,517,60,1138,210,36598,11698],"class_list":{"0":"post-279369","1":"post","2":"type-post","3":"status-publish","4":"format-standard","5":"has-post-thumbnail","7":"category-cyclisme","8":"tag-cycling","9":"tag-cyclisme","10":"tag-fr","11":"tag-france","12":"tag-jonas-vingegaard","13":"tag-sport","14":"tag-sports","15":"tag-tadej-pogacar","16":"tag-tour-de-france","17":"tag-uae","18":"tag-wout-van-aert"},"share_on_mastodon":{"url":"https:\/\/pubeurope.com\/@fr\/114930446760422183","error":""},"_links":{"self":[{"href":"https:\/\/www.europesays.com\/fr\/wp-json\/wp\/v2\/posts\/279369","targetHints":{"allow":["GET"]}}],"collection":[{"href":"https:\/\/www.europesays.com\/fr\/wp-json\/wp\/v2\/posts"}],"about":[{"href":"https:\/\/www.europesays.com\/fr\/wp-json\/wp\/v2\/types\/post"}],"author":[{"embeddable":true,"href":"https:\/\/www.europesays.com\/fr\/wp-json\/wp\/v2\/users\/2"}],"replies":[{"embeddable":true,"href":"https:\/\/www.europesays.com\/fr\/wp-json\/wp\/v2\/comments?post=279369"}],"version-history":[{"count":0,"href":"https:\/\/www.europesays.com\/fr\/wp-json\/wp\/v2\/posts\/279369\/revisions"}],"wp:featuredmedia":[{"embeddable":true,"href":"https:\/\/www.europesays.com\/fr\/wp-json\/wp\/v2\/media\/279370"}],"wp:attachment":[{"href":"https:\/\/www.europesays.com\/fr\/wp-json\/wp\/v2\/media?parent=279369"}],"wp:term":[{"taxonomy":"category","embeddable":true,"href":"https:\/\/www.europesays.com\/fr\/wp-json\/wp\/v2\/categories?post=279369"},{"taxonomy":"post_tag","embeddable":true,"href":"https:\/\/www.europesays.com\/fr\/wp-json\/wp\/v2\/tags?post=279369"}],"curies":[{"name":"wp","href":"https:\/\/api.w.org\/{rel}","templated":true}]}}