{"id":279375,"date":"2025-07-28T10:45:10","date_gmt":"2025-07-28T10:45:10","guid":{"rendered":"https:\/\/www.europesays.com\/fr\/279375\/"},"modified":"2025-07-28T10:45:10","modified_gmt":"2025-07-28T10:45:10","slug":"les-logos-dair-france-bnp-ou-du-mondial-de-foot-cest-lui-laurent-vincenti-un-grand-designer-installe-a-villejesus","status":"publish","type":"post","link":"https:\/\/www.europesays.com\/fr\/279375\/","title":{"rendered":"Les logos d\u2019Air France, BNP ou du Mondial de foot, c\u2019est lui\u00a0: Laurent Vincenti, un grand designer install\u00e9 \u00e0 Villej\u00e9sus"},"content":{"rendered":"<p>Aujourd\u2019hui en free-lance, il a choisi il y a trois ans de quitter Paris pour s\u2019installer en Charente, un changement de vie&#8230;<\/p>\n<p>Aujourd\u2019hui en free-lance, il a choisi il y a trois ans de quitter Paris pour s\u2019installer en Charente, un changement de vie m\u00fbrement r\u00e9fl\u00e9chi. \u00ab\u00a0On cherchait un pied-\u00e0-terre loin de Paris mais facile d\u2019acc\u00e8s, raconte l\u2019homme de 66\u00a0ans. Avec ma femme, on est tomb\u00e9s amoureux de cet endroit. Et nous cherchions un moulin, car quand il y a de l\u2019eau, il y a de la vie.\u00a0\u00bb C\u2019est dans l\u2019ancienne propri\u00e9t\u00e9 <a href=\"https:\/\/www.charentelibre.fr\/culture-et-loisirs\/theatre\/un-comedien-au-fil-de-l-aume-6030542.php\" target=\"_blank\" rel=\"follow nofollow noopener\">du com\u00e9dien Jacques\u202fJouanneau \u00e0 Villej\u00e9sus<\/a>, un petit coin de paradis entour\u00e9 d\u2019eau, que le couple pose ses valises huit mois par an. Un lieu paisible, o\u00f9 la nature r\u00e8gne.<\/p>\n<p>\u00c9couter avant de cr\u00e9er<\/p>\n<p>Mais derri\u00e8re cette tranquillit\u00e9 se cache une carri\u00e8re foisonnante. Laurent Vincenti, c\u2019est d\u2019abord un personnage, un penseur, un homme c\u00e9r\u00e9bral qui aime dialoguer, \u00e9couter et surtout questionner. \u00ab\u00a0C\u2019est presque 80\u00a0% de mon travail\u00a0\u00bb, confie-t-il. Ce n\u2019est pas juste une question de logos ou de disposition d\u2019objets dans l\u2019espace. \u00ab\u00a0On essaye de comprendre ce qu\u2019est l\u2019entreprise, ses qualit\u00e9s, ses d\u00e9fauts, ses ambitions. On l\u2019aide \u00e0 \u00e9crire son message, son histoire, puis son image.\u00a0\u00bb<\/p>\n<p>Et apr\u00e8s, c\u2019est l\u2019artiste qui entre en sc\u00e8ne. Le philosophe, le visionnaire aussi. \u00ab\u00a0On cherche \u00e0 savoir comment l\u2019entreprise veut se projeter dans les dix prochaines ann\u00e9es.\u00a0\u00bb Cela implique des \u00e9changes approfondis. \u00ab\u00a0Pas seulement avec les dirigeants mais aussi avec les salari\u00e9s. C\u2019est ce qu\u2019on appelle la marque d\u2019entreprise\u00a0\u00bb, explique celui qui a \u00e9t\u00e9 r\u00e9compens\u00e9 de seize Grand prix du design et fut form\u00e9 par Pierre\u202fPaulin ainsi que Roger\u202fTallon, v\u00e9ritables papes du design, au m\u00eame titre que Philippe Starck.<\/p>\n<p>Le bouddhisme, sa force<\/p>\n<p>Jeune \u00ab\u00a0antimilitariste, baba cool, presque timide\u00a0\u00bb, Laurent Vincenti est devenu un acteur incontournable du monde de l\u2019entreprise. \u00ab\u00a0J\u2019ai travaill\u00e9 avec presque toutes les marques du CAC 40\u00a0\u00bb, affirme celui qui a int\u00e9gr\u00e9 l\u2019\u00c9cole nationale sup\u00e9rieure des arts d\u00e9coratifs \u00e0 Paris apr\u00e8s le bac. Il a aussi collabor\u00e9 \u00e0 l\u2019international. \u00ab\u00a0Pour cr\u00e9er la plupart des identit\u00e9s visuelles des banques marocaines, j\u2019ai d\u00fb comprendre comment elles \u00e9taient per\u00e7ues sur place. J\u2019ai discut\u00e9 avec des amis locaux.\u00a0\u00bb Cette approche d\u2019\u00e9coute et d\u2019adaptation, il la reproduit \u00e0 chaque projet, quel que soit le pays.<\/p>\n<p>De France 98 \u00e0 la Charente\u00a0?<\/p>\n<p>Mais au-del\u00e0 du designer, l\u2019homme a aussi v\u00e9cu une existence mouvement\u00e9e, presque romanesque. \u00ab\u00a0J\u2019ai fr\u00f4l\u00e9 la mort plusieurs fois\u00a0\u00bb, confie-t-il. Des \u00e9preuves qui forgent le caract\u00e8re et pr\u00e9parent \u00e0 la pression que peuvent exiger les projets d\u2019envergure. Sa force, il la puise aussi dans le bouddhisme, qu\u2019il pratique depuis 40\u00a0ans. \u00ab\u00a0\u00c7a m\u2019aide \u00e0 me recentrer, \u00e0 prendre du recul. Une entreprise, c\u2019est complexe\u00a0: il y a une masse d\u2019informations, souvent contradictoires. Gr\u00e2ce \u00e0 cette pratique, je garde une vision panoramique, un esprit de synth\u00e8se.\u00a0\u00bb<\/p>\n<p>Une philosophie de vie qu\u2019il souhaite aujourd\u2019hui partager avec son territoire d\u2019adoption. \u00ab\u00a0J\u2019ai envie de travailler avec des entreprises locales. \u00c7a me plairait vraiment\u00a0\u00bb, affirme-t-il, enthousiaste \u00e0 l\u2019id\u00e9e de transmettre son savoir-faire et d\u2019accompagner de nouveaux projets en Charente.<\/p>\n<blockquote><p>\u00ab\u00a0J\u2019ai travaill\u00e9 avec presque toutes les marques du CAC 40.\u00a0\u00bb<\/p><\/blockquote>\n<p>Des projets, il en a men\u00e9s de nombreux, parfois titanesques. \u00ab\u00a0Le plus gros\u00a0? S\u00fbrement celui de la Coupe du monde 1998\u00a0\u00bb, se rem\u00e9more-t-il avec \u00e9motion. Pendant cinq ans, il a planch\u00e9 avec son \u00e9quipe sur tous les \u00e9l\u00e9ments visuels li\u00e9s \u00e0 l\u2019\u00e9v\u00e9nement\u00a0: b\u00e2ches, affiches, produits d\u00e9riv\u00e9s\u2026 et bien s\u00fbr, le logo. \u00ab\u00a0Le plus dur, c\u2019\u00e9tait le ballon\u00a0! Il ne fallait pas qu\u2019il soit d\u00e9j\u00e0 d\u00e9pos\u00e9. J\u2019ai d\u00fb en dessiner des milliers\u00a0\u00bb, sourit-il. Un d\u00e9fi cr\u00e9atif de taille, \u00e0 l\u2019image d\u2019une carri\u00e8re exceptionnelle, discr\u00e8te mais incontournable.<\/p>\n","protected":false},"excerpt":{"rendered":"Aujourd\u2019hui en free-lance, il a choisi il y a trois ans de quitter Paris pour s\u2019installer en Charente,&hellip;\n","protected":false},"author":2,"featured_media":279376,"comment_status":"","ping_status":"","sticky":false,"template":"","format":"standard","meta":{"footnotes":""},"categories":[1358],"tags":[1348,1384,1385,1386,58,59,1011,27],"class_list":{"0":"post-279375","1":"post","2":"type-post","3":"status-publish","4":"format-standard","5":"has-post-thumbnail","7":"category-arts-et-design","8":"tag-arts","9":"tag-arts-and-design","10":"tag-arts-et-design","11":"tag-design","12":"tag-divertissement","13":"tag-entertainment","14":"tag-fr","15":"tag-france"},"share_on_mastodon":{"url":"https:\/\/pubeurope.com\/@fr\/114930458578046913","error":""},"_links":{"self":[{"href":"https:\/\/www.europesays.com\/fr\/wp-json\/wp\/v2\/posts\/279375","targetHints":{"allow":["GET"]}}],"collection":[{"href":"https:\/\/www.europesays.com\/fr\/wp-json\/wp\/v2\/posts"}],"about":[{"href":"https:\/\/www.europesays.com\/fr\/wp-json\/wp\/v2\/types\/post"}],"author":[{"embeddable":true,"href":"https:\/\/www.europesays.com\/fr\/wp-json\/wp\/v2\/users\/2"}],"replies":[{"embeddable":true,"href":"https:\/\/www.europesays.com\/fr\/wp-json\/wp\/v2\/comments?post=279375"}],"version-history":[{"count":0,"href":"https:\/\/www.europesays.com\/fr\/wp-json\/wp\/v2\/posts\/279375\/revisions"}],"wp:featuredmedia":[{"embeddable":true,"href":"https:\/\/www.europesays.com\/fr\/wp-json\/wp\/v2\/media\/279376"}],"wp:attachment":[{"href":"https:\/\/www.europesays.com\/fr\/wp-json\/wp\/v2\/media?parent=279375"}],"wp:term":[{"taxonomy":"category","embeddable":true,"href":"https:\/\/www.europesays.com\/fr\/wp-json\/wp\/v2\/categories?post=279375"},{"taxonomy":"post_tag","embeddable":true,"href":"https:\/\/www.europesays.com\/fr\/wp-json\/wp\/v2\/tags?post=279375"}],"curies":[{"name":"wp","href":"https:\/\/api.w.org\/{rel}","templated":true}]}}