{"id":279377,"date":"2025-07-28T10:46:11","date_gmt":"2025-07-28T10:46:11","guid":{"rendered":"https:\/\/www.europesays.com\/fr\/279377\/"},"modified":"2025-07-28T10:46:11","modified_gmt":"2025-07-28T10:46:11","slug":"faire-plaisir-et-faire-de-la-place-la-mediatheque-de-persan-propose-6-000-livres-cd-et-vinyles-a-1-euro","status":"publish","type":"post","link":"https:\/\/www.europesays.com\/fr\/279377\/","title":{"rendered":"\u00ab\u00a0Faire plaisir et faire de la place\u00a0\u00bb\u00a0: la m\u00e9diath\u00e8que de Persan propose 6\u00a0000\u00a0livres, CD et vinyles \u00e0 1\u00a0euro"},"content":{"rendered":"<p class=\"paragraph text_align_left lp-f-body-02\">Sur les \u00e9tag\u00e8res de la m\u00e9diath\u00e8que de <a href=\"https:\/\/www.leparisien.fr\/val-d-oise-95\/persan-95340\/\" target=\"_blank\" rel=\"noreferrer nofollow noopener\">Persan (Val-d\u2019Oise)<\/a>, des centaines de livres bien align\u00e9s dans une zone r\u00e9serv\u00e9e pr\u00e8s de l\u2019accueil.<\/p>\n<p class=\"paragraph text_align_left lp-f-body-02\">Ce samedi apr\u00e8s-midi (26 juillet) de nombreux doigts glissent sur les couvertures pour mieux en d\u00e9couvrir les titres : \u00ab L\u2019envie \u00bb de Sophie Fontanel, \u00ab Rupture de contrat \u00bb de Harlan Coben, \u00ab L\u2019Oiseau des t\u00e9n\u00e8bres \u00bb de Michael Connelly ou encore le quatri\u00e8me tome des \u00ab Chroniques d\u2019Excalibur \u00bb. Un peu plus loin, d\u2019autres mains fouillent parmi des albums de musique classique, de Sheryl Crow, Fran\u00e7oise Hardy ou Michael Bolton. Tous ne sont pas \u00e0 emprunter mais bien \u00e0 acheter.<\/p>\n<p>\u00ab Rendre accessible la lecture au plus grand nombre \u00bb<\/p>\n<p class=\"paragraph text_align_left lp-f-body-02\">Depuis quelques semaines et jusqu\u2019au 31 juillet, l\u2019\u00e9tablissement public organise en effet une vente exceptionnelle de documents. Romans, essais, bandes dessin\u00e9es, mangas CD, Vinyles, documentaires\u2026 pas moins de 6 000 documents sont ainsi \u00e0 acqu\u00e9rir au tarif unique de 1 euro.<\/p>\n<p class=\"paragraph text_align_left lp-f-body-02\">\u00ab C\u2019est un prix symbolique. L\u2019id\u00e9e est de rendre accessible la lecture au plus grand nombre \u00bb, souligne Marie-Anne Jean, directrice adjointe de la <a href=\"https:\/\/www.leparisien.fr\/val-d-oise-95\/silence-ca-revise-a-la-bibliotheque-de-persan-04-06-2018-7752642.php\" target=\"_blank\" rel=\"noreferrer nofollow noopener\">m\u00e9diath\u00e8que <\/a>qui poursuit m\u00eame avec cet \u00e9v\u00e9nement un double objectif. \u00ab Faire plaisir et faire de la place \u00bb, sourit-elle.<\/p>\n<p class=\"paragraph text_align_left lp-f-body-02\">Malgr\u00e9 la jolie surface du b\u00e2timent \u2013 1 200 m2 sur deux niveaux et pas moins de 30 000 r\u00e9f\u00e9rences dans ses catalogues \u2013, les murs ne sont pas extensibles. Il faut donc r\u00e9guli\u00e8rement faire sortir certains documents pour permettre d\u2019en faire rentrer de nouveaux. Des commandes sont d\u2019ailleurs r\u00e9guli\u00e8rement pass\u00e9es afin de proposer aux usagers, dont 2 147 adh\u00e9rents en 2024, les derni\u00e8res tendances.<\/p>\n<p class=\"paragraph text_align_left lp-f-body-02\">\u00ab En janvier, au printemps puis en ao\u00fbt pour la rentr\u00e9e litt\u00e9raire et ensuite fin novembre pour la sortie des prix litt\u00e9raires \u00bb, pr\u00e9cise la directrice adjointe. Chaque ann\u00e9e, 29 000 euros sont ainsi investis par la m\u00e9diath\u00e8que dans ces achats. Ce sont donc ces documents retir\u00e9s de son fonds qui sont propos\u00e9s \u00e0 la vente.<\/p>\n<p class=\"paragraph text_align_left lp-f-body-02\">Et \u00e7a marche. Ce samedi pour le dernier week-end, avec une communication qui a bien fonctionn\u00e9, les rayonnages d\u00e9di\u00e9s ne d\u00e9semplissent pas. \u00ab Je n\u2019ai jamais autant jou\u00e9 \u00e0 la marchande \u00bb, s\u2019amuse la biblioth\u00e9caire charg\u00e9e de l\u2019encaissement face \u00e0 ses \u00ab clients \u00bb du jour. Parmi eux, Danielle, 74 ans, qui a fait sp\u00e9cialement le d\u00e9placement depuis Pontoise.<\/p>\n<p><img decoding=\"async\" class=\"image \" loading=\"lazy\" src=\"https:\/\/www.europesays.com\/fr\/wp-content\/uploads\/2025\/07\/YNVF46XABRFLLC2OMY3YBKCYT4.jpg\" alt=\"Plus de 6 000 r\u00e9f\u00e9rences de livres, CD, vinyles, sont propos\u00e9s au public.\" align=\"\" data-rubrique-principale=\"\" data-article-type=\"\" fetchpriority=\"auto\"\/>Plus de 6 000 r\u00e9f\u00e9rences de livres, CD, vinyles, sont propos\u00e9s au public.<\/p>\n<p class=\"paragraph text_align_left lp-f-body-02\">\u00ab C\u2019est ma fille qui m\u2019a pr\u00e9venue. Je fais mon petit march\u00e9 de livres pour moi mais aussi pour les petits enfants, trop souvent sur leurs \u00e9crans. Il y a plein de choses int\u00e9ressantes, c\u2019est une belle initiative \u00bb, se r\u00e9jouit cette retrait\u00e9e h\u00e9sitant encore entre diff\u00e9rents romans et mangas.<\/p>\n<p class=\"paragraph text_align_left lp-f-body-02\">Jolie occasion aussi pour Brigitte, 69 ans, le nez plong\u00e9 dans les albums jeunesse. \u00ab Je m\u2019occupe d\u2019une petite biblioth\u00e8que et fais partie de l\u2019association Lire et faire lire, je suis donc toujours \u00e0 la recherche de nouveaut\u00e9s et l\u00e0 il y a pas mal de choix de qualit\u00e9 \u00bb, appr\u00e9cie cette habitante d\u2019Enghien-les-Bains.<\/p>\n<p>1 000 r\u00e9f\u00e9rences d\u00e9j\u00e0 vendues<\/p>\n<p class=\"paragraph text_align_left lp-f-body-02\">Face \u00e0 ce succ\u00e8s, avec plus de 1 000 r\u00e9f\u00e9rences d\u00e9j\u00e0 vendues, la ville envisage d\u00e9j\u00e0 de renouveler l\u2019exp\u00e9rience. \u00ab Car au-del\u00e0 de faire partager la culture \u00e0 petit prix, c\u2019est aussi l\u2019occasion, on esp\u00e8re, de faire d\u00e9couvrir ou red\u00e9couvrir \u00e0 des gens la m\u00e9diath\u00e8que et la ludoth\u00e8que \u00bb, remarque Marie Galopin, maire adjointe de Persan en charge de la culture.<\/p>\n<p class=\"paragraph text_align_left lp-f-body-02\">En effet, si les familles sont toujours tr\u00e8s pr\u00e9sentes parmi les <a href=\"https:\/\/www.leparisien.fr\/val-d-oise-95\/teletravail-emprunt-de-livres-cette-mediatheque-du-val-doise-ouvre-a-ses-abonnes-quand-elle-est-fermee-02-12-2023-IEQXVU2T4JGXLMZOLN6P6XONOI.php\" target=\"_blank\" rel=\"noreferrer nofollow noopener\">adh\u00e9rents<\/a>, le public adulte a lui diminu\u00e9 ces derni\u00e8res ann\u00e9es depuis le Covid. L\u2019\u00e9tablissement esp\u00e8re donc les attirer de nouveau.<\/p>\n<p class=\"paragraph text_align_left lp-f-body-02\">C\u2019est le cas pour Sandrine par exemple, venue en voisine de Bernes-sur-Oise, qui revient ce samedi dans les lieux apr\u00e8s plusieurs ann\u00e9es d\u2019absence. \u00ab Je venais souvent quand les enfants \u00e9taient petits, beaucoup moins aujourd\u2019hui \u00bb, note cette maman de 55 ans qui pr\u00e9f\u00e8re acheter des livres plut\u00f4t que les emprunter. \u00ab Mais c\u2019est vrai qu\u2019ils proposent plein d\u2019autres choses. \u00bb<\/p>\n<p class=\"paragraph text_align_left lp-f-body-02\">Ludo-M\u00e9diath\u00e8que Boris-Vian, 88, avenue Gaston-Vermeire. Vente jusqu\u2019au 31 juillet. Mardi de 15 heures \u00e0 19 heures, mercredi de 10 heures \u00e0 18 heures, et jeudi de 15 heures \u00e0 18 heures.<\/p>\n","protected":false},"excerpt":{"rendered":"Sur les \u00e9tag\u00e8res de la m\u00e9diath\u00e8que de Persan (Val-d\u2019Oise), des centaines de livres bien align\u00e9s dans une zone&hellip;\n","protected":false},"author":2,"featured_media":279378,"comment_status":"","ping_status":"","sticky":false,"template":"","format":"standard","meta":{"footnotes":""},"categories":[1357],"tags":[1379,872,58,59,1011,27,1380,1944,6601],"class_list":{"0":"post-279377","1":"post","2":"type-post","3":"status-publish","4":"format-standard","5":"has-post-thumbnail","7":"category-livres","8":"tag-books","9":"tag-culture-et-loisirs","10":"tag-divertissement","11":"tag-entertainment","12":"tag-fr","13":"tag-france","14":"tag-livres","15":"tag-ma-ville","16":"tag-val-d-oise"},"share_on_mastodon":{"url":"https:\/\/pubeurope.com\/@fr\/114930462541991020","error":""},"_links":{"self":[{"href":"https:\/\/www.europesays.com\/fr\/wp-json\/wp\/v2\/posts\/279377","targetHints":{"allow":["GET"]}}],"collection":[{"href":"https:\/\/www.europesays.com\/fr\/wp-json\/wp\/v2\/posts"}],"about":[{"href":"https:\/\/www.europesays.com\/fr\/wp-json\/wp\/v2\/types\/post"}],"author":[{"embeddable":true,"href":"https:\/\/www.europesays.com\/fr\/wp-json\/wp\/v2\/users\/2"}],"replies":[{"embeddable":true,"href":"https:\/\/www.europesays.com\/fr\/wp-json\/wp\/v2\/comments?post=279377"}],"version-history":[{"count":0,"href":"https:\/\/www.europesays.com\/fr\/wp-json\/wp\/v2\/posts\/279377\/revisions"}],"wp:featuredmedia":[{"embeddable":true,"href":"https:\/\/www.europesays.com\/fr\/wp-json\/wp\/v2\/media\/279378"}],"wp:attachment":[{"href":"https:\/\/www.europesays.com\/fr\/wp-json\/wp\/v2\/media?parent=279377"}],"wp:term":[{"taxonomy":"category","embeddable":true,"href":"https:\/\/www.europesays.com\/fr\/wp-json\/wp\/v2\/categories?post=279377"},{"taxonomy":"post_tag","embeddable":true,"href":"https:\/\/www.europesays.com\/fr\/wp-json\/wp\/v2\/tags?post=279377"}],"curies":[{"name":"wp","href":"https:\/\/api.w.org\/{rel}","templated":true}]}}