{"id":27938,"date":"2025-04-16T00:11:07","date_gmt":"2025-04-16T00:11:07","guid":{"rendered":"https:\/\/www.europesays.com\/fr\/27938\/"},"modified":"2025-04-16T00:11:07","modified_gmt":"2025-04-16T00:11:07","slug":"des-kilometres-de-bouchons-partout-ce-mardi","status":"publish","type":"post","link":"https:\/\/www.europesays.com\/fr\/27938\/","title":{"rendered":"des kilom\u00e8tres de bouchons partout ce mardi"},"content":{"rendered":"<p>            Par<br \/>\n        <strong><br \/>\n            <a href=\"https:\/\/actu.fr\/auteur\/mareva-laville-actu-fr\" title=\"Consulter tous les articles de Mar\u00e9va Laville\" target=\"_blank\" rel=\"noopener\">Mar\u00e9va Laville<\/a><br \/>\n        <\/strong><\/p>\n<p>        Publi\u00e9 le<\/p>\n<p>            15 avr. 2025 \u00e0 18h03        <\/p>\n<p>Les vacances ne d\u00e9sencombrent pas la circulation \u00e0 Toulouse ce mardi 15\u00a0avril 2025. Aux nombreux<a href=\"https:\/\/actu.fr\/occitanie\/toulouse_31555\/une-partie-du-peripherique-sera-fermee-a-la-circulation-tout-le-week-end-ce-qu-il-se-passe_62499416.html\" target=\"_blank\" rel=\"noopener\"> travaux en cours sur le p\u00e9riph\u00e9rique<\/a> et <a href=\"https:\/\/actu.fr\/occitanie\/toulouse_31555\/la-circulation-sera-perturbee-sur-ces-autoroutes-autour-de-toulouse-les-secteurs-impactes_62506447.html\" target=\"_blank\" rel=\"noopener\">les autoroutes menant \u00e0 la Ville rose<\/a>, il faut ajouter les accidents.<\/p>\n<p>Trois voitures accident\u00e9es en direction de Toulouse<\/p>\n<p class=\" wall-content\">Ce mardi, c\u2019est sur la <strong>Nationale 124<\/strong> que le sinistre se trouve. Un <strong>carambolage de trois voitures<\/strong> s\u2019est produit en fin de journ\u00e9e, en pleine heure de pointe, dans la direction ouest-est, de Langon vers Toulouse, \u00e0 hauteur de <a href=\"https:\/\/actu.fr\/occitanie\/colomiers_31149\" target=\"_blank\" rel=\"noopener\">Colomiers<\/a>.<\/p>\n<p class=\" wall-content\">L\u2019accident a eu lieu sur la voie de gauche, selon les informations de Bison Fut\u00e9. Il engendre actuellement un peu <strong>plus de 2,3\u00a0km de bouchons<\/strong> dans le m\u00eame sens, Colomiers-Toulouse, sur toutes les voies.<\/p>\n<p>Plusieurs kilom\u00e8tres de bouchons \u00e0 l\u2019ouest de Toulouse<\/p>\n<p class=\" wall-content\">Et la suite du p\u00e9riple ne s\u2019arrange pas \u00e0 l\u2019arriv\u00e9e sur le <a href=\"https:\/\/actu.fr\/tag\/peripherique-de-toulouse\" target=\"_blank\" rel=\"noopener\">p\u00e9riph\u00e9rique de Toulouse<\/a>. Avant 18\u00a0heures, ce mardi, pas moins de<strong> 8,2\u00a0km d\u2019embouteillages<\/strong> se sont d\u00e9j\u00e0 accumul\u00e9es \u00e0 l\u2019ouest de la Ville, sur toutes les voies du<strong> p\u00e9riph\u00e9rique int\u00e9rieur,<\/strong> de Toulouse nord vers Toulouse sud.<\/p>\n<p class=\" wall-content\">Au nord de la Ville rose, autour de <a href=\"https:\/\/actu.fr\/tag\/aeroport-toulouse-blagnac\" target=\"_blank\" rel=\"noopener\">l\u2019a\u00e9roport de Toulouse-Blagnac<\/a>, tout est \u00e9galement bien perturb\u00e9.<\/p>\n<p>Vid\u00e9os : en ce moment sur ActuL\u2019est de Toulouse satur\u00e9\u00a0<\/p>\n<p class=\" wall-content\">Et ce n\u2019est pas tout. Au nord-est de Toulouse, <strong>la route de Lavaur est tr\u00e8s embouteill\u00e9e<\/strong>. Les automobilistes sont invit\u00e9s \u00e0 contourner cet axe.<\/p>\n<p class=\" wall-content\">Suivez toute l\u2019actualit\u00e9 de vos villes et m\u00e9dias favoris en vous inscrivant \u00e0 <a href=\"https:\/\/moncompte.actu.fr\" title=\"D\u00e9couvez Mon Actu\" rel=\"nofollow noopener\" data-trk=\"{&quot;cta&quot;:{&quot;action&quot;:&quot;https:\\\/\\\/moncompte.actu.fr&quot;,&quot;category&quot;:&quot;mon compte&quot;,&quot;from&quot;:&quot;article footer&quot;,&quot;name&quot;:&quot;Mon actu&quot;,&quot;type&quot;:&quot;cta&quot;}}\" target=\"_blank\">Mon Actu<\/a>.<\/p>\n<ul class=\"ac-article-tag wall-content\">\n<li><a href=\"https:\/\/actu.fr\/tag\/accident\" data-trk=\"{&quot;cta&quot;:{&quot;action&quot;:&quot;Accident&quot;,&quot;category&quot;:&quot;tag&quot;,&quot;from&quot;:&quot;article footer&quot;,&quot;name&quot;:&quot;Accident&quot;,&quot;type&quot;:&quot;cta&quot;}}\" target=\"_blank\" rel=\"noopener\">#Accident<\/a><\/li>\n<li><a href=\"https:\/\/actu.fr\/tag\/peripherique-de-toulouse\" data-trk=\"{&quot;cta&quot;:{&quot;action&quot;:&quot;P\\u00e9riph\\u00e9rique de Toulouse&quot;,&quot;category&quot;:&quot;tag&quot;,&quot;from&quot;:&quot;article footer&quot;,&quot;name&quot;:&quot;P\\u00e9riph\\u00e9rique de Toulouse&quot;,&quot;type&quot;:&quot;cta&quot;}}\" target=\"_blank\" rel=\"noopener\">#P\u00e9riph\u00e9rique de Toulouse<\/a><\/li>\n<\/ul>\n","protected":false},"excerpt":{"rendered":"Par Mar\u00e9va Laville Publi\u00e9 le 15 avr. 2025 \u00e0 18h03 Les vacances ne d\u00e9sencombrent pas la circulation \u00e0&hellip;\n","protected":false},"author":2,"featured_media":27939,"comment_status":"","ping_status":"","sticky":false,"template":"","format":"standard","meta":{"footnotes":""},"categories":[2816],"tags":[119,1111,11,1777,674,118,1011,27,12,2680,4800,25,2312],"class_list":{"0":"post-27938","1":"post","2":"type-post","3":"status-publish","4":"format-standard","5":"has-post-thumbnail","7":"category-toulouse","8":"tag-accident","9":"tag-actu","10":"tag-actualites","11":"tag-eu","12":"tag-europe","13":"tag-faits-divers","14":"tag-fr","15":"tag-france","16":"tag-news","17":"tag-occitanie","18":"tag-peripherique-de-toulouse","19":"tag-republique-francaise","20":"tag-toulouse"},"share_on_mastodon":{"url":"https:\/\/pubeurope.com\/@fr\/114344747640902863","error":""},"_links":{"self":[{"href":"https:\/\/www.europesays.com\/fr\/wp-json\/wp\/v2\/posts\/27938","targetHints":{"allow":["GET"]}}],"collection":[{"href":"https:\/\/www.europesays.com\/fr\/wp-json\/wp\/v2\/posts"}],"about":[{"href":"https:\/\/www.europesays.com\/fr\/wp-json\/wp\/v2\/types\/post"}],"author":[{"embeddable":true,"href":"https:\/\/www.europesays.com\/fr\/wp-json\/wp\/v2\/users\/2"}],"replies":[{"embeddable":true,"href":"https:\/\/www.europesays.com\/fr\/wp-json\/wp\/v2\/comments?post=27938"}],"version-history":[{"count":0,"href":"https:\/\/www.europesays.com\/fr\/wp-json\/wp\/v2\/posts\/27938\/revisions"}],"wp:featuredmedia":[{"embeddable":true,"href":"https:\/\/www.europesays.com\/fr\/wp-json\/wp\/v2\/media\/27939"}],"wp:attachment":[{"href":"https:\/\/www.europesays.com\/fr\/wp-json\/wp\/v2\/media?parent=27938"}],"wp:term":[{"taxonomy":"category","embeddable":true,"href":"https:\/\/www.europesays.com\/fr\/wp-json\/wp\/v2\/categories?post=27938"},{"taxonomy":"post_tag","embeddable":true,"href":"https:\/\/www.europesays.com\/fr\/wp-json\/wp\/v2\/tags?post=27938"}],"curies":[{"name":"wp","href":"https:\/\/api.w.org\/{rel}","templated":true}]}}