{"id":279385,"date":"2025-07-28T10:51:11","date_gmt":"2025-07-28T10:51:11","guid":{"rendered":"https:\/\/www.europesays.com\/fr\/279385\/"},"modified":"2025-07-28T10:51:11","modified_gmt":"2025-07-28T10:51:11","slug":"ce-legume-consomme-par-les-centenaires-japonais-serait-un-secret-de-longevite","status":"publish","type":"post","link":"https:\/\/www.europesays.com\/fr\/279385\/","title":{"rendered":"Ce l\u00e9gume consomm\u00e9 par les centenaires japonais serait un secret de long\u00e9vit\u00e9"},"content":{"rendered":"<p data-start=\"83\" data-end=\"586\"><strong>L\u2019\u00eele d\u2019Okinawa, au Japon, est souvent cit\u00e9e comme un mod\u00e8le de long\u00e9vit\u00e9 et de sant\u00e9. Les habitants de cette r\u00e9gion vivent plus longtemps que la moyenne mondiale et, mieux encore, ils jouissent d\u2019une vie active et en bonne sant\u00e9. Si le mode de vie, l\u2019activit\u00e9 physique et la forte coh\u00e9sion communautaire jouent un r\u00f4le crucial, l\u2019alimentation a \u00e9galement un impact majeur. Un aliment en particulier semble faire office de secret de long\u00e9vit\u00e9 : le beni imo, ou patate douce violette.<\/strong><\/p>\n<p>Pourquoi les centenaires d\u2019Okinawa mangent-ils du beni imo chaque semaine ?<\/p>\n<p data-start=\"668\" data-end=\"1098\">Okinawa abrite une population de centenaires bien plus \u00e9lev\u00e9e que dans d\u2019autres r\u00e9gions du monde. D\u2019apr\u00e8s les recherches de sp\u00e9cialistes comme <strong data-start=\"811\" data-end=\"827\">Dan Buettner<\/strong>, l\u2019une des raisons de cette long\u00e9vit\u00e9 r\u00e9side dans leur alimentation, qui est \u00e0 la fois \u00e9quilibr\u00e9e et riche en nutriments. Le beni imo est un aliment central du r\u00e9gime alimentaire des habitants de l\u2019\u00eele, repr\u00e9sentant jusqu\u2019\u00e0 <strong data-start=\"1052\" data-end=\"1060\">70 %<\/strong> de leur apport alimentaire quotidien.<\/p>\n<p data-start=\"1100\" data-end=\"1491\">L\u2019une des raisons pour lesquelles ce l\u00e9gume est si appr\u00e9ci\u00e9 est sa capacit\u00e9 \u00e0 <strong data-start=\"1178\" data-end=\"1226\">r\u00e9sister aux conditions climatiques extr\u00eames<\/strong>. Cultiv\u00e9 sous terre, il est prot\u00e9g\u00e9 des intemp\u00e9ries et des typhons fr\u00e9quents sur l\u2019\u00eele, ce qui en fait une source fiable de nourriture pour les habitants. Cela fait du beni imo un v\u00e9ritable <strong data-start=\"1417\" data-end=\"1433\">tr\u00e9sor local<\/strong> qui reste accessible m\u00eame dans des conditions difficiles.<\/p>\n<p>Un l\u00e9gume riche en antioxydants et en nutriments essentiels<\/p>\n<p data-start=\"1557\" data-end=\"2134\">Le beni imo, avec sa couleur violette caract\u00e9ristique, se distingue par sa richesse en <strong data-start=\"1644\" data-end=\"1661\">anthocyanines<\/strong>, des pigments naturels r\u00e9put\u00e9s pour leurs puissantes propri\u00e9t\u00e9s <a href=\"https:\/\/www.lederailleur.fr\/chocolat-chaud-the-ou-vin-quelle-boisson-contient-le-plus-dantioxydants-39400\/\" rel=\"nofollow noopener\" target=\"_blank\"><strong data-start=\"1726\" data-end=\"1743\">antioxydantes<\/strong><\/a>. Ces antioxydants sont essentiels pour lutter contre le vieillissement cellulaire et les maladies chroniques, notamment les probl\u00e8mes cardiovasculaires et l\u2019<strong data-start=\"1901\" data-end=\"1917\">inflammation<\/strong>. En plus de ses propri\u00e9t\u00e9s antioxydantes, le beni imo est \u00e9galement une excellente source de <strong data-start=\"2011\" data-end=\"2021\">fibres<\/strong>, de <strong data-start=\"2026\" data-end=\"2039\">vitamines<\/strong> et de <strong data-start=\"2046\" data-end=\"2058\">min\u00e9raux<\/strong>, tout en \u00e9tant faible en calories et dot\u00e9 d\u2019un <strong data-start=\"2106\" data-end=\"2133\">index glyc\u00e9mique mod\u00e9r\u00e9<\/strong>.<\/p>\n<p data-start=\"2136\" data-end=\"2566\">Cela en fait un <strong data-start=\"2152\" data-end=\"2172\">aliment de choix<\/strong> pour ceux qui cherchent \u00e0 maintenir un poids \u00e9quilibr\u00e9 tout en apportant \u00e0 leur corps les nutriments dont il a besoin pour fonctionner efficacement. J\u2019ai personnellement constat\u00e9 que lorsque j\u2019ai commenc\u00e9 \u00e0 int\u00e9grer des l\u00e9gumes comme le beni imo dans mes repas, mes niveaux d\u2019\u00e9nergie \u00e9taient plus stables et mes fringales moins fr\u00e9quentes, un bon indicateur d\u2019une gestion saine de la glyc\u00e9mie.<\/p>\n<p>Un aliment cl\u00e9, mais pas un miracle<\/p>\n<p data-start=\"2608\" data-end=\"3082\">Bien que le beni imo offre des <strong data-start=\"2639\" data-end=\"2666\">avantages nutritionnels<\/strong> ind\u00e9niables, il est important de souligner que cet aliment ne constitue pas un <strong data-start=\"2746\" data-end=\"2757\">miracle<\/strong>. Il fait partie d\u2019un <strong data-start=\"2779\" data-end=\"2808\">r\u00e9gime alimentaire global<\/strong> qui inclut une forte proportion de l\u00e9gumes, de soja, de poisson et une quantit\u00e9 mod\u00e9r\u00e9e de viande rouge. Cette alimentation est compl\u00e9t\u00e9e par un mode de vie <strong data-start=\"2966\" data-end=\"2975\">actif<\/strong> et une forte <strong data-start=\"2989\" data-end=\"3010\">connexion sociale<\/strong>, qui sont des \u00e9l\u00e9ments tout aussi essentiels \u00e0 une vie longue et saine.<\/p>\n<p data-start=\"3084\" data-end=\"3292\">Le beni imo, donc, n\u2019est qu\u2019un des \u00e9l\u00e9ments d\u2019un ensemble de pratiques de vie \u00e9quilibr\u00e9es, mais sa consommation r\u00e9guli\u00e8re contribue \u00e0 renforcer le syst\u00e8me immunitaire et \u00e0 <strong data-start=\"3256\" data-end=\"3278\">pr\u00e9server la sant\u00e9<\/strong> \u00e0 long terme.<\/p>\n<p>Comment int\u00e9grer le beni imo dans votre alimentation ?<\/p>\n<p data-start=\"3353\" data-end=\"3885\">Le beni imo, bien que parfois difficile \u00e0 trouver, est accessible dans certaines \u00e9piceries sp\u00e9cialis\u00e9es, notamment dans les magasins bio ou asiatiques. Il se pr\u00e9pare facilement : vous pouvez le cuire au <strong data-start=\"3556\" data-end=\"3564\">four<\/strong> ou \u00e0 la <strong data-start=\"3573\" data-end=\"3583\">vapeur<\/strong>, puis l\u2019incorporer dans des plats vari\u00e9s, ou encore l\u2019utiliser dans des <a href=\"https:\/\/www.lederailleur.fr\/5-delicieuses-recettes-de-smoothies-pour-faire-le-plein-avant-et-apres-le-trajet-27110\/\" rel=\"nofollow noopener\" target=\"_blank\"><strong data-start=\"3656\" data-end=\"3669\">smoothies<\/strong><\/a> pour apporter une touche sucr\u00e9e et color\u00e9e. C\u2019est aussi un excellent ingr\u00e9dient pour pr\u00e9parer des <strong data-start=\"3768\" data-end=\"3789\">desserts japonais<\/strong>, tels que des g\u00e2teaux ou des p\u00e2tisseries, o\u00f9 sa saveur douce et l\u00e9g\u00e8rement sucr\u00e9e est un atout.<\/p>\n<p data-start=\"3887\" data-end=\"4207\">J\u2019ai personnellement test\u00e9 le beni imo dans des recettes de <strong data-start=\"3947\" data-end=\"3956\">pur\u00e9e<\/strong> ou m\u00eame en tant que <strong data-start=\"3977\" data-end=\"4005\">garniture de plats sal\u00e9s<\/strong> comme les soupes ou les currys, et la texture fondante et le go\u00fbt subtilement sucr\u00e9 m\u2019ont conquis. C\u2019est une mani\u00e8re simple et agr\u00e9able d\u2019incorporer davantage de <strong data-start=\"4168\" data-end=\"4182\">nutriments<\/strong> dans votre alimentation.<\/p>\n<p>Conclusion : un aliment simple pour une sant\u00e9 optimale<\/p>\n<p data-start=\"4268\" data-end=\"4975\" data-is-last-node=\"\" data-is-only-node=\"\">Le beni imo n\u2019est peut-\u00eatre pas un secret de long\u00e9vit\u00e9 \u00e0 lui seul, mais il incarne parfaitement l\u2019importance d\u2019une <strong data-start=\"4383\" data-end=\"4417\">alimentation vari\u00e9e et adapt\u00e9e<\/strong> \u00e0 son environnement. En l\u2019int\u00e9grant r\u00e9guli\u00e8rement \u00e0 votre <a href=\"https:\/\/www.lederailleur.fr\/nutrition-regime-alimentaire-et-grand-c-28703\/\" rel=\"nofollow noopener\" target=\"_blank\"><strong data-start=\"4476\" data-end=\"4498\">r\u00e9gime alimentaire<\/strong><\/a>, vous b\u00e9n\u00e9ficierez de ses nombreux avantages nutritionnels tout en profitant de ses bienfaits pour votre sant\u00e9. Ce n\u2019est pas simplement un aliment, mais un <strong data-start=\"4655\" data-end=\"4666\">symbole<\/strong> de la mani\u00e8re dont l\u2019alimentation peut soutenir notre bien-\u00eatre \u00e0 long terme, tout en respectant les principes de la <strong data-start=\"4784\" data-end=\"4798\">mod\u00e9ration<\/strong> et de l\u2019\u00e9quilibre. Alors, pourquoi ne pas tester cette <strong data-start=\"4854\" data-end=\"4879\">patate douce violette<\/strong> et rejoindre ceux qui, comme les habitants d\u2019Okinawa, int\u00e8grent ce tr\u00e9sor dans leur quotidien ?<\/p>\n","protected":false},"excerpt":{"rendered":"L\u2019\u00eele d\u2019Okinawa, au Japon, est souvent cit\u00e9e comme un mod\u00e8le de long\u00e9vit\u00e9 et de sant\u00e9. Les habitants de&hellip;\n","protected":false},"author":2,"featured_media":279386,"comment_status":"","ping_status":"","sticky":false,"template":"","format":"standard","meta":{"footnotes":""},"categories":[10],"tags":[1011,27,72,71],"class_list":{"0":"post-279385","1":"post","2":"type-post","3":"status-publish","4":"format-standard","5":"has-post-thumbnail","7":"category-sante","8":"tag-fr","9":"tag-france","10":"tag-health","11":"tag-sante"},"share_on_mastodon":{"url":"https:\/\/pubeurope.com\/@fr\/114930482145957011","error":""},"_links":{"self":[{"href":"https:\/\/www.europesays.com\/fr\/wp-json\/wp\/v2\/posts\/279385","targetHints":{"allow":["GET"]}}],"collection":[{"href":"https:\/\/www.europesays.com\/fr\/wp-json\/wp\/v2\/posts"}],"about":[{"href":"https:\/\/www.europesays.com\/fr\/wp-json\/wp\/v2\/types\/post"}],"author":[{"embeddable":true,"href":"https:\/\/www.europesays.com\/fr\/wp-json\/wp\/v2\/users\/2"}],"replies":[{"embeddable":true,"href":"https:\/\/www.europesays.com\/fr\/wp-json\/wp\/v2\/comments?post=279385"}],"version-history":[{"count":0,"href":"https:\/\/www.europesays.com\/fr\/wp-json\/wp\/v2\/posts\/279385\/revisions"}],"wp:featuredmedia":[{"embeddable":true,"href":"https:\/\/www.europesays.com\/fr\/wp-json\/wp\/v2\/media\/279386"}],"wp:attachment":[{"href":"https:\/\/www.europesays.com\/fr\/wp-json\/wp\/v2\/media?parent=279385"}],"wp:term":[{"taxonomy":"category","embeddable":true,"href":"https:\/\/www.europesays.com\/fr\/wp-json\/wp\/v2\/categories?post=279385"},{"taxonomy":"post_tag","embeddable":true,"href":"https:\/\/www.europesays.com\/fr\/wp-json\/wp\/v2\/tags?post=279385"}],"curies":[{"name":"wp","href":"https:\/\/api.w.org\/{rel}","templated":true}]}}