{"id":279393,"date":"2025-07-28T10:55:15","date_gmt":"2025-07-28T10:55:15","guid":{"rendered":"https:\/\/www.europesays.com\/fr\/279393\/"},"modified":"2025-07-28T10:55:15","modified_gmt":"2025-07-28T10:55:15","slug":"pekin-espere-de-la-reciprocite-lors-des-pourparlers-commerciaux-avec-washington-a-stockholm-actualites","status":"publish","type":"post","link":"https:\/\/www.europesays.com\/fr\/279393\/","title":{"rendered":"P\u00e9kin esp\u00e8re de la \u00ab\u00a0r\u00e9ciprocit\u00e9\u00a0\u00bb lors des pourparlers commerciaux avec Washington \u00e0 Stockholm : Actualit\u00e9s"},"content":{"rendered":"<p class=\"lead \">La Chine a d\u00e9clar\u00e9 lundi esp\u00e9rer de la \u00ab\u00a0r\u00e9ciprocit\u00e9\u00a0\u00bb dans les n\u00e9gociations commerciales avec les Etats-Unis, au moment o\u00f9 les d\u00e9l\u00e9gations des deux pays se pr\u00e9parent \u00e0 d\u00e9buter une nouvelle s\u00e9rie de pourparlers \u00e0 Stockholm.<\/p>\n<p class=\"lead \">Lundi, les drapeaux chinois et am\u00e9ricain avaient \u00e9t\u00e9 hiss\u00e9s devant Rosenbad, qui abrite le cabinet du Premier ministre dans la capitale su\u00e9doise.<\/p>\n<p class=\"lead \">Les n\u00e9gociations devraient durer deux jours, et pourraient aboutir \u00e0 une prolongation de la tr\u00eave tarifaire.<\/p>\n<p class=\"lead \">P\u00e9kin a dit lundi esp\u00e9rer qu&rsquo;elles se tiendront dans un esprit \u00ab\u00a0de respect mutuel et de r\u00e9ciprocit\u00e9\u00a0\u00bb.<\/p>\n<p class=\"lead \">La Chine entend \u00ab\u00a0r\u00e9duire les malentendus, renforcer la coop\u00e9ration et promouvoir un d\u00e9veloppement stable, sain et durable des relations sino-am\u00e9ricaines\u00a0\u00bb, a d\u00e9clar\u00e9 un porte-parole du minist\u00e8re des Affaires \u00e9trang\u00e8res, Guo Jiakun, lors d&rsquo;une conf\u00e9rence de presse r\u00e9guli\u00e8re.<\/p>\n<p class=\"lead \">Ces pourparlers ont lieu au d\u00e9but d&rsquo;une semaine d\u00e9cisive pour la politique commerciale du pr\u00e9sident Donald Trump, les droits de douane appliqu\u00e9s \u00e0 la plupart des principaux partenaires commerciaux des Etats-Unis devant conna\u00eetre une brusque hausse le 1er ao\u00fbt.<\/p>\n<p class=\"lead \">En l&rsquo;\u00e9tat, les produits entrant aux Etats-Unis pourraient \u00eatre tax\u00e9s entre 10% et 50% &#8211; le taux le plus \u00e9lev\u00e9s viserait le Br\u00e9sil, tandis que les voisins canadiens et mexicains \u00e9coperaient d&rsquo;une surtaxe de 35% et 30%, respectivement.<\/p>\n<p class=\"lead \">De quoi augmenter la moyenne des droits de douane appliqu\u00e9s aux produits import\u00e9s, d\u00e9j\u00e0 \u00e0 son niveau le plus \u00e9lev\u00e9 depuis le d\u00e9but des ann\u00e9es 1930, selon les donn\u00e9es du centre de recherche Budget Lab de l&rsquo;Universit\u00e9 de Yale.<\/p>\n<p class=\"lead \">P\u00e9kin pourrait se sentir privil\u00e9gi\u00e9: certes, ses produits encaissent 30% de surtaxe en plus des droits de douane en place avant le 1er janvier, mais la tr\u00eave leur permet d&rsquo;\u00e9chapper pour l&rsquo;heure \u00e0 de nouvelles surtaxes. <\/p>\n<p class=\"lead \">Les discussions \u00e0 Stockholm lundi visent \u00e0 prolonger la pause de 90 jours n\u00e9goci\u00e9e en mai \u00e0 Gen\u00e8ve, qui avait mis fin aux repr\u00e9sailles des deux c\u00f4t\u00e9s du Pacifique \u00e0 l&rsquo;origine de surtaxes prohibitives.<\/p>\n<p class=\"lead \">L&rsquo;objectif devrait \u00eatre atteint, selon le quotidien chinois South China Morning Post, qui r\u00e9v\u00e9lait dimanche que la tr\u00eave devrait \u00eatre \u00e9tendue de 90 jours suppl\u00e9mentaires.<\/p>\n<p class=\"lead \">La d\u00e9tente semble amorc\u00e9e et \u00ab\u00a0une \u00e9volution significative semble appara\u00eetre dans l&rsquo;approche du gouvernement (am\u00e9ricain) \u00e0 l&rsquo;\u00e9gard de la Chine\u00a0\u00bb, souligne pour l&rsquo;AFP la responsable de la strat\u00e9gie de Minerva, Emily Benson.<\/p>\n<p class=\"lead \">Les responsables am\u00e9ricains sont d\u00e9sormais \u00ab\u00a0concentr\u00e9s sur ce qui est atteignable, \u00e0 mettre de l&rsquo;huile dans les rouages et \u00e9viter de nouveaux sujets de tension\u00a0\u00bb, ajoute-t-elle.<\/p>\n<p class=\"lead \">&#8211; 15% pour l&rsquo;UE &#8211;<\/p>\n<p class=\"lead \">Pour l&rsquo;heure, aucun accord sur le fond n&rsquo;a \u00e9t\u00e9 trouv\u00e9 entre les deux capitales, mais des progr\u00e8s ont \u00e9t\u00e9 r\u00e9alis\u00e9s sur des sujets jug\u00e9s essentiels de part et d&rsquo;autre.<\/p>\n<p class=\"lead \">Washington a ainsi obtenu un rel\u00e2chement des restrictions d&rsquo;exportation des terres rares chinoises quand P\u00e9kin a vu son acc\u00e8s aux semi-conducteurs am\u00e9ricains les plus performants \u00eatre en partie r\u00e9tabli.<\/p>\n<p class=\"lead \">Un prolongement de la tr\u00eave indiquerait une \u00ab\u00a0volont\u00e9 de continuer \u00e0 discuter de part et d&rsquo;autre\u00a0\u00bb, selon Thibault Denamiel, chercheur pour le CSIS \u00e0 Washington.<\/p>\n<p class=\"lead \">En attendant l&rsquo;\u00e9tape suivante: une rencontre entre Donald Trump et son homologue chinois Xi Jinping.<\/p>\n<p class=\"lead \">Dans l&rsquo;imm\u00e9diat, les march\u00e9s r\u00e9agissaient lundi positivement, apr\u00e8s la conclusion des n\u00e9gociations commerciales entre les Etats-Unis et l&rsquo;Union europ\u00e9enne (UE).<\/p>\n<p class=\"lead \">A l&rsquo;issue d&rsquo;une rencontre entre Donald Trump et la pr\u00e9sidente de la Commission europ\u00e9enne en Ecosse, le pr\u00e9sident am\u00e9ricain a annonc\u00e9 dimanche que l&rsquo;UE avait accept\u00e9 de se voir imposer 15% de droits de douane et s&rsquo;engageait \u00e0 investir 600 milliards de dollars suppl\u00e9mentaires aux Etats-Unis, sans pr\u00e9cisions sur l&rsquo;\u00e9ch\u00e9ance.<\/p>\n<p class=\"lead \">Un \u00ab\u00a0bon accord, qui apportera de la stabilit\u00e9 et de la pr\u00e9visibilit\u00e9\u00a0\u00bb des deux c\u00f4t\u00e9s de l&rsquo;Atlantique, a assur\u00e9 Mme von der Leyen.<\/p>\n<p class=\"lead \">N\u00e9anmoins, Washington n&rsquo;est pour l&rsquo;heure parvenu \u00e0 d\u00e9crocher que cinq autres accords commerciaux &#8211; et plus souvent des d\u00e9clarations d&rsquo;intention que des accords formels.<\/p>\n<p class=\"lead \">L&rsquo;Indon\u00e9sie, le Japon, les Philippines, le Royaume-Uni et le Vietnam ont jusqu&rsquo;ici pu s&rsquo;entendre avec Washington et vu leurs droits de douane potentiels r\u00e9duits, \u00e0 priori entre 15 et 20% pour la plupart d&rsquo;entre eux.<\/p>\n<p class=\"lead \">Pour les autres pays, le 1er ao\u00fbt devra bien marquer l&rsquo;entr\u00e9e en vigueur des surtaxes annonc\u00e9es par Donald Trump.<\/p>\n<p class=\"small font-weight-bold text-gray3 \"> publi\u00e9 le 28 juillet \u00e0 11h45, AFP<\/p>\n<p>                             Partager<\/p>\n","protected":false},"excerpt":{"rendered":"La Chine a d\u00e9clar\u00e9 lundi esp\u00e9rer de la \u00ab\u00a0r\u00e9ciprocit\u00e9\u00a0\u00bb dans les n\u00e9gociations commerciales avec les Etats-Unis, au moment&hellip;\n","protected":false},"author":2,"featured_media":279394,"comment_status":"","ping_status":"","sticky":false,"template":"","format":"standard","meta":{"footnotes":""},"categories":[6],"tags":[35,309,215,312,2822,33,34,1011,27,308],"class_list":{"0":"post-279393","1":"post","2":"type-post","3":"status-publish","4":"format-standard","5":"has-post-thumbnail","7":"category-economie","8":"tag-business","9":"tag-chine","10":"tag-commerce","11":"tag-diplomatie","12":"tag-douanes","13":"tag-economie","14":"tag-economy","15":"tag-fr","16":"tag-france","17":"tag-usa"},"share_on_mastodon":{"url":"https:\/\/pubeurope.com\/@fr\/114930498014231960","error":""},"_links":{"self":[{"href":"https:\/\/www.europesays.com\/fr\/wp-json\/wp\/v2\/posts\/279393","targetHints":{"allow":["GET"]}}],"collection":[{"href":"https:\/\/www.europesays.com\/fr\/wp-json\/wp\/v2\/posts"}],"about":[{"href":"https:\/\/www.europesays.com\/fr\/wp-json\/wp\/v2\/types\/post"}],"author":[{"embeddable":true,"href":"https:\/\/www.europesays.com\/fr\/wp-json\/wp\/v2\/users\/2"}],"replies":[{"embeddable":true,"href":"https:\/\/www.europesays.com\/fr\/wp-json\/wp\/v2\/comments?post=279393"}],"version-history":[{"count":0,"href":"https:\/\/www.europesays.com\/fr\/wp-json\/wp\/v2\/posts\/279393\/revisions"}],"wp:featuredmedia":[{"embeddable":true,"href":"https:\/\/www.europesays.com\/fr\/wp-json\/wp\/v2\/media\/279394"}],"wp:attachment":[{"href":"https:\/\/www.europesays.com\/fr\/wp-json\/wp\/v2\/media?parent=279393"}],"wp:term":[{"taxonomy":"category","embeddable":true,"href":"https:\/\/www.europesays.com\/fr\/wp-json\/wp\/v2\/categories?post=279393"},{"taxonomy":"post_tag","embeddable":true,"href":"https:\/\/www.europesays.com\/fr\/wp-json\/wp\/v2\/tags?post=279393"}],"curies":[{"name":"wp","href":"https:\/\/api.w.org\/{rel}","templated":true}]}}