{"id":279401,"date":"2025-07-28T10:59:10","date_gmt":"2025-07-28T10:59:10","guid":{"rendered":"https:\/\/www.europesays.com\/fr\/279401\/"},"modified":"2025-07-28T10:59:10","modified_gmt":"2025-07-28T10:59:10","slug":"loire-nu-sous-un-peignoir-et-arme-de-barres-de-fer-il-menace-les-employes-dune-grande-surface","status":"publish","type":"post","link":"https:\/\/www.europesays.com\/fr\/279401\/","title":{"rendered":"Loire. Nu sous un peignoir et arm\u00e9 de barres de fer, il menace les employ\u00e9s d\u2019une grande surface"},"content":{"rendered":"<p>La journ\u00e9e a d\u00e9but\u00e9 sur les chapeaux de roues, samedi 26\u00a0juillet, pour les employ\u00e9s du magasin Metro, dans le quartier de La Terrasse, \u00e0 Saint-Etienne. Il est 6\u00a0h\u00a045 quand police secours re\u00e7oit un appel au 17 qui signale la pr\u00e9sence d\u2019un homme mena\u00e7ant devant la grande surface, rue des Trois-Glorieuses. V\u00eatu d\u2019un peignoir et arm\u00e9 de barres de fer, il prof\u00e8re insultes et menaces \u00e0 l\u2019endroit des salari\u00e9s. Il brandit les barres de fer, les frappe contre les fen\u00eatres ainsi que sur une voiture stationn\u00e9e sur le parking.<\/p>\n<p>\u00c0 leur arriv\u00e9e sur les lieux, les fonctionnaires de police constatent la pr\u00e9sence de cet homme mena\u00e7ant. Les policiers lui ordonnent de jeter les barres de fer. L\u2019homme s\u2019ex\u00e9cute mais ne compte pas se laisser interpeller.\u00a0L\u00e0, dans une sc\u00e8ne digne du film culte Rocky , l\u2019homme laisse tomber son peignoir au sol. Nu, il monte les poings et se met en garde, face aux fonctionnaires, en annon\u00e7ant vouloir se battre.<\/p>\n<p>  Un coup de t\u00eate \u00e0 un policier<\/p>\n<p>Les policiers ne perdent pas leur sang-froid et parviennent \u00e0 le ma\u00eetriser. Dans l\u2019action, l\u2019un des fonctionnaires re\u00e7oit un coup de t\u00eate par-derri\u00e8re. Interpell\u00e9, ce St\u00e9phanois \u00e2g\u00e9 de 46 ans est plac\u00e9 en garde \u00e0 vue o\u00f9 il passera le reste du week-end. Pr\u00e9sent\u00e9 \u00e0 un magistrat ce lundi 28\u00a0juillet dans la matin\u00e9e, il sera poursuivi et devra r\u00e9pondre, devant un tribunal, de violences sur personnes d\u00e9positaires de l\u2019autorit\u00e9 publique, d\u00e9gradations de biens appartenant \u00e0 autrui, violences avec usage et sous la menace d\u2019une arme et r\u00e9bellion.<\/p>\n<p>Au cours de ses auditions, le mis en cause a justifi\u00e9 son comportement par la consommation d\u2019une substance qui pensait \u00eatre de la coca\u00efne, qui l\u2019aurait plong\u00e9 dans un monde parall\u00e8le o\u00f9 il se pensait menac\u00e9.<\/p>\n","protected":false},"excerpt":{"rendered":"La journ\u00e9e a d\u00e9but\u00e9 sur les chapeaux de roues, samedi 26\u00a0juillet, pour les employ\u00e9s du magasin Metro, dans&hellip;\n","protected":false},"author":2,"featured_media":279402,"comment_status":"","ping_status":"","sticky":false,"template":"","format":"standard","meta":{"footnotes":""},"categories":[9653],"tags":[1111,11,2430,271,272,7539,1777,674,274,1011,27,3367,12,25,4001,7538],"class_list":{"0":"post-279401","1":"post","2":"type-post","3":"status-publish","4":"format-standard","5":"has-post-thumbnail","7":"category-saint-etienne","8":"tag-actu","9":"tag-actualites","10":"tag-auvergne-rhone-alpes","11":"tag-crime","12":"tag-delit-et-contravention","13":"tag-edition-loire-sud","14":"tag-eu","15":"tag-europe","16":"tag-faits-divers-justice","17":"tag-fr","18":"tag-france","19":"tag-loire","20":"tag-news","21":"tag-republique-francaise","22":"tag-saint-etienne","23":"tag-saint-etienne-ville"},"share_on_mastodon":{"url":"https:\/\/pubeurope.com\/@fr\/114930514054540901","error":""},"_links":{"self":[{"href":"https:\/\/www.europesays.com\/fr\/wp-json\/wp\/v2\/posts\/279401","targetHints":{"allow":["GET"]}}],"collection":[{"href":"https:\/\/www.europesays.com\/fr\/wp-json\/wp\/v2\/posts"}],"about":[{"href":"https:\/\/www.europesays.com\/fr\/wp-json\/wp\/v2\/types\/post"}],"author":[{"embeddable":true,"href":"https:\/\/www.europesays.com\/fr\/wp-json\/wp\/v2\/users\/2"}],"replies":[{"embeddable":true,"href":"https:\/\/www.europesays.com\/fr\/wp-json\/wp\/v2\/comments?post=279401"}],"version-history":[{"count":0,"href":"https:\/\/www.europesays.com\/fr\/wp-json\/wp\/v2\/posts\/279401\/revisions"}],"wp:featuredmedia":[{"embeddable":true,"href":"https:\/\/www.europesays.com\/fr\/wp-json\/wp\/v2\/media\/279402"}],"wp:attachment":[{"href":"https:\/\/www.europesays.com\/fr\/wp-json\/wp\/v2\/media?parent=279401"}],"wp:term":[{"taxonomy":"category","embeddable":true,"href":"https:\/\/www.europesays.com\/fr\/wp-json\/wp\/v2\/categories?post=279401"},{"taxonomy":"post_tag","embeddable":true,"href":"https:\/\/www.europesays.com\/fr\/wp-json\/wp\/v2\/tags?post=279401"}],"curies":[{"name":"wp","href":"https:\/\/api.w.org\/{rel}","templated":true}]}}