{"id":279405,"date":"2025-07-28T11:01:09","date_gmt":"2025-07-28T11:01:09","guid":{"rendered":"https:\/\/www.europesays.com\/fr\/279405\/"},"modified":"2025-07-28T11:01:09","modified_gmt":"2025-07-28T11:01:09","slug":"certains-abris-seront-temporairement-inaccessibles-dans-le-grand-nancy-voici-pourquoi","status":"publish","type":"post","link":"https:\/\/www.europesays.com\/fr\/279405\/","title":{"rendered":"certains abris seront temporairement inaccessibles dans le Grand Nancy, voici pourquoi"},"content":{"rendered":"<p>            Par<br \/>\n        <strong><br \/>\n            <a href=\"https:\/\/actu.fr\/auteur\/amandine-mehl\" title=\"Consulter tous les articles de Amandine Mehl\" target=\"_blank\" rel=\"noopener\">Amandine Mehl<\/a><br \/>\n        <\/strong><\/p>\n<p>        Publi\u00e9 le<\/p>\n<p>            28 juil. 2025 \u00e0 12h09        <\/p>\n<p>Via un communiqu\u00e9 de presse, la M\u00e9tropole du <a href=\"https:\/\/actu.fr\/tag\/grand-nancy\" target=\"_blank\" rel=\"noopener\">Grand Nancy<\/a> annonce que <strong>certains abris<\/strong> pr\u00e9sents aux arr\u00eats du <a href=\"https:\/\/actu.fr\/tag\/reseau-stan\" target=\"_blank\" rel=\"noopener\">r\u00e9seau Stan<\/a> seront<strong> temporairement inaccessibles<\/strong>.<\/p>\n<p class=\" wall-content\">Des <a href=\"https:\/\/actu.fr\/tag\/travaux\" target=\"_blank\" rel=\"noopener\">travaux<\/a> de <strong>maintenance<\/strong> et de <strong>peinture<\/strong> vont en effet \u00eatre entrepris sur l\u2019ensemble des <strong>477 abris et colonnes services<\/strong>, \u00e0 compter de ce lundi 28\u00a0juillet 2025, <strong>sur toutes les lignes du r\u00e9seau hormis celle du trolleybus<\/strong>.<\/p>\n<p>Une seconde phase de r\u00e9novation attendue fin 2025<\/p>\n<p class=\" wall-content\">Les \u00e9l\u00e9ments d\u00e9fectueux ou trop ab\u00eem\u00e9s, \u00e0 l\u2019instar des glaces ray\u00e9es, des assises ou encore des cadres horaires, pourront <strong>\u00eatre remplac\u00e9s<\/strong> \u00e9galement. Les premi\u00e8res r\u00e9novations se concentreront sur la <a href=\"https:\/\/actu.fr\/grand-est\/nancy_54395\/reseau-stan-parcours-horaires-ouverture-tout-ce-qu-il-faut-savoir-sur-la-future-ligne-5-a-nancy_62134194.html\" target=\"_blank\" rel=\"noopener\">future ligne Tempo 5<\/a> puis sur <a href=\"https:\/\/actu.fr\/grand-est\/nancy_54395\/reseau-stan-le-grand-nancy-veut-transformer-la-ligne-2-sur-le-meme-modele-que-celui-du-trolleybus_62821958.html\" target=\"_blank\" rel=\"noopener\">la ligne Tempo 2<\/a>.<\/p>\n<p class=\" wall-content\">Une <strong>seconde phase de r\u00e9novation<\/strong> est d\u2019ores et d\u00e9j\u00e0 pr\u00e9vue \u00e0 la fin de l\u2019ann\u00e9e 2025. Elle aura pour but de remplacer le syst\u00e8me \u00e9lectrique, d\u2019opacifier les toitures et d\u2019ajouter des d\u00e9tecteurs de pr\u00e9sence permettant des \u00e9conomies d\u2019\u00e9nergie.<\/p>\n<p class=\" wall-content\">Suivez toute l\u2019actualit\u00e9 de vos villes et m\u00e9dias favoris en vous inscrivant \u00e0 <a href=\"https:\/\/moncompte.actu.fr\" title=\"D\u00e9couvez Mon Actu\" rel=\"nofollow noopener\" data-trk=\"{&quot;cta&quot;:{&quot;action&quot;:&quot;https:\\\/\\\/moncompte.actu.fr&quot;,&quot;category&quot;:&quot;mon compte&quot;,&quot;from&quot;:&quot;article footer&quot;,&quot;name&quot;:&quot;Mon actu&quot;,&quot;type&quot;:&quot;cta&quot;}}\" target=\"_blank\">Mon Actu<\/a>.<\/p>\n","protected":false},"excerpt":{"rendered":"Par Amandine Mehl Publi\u00e9 le 28 juil. 2025 \u00e0 12h09 Via un communiqu\u00e9 de presse, la M\u00e9tropole du&hellip;\n","protected":false},"author":2,"featured_media":279406,"comment_status":"","ping_status":"","sticky":false,"template":"","format":"standard","meta":{"footnotes":""},"categories":[9635],"tags":[1111,11,1777,674,1011,27,775,10375,1702,12,25,9849,104,2086],"class_list":{"0":"post-279405","1":"post","2":"type-post","3":"status-publish","4":"format-standard","5":"has-post-thumbnail","7":"category-nancy","8":"tag-actu","9":"tag-actualites","10":"tag-eu","11":"tag-europe","12":"tag-fr","13":"tag-france","14":"tag-grand-est","15":"tag-grand-nancy","16":"tag-nancy","17":"tag-news","18":"tag-republique-francaise","19":"tag-reseau-stan","20":"tag-societe","21":"tag-travaux"},"share_on_mastodon":{"url":"https:\/\/pubeurope.com\/@fr\/114930521458120925","error":""},"_links":{"self":[{"href":"https:\/\/www.europesays.com\/fr\/wp-json\/wp\/v2\/posts\/279405","targetHints":{"allow":["GET"]}}],"collection":[{"href":"https:\/\/www.europesays.com\/fr\/wp-json\/wp\/v2\/posts"}],"about":[{"href":"https:\/\/www.europesays.com\/fr\/wp-json\/wp\/v2\/types\/post"}],"author":[{"embeddable":true,"href":"https:\/\/www.europesays.com\/fr\/wp-json\/wp\/v2\/users\/2"}],"replies":[{"embeddable":true,"href":"https:\/\/www.europesays.com\/fr\/wp-json\/wp\/v2\/comments?post=279405"}],"version-history":[{"count":0,"href":"https:\/\/www.europesays.com\/fr\/wp-json\/wp\/v2\/posts\/279405\/revisions"}],"wp:featuredmedia":[{"embeddable":true,"href":"https:\/\/www.europesays.com\/fr\/wp-json\/wp\/v2\/media\/279406"}],"wp:attachment":[{"href":"https:\/\/www.europesays.com\/fr\/wp-json\/wp\/v2\/media?parent=279405"}],"wp:term":[{"taxonomy":"category","embeddable":true,"href":"https:\/\/www.europesays.com\/fr\/wp-json\/wp\/v2\/categories?post=279405"},{"taxonomy":"post_tag","embeddable":true,"href":"https:\/\/www.europesays.com\/fr\/wp-json\/wp\/v2\/tags?post=279405"}],"curies":[{"name":"wp","href":"https:\/\/api.w.org\/{rel}","templated":true}]}}