{"id":279411,"date":"2025-07-28T11:04:11","date_gmt":"2025-07-28T11:04:11","guid":{"rendered":"https:\/\/www.europesays.com\/fr\/279411\/"},"modified":"2025-07-28T11:04:11","modified_gmt":"2025-07-28T11:04:11","slug":"toulon-presente-son-nouveau-maillot-exterieur-inspire-par-le-porte-avions-charles-de-gaulle","status":"publish","type":"post","link":"https:\/\/www.europesays.com\/fr\/279411\/","title":{"rendered":"Toulon pr\u00e9sente son nouveau maillot ext\u00e9rieur inspir\u00e9 par le porte-avions Charles-de-Gaulle"},"content":{"rendered":"<p class=\"mb-4 text-lg md:leading-8 break-words\">C\u2019est un moment toujours tr\u00e8s attendu par les supporters. En attendant la reprise du championnat de France de rugby, les clubs d\u00e9voilent leurs nouveaux maillots pour cette nouvelle saison. Ce lundi, c\u2019est Toulon qui a pr\u00e9sent\u00e9 son maillot ext\u00e9rieur. Cette ann\u00e9e, <a href=\"https:\/\/rmcsport.bfmtv.com\/rugby\/rc-toulonnais_DN-201503070179.html\" rel=\"nofollow noopener\" target=\"_blank\" data-ylk=\"slk:le RCT;elm:context_link;itc:0;sec:content-canvas\" class=\"link \">le RCT<\/a> a d\u00e9cid\u00e9 de rendre hommage au c\u00e9l\u00e8bre porte-avions Charles-de-Gaulle, fiert\u00e9 de la base navale de la cit\u00e9 varoise, pour son 25e anniversaire de mise en service en 2026. Une tunique blanche un peu sp\u00e9ciale.<\/p>\n<p>Sept recrues d\u00e9j\u00e0 annonc\u00e9es<\/p>\n<p class=\"mb-4 text-lg md:leading-8 break-words\">\u00ab\u00a0Sur ce maillot, les tra\u00een\u00e9es de d\u00e9collage des avions s\u2019\u00e9lancent en formant un V, rappel \u00e0 la fois de la vitesse et du scapulaire historique port\u00e9 depuis des g\u00e9n\u00e9rations par les joueurs toulonnais\u00a0\u00bb, indique <a href=\"https:\/\/rctoulon.com\/rct-x-nike-decouvrez-le-maillot-exterieur-pour-la-saison-2025-2026\/\" rel=\"nofollow noopener\" target=\"_blank\" data-ylk=\"slk:le club;elm:context_link;itc:0;sec:content-canvas\" class=\"link \">le club<\/a>.<\/p>\n<p class=\"mb-4 text-lg md:leading-8 break-words\">En attendant le maillot \u00e0 domicile et la reprise du <a href=\"https:\/\/fr.news.yahoo.com\/sport\/reprise-top-14-menac%C3%A9e-gr%C3%A8ve-140121410.html\" data-ylk=\"slk:Top 14;elm:context_link;itc:0;sec:content-canvas;outcm:mb_qualified_link;_E:mb_qualified_link;ct:story;\" class=\"link  yahoo-link\" target=\"_blank\" rel=\"noopener\">Top 14<\/a> avec un premier match face \u00e0 Montpellier, le Rugby Club Toulonnais a d\u2019ores-et-d\u00e9j\u00e0 annonc\u00e9 l\u2019arriv\u00e9e de sept recrues: l\u2019ouvreur Mat\u00e9o Garcia, l\u2019international italien Ignacio Brex, le 3e ligne anglais Zach Mercer, le pilier droit g\u00e9orgien Nikoloz Narmania, le 3e ligne Patrick Tuifua, le demi de m\u00eal\u00e9e Clovis Le Bail et le polyvalent arri\u00e8re Mathis Fert\u00e9.<\/p>\n<p class=\"mb-4 text-lg md:leading-8 break-words\"><a href=\"https:\/\/rmcsport.bfmtv.com\/rugby\/top-14\/top-14-toulon-presente-son-nouveau-maillot-exterieur-inspire-par-le-porte-avions-charles-de-gaulle_AN-202507280274.html#xtor=AL-68\" rel=\"nofollow noopener\" target=\"_blank\" data-ylk=\"slk:Article original publi\u00e9 sur RMC Sport;elm:context_link;itc:0;sec:content-canvas\" class=\"link \">Article original publi\u00e9 sur RMC Sport<\/a><\/p>\n","protected":false},"excerpt":{"rendered":"C\u2019est un moment toujours tr\u00e8s attendu par les supporters. En attendant la reprise du championnat de France de&hellip;\n","protected":false},"author":2,"featured_media":279412,"comment_status":"","ping_status":"","sticky":false,"template":"","format":"standard","meta":{"footnotes":""},"categories":[9619],"tags":[1111,11,2511,41885,1777,674,1011,27,6563,10274,12,882,3461,25,2310],"class_list":{"0":"post-279411","1":"post","2":"type-post","3":"status-publish","4":"format-standard","5":"has-post-thumbnail","7":"category-toulon","8":"tag-actu","9":"tag-actualites","10":"tag-cest","11":"tag-championnat-de-france-de-rugby","12":"tag-eu","13":"tag-europe","14":"tag-fr","15":"tag-france","16":"tag-le-club","17":"tag-maillot","18":"tag-news","19":"tag-provence-alpes-cote-dazur","20":"tag-rct","21":"tag-republique-francaise","22":"tag-toulon"},"share_on_mastodon":{"url":"https:\/\/pubeurope.com\/@fr\/114930533257108697","error":""},"_links":{"self":[{"href":"https:\/\/www.europesays.com\/fr\/wp-json\/wp\/v2\/posts\/279411","targetHints":{"allow":["GET"]}}],"collection":[{"href":"https:\/\/www.europesays.com\/fr\/wp-json\/wp\/v2\/posts"}],"about":[{"href":"https:\/\/www.europesays.com\/fr\/wp-json\/wp\/v2\/types\/post"}],"author":[{"embeddable":true,"href":"https:\/\/www.europesays.com\/fr\/wp-json\/wp\/v2\/users\/2"}],"replies":[{"embeddable":true,"href":"https:\/\/www.europesays.com\/fr\/wp-json\/wp\/v2\/comments?post=279411"}],"version-history":[{"count":0,"href":"https:\/\/www.europesays.com\/fr\/wp-json\/wp\/v2\/posts\/279411\/revisions"}],"wp:featuredmedia":[{"embeddable":true,"href":"https:\/\/www.europesays.com\/fr\/wp-json\/wp\/v2\/media\/279412"}],"wp:attachment":[{"href":"https:\/\/www.europesays.com\/fr\/wp-json\/wp\/v2\/media?parent=279411"}],"wp:term":[{"taxonomy":"category","embeddable":true,"href":"https:\/\/www.europesays.com\/fr\/wp-json\/wp\/v2\/categories?post=279411"},{"taxonomy":"post_tag","embeddable":true,"href":"https:\/\/www.europesays.com\/fr\/wp-json\/wp\/v2\/tags?post=279411"}],"curies":[{"name":"wp","href":"https:\/\/api.w.org\/{rel}","templated":true}]}}