{"id":279417,"date":"2025-07-28T11:10:10","date_gmt":"2025-07-28T11:10:10","guid":{"rendered":"https:\/\/www.europesays.com\/fr\/279417\/"},"modified":"2025-07-28T11:10:10","modified_gmt":"2025-07-28T11:10:10","slug":"dix-jeunes-refugiees-palestiniennes-en-isere-dans-le-cadre-de-la-cooperation-avec-bethleem","status":"publish","type":"post","link":"https:\/\/www.europesays.com\/fr\/279417\/","title":{"rendered":"dix jeunes r\u00e9fugi\u00e9es palestiniennes en Is\u00e8re dans le cadre de la coop\u00e9ration avec Bethl\u00e9em"},"content":{"rendered":"<p itemprop=\"description\"><strong>Dix jeunes r\u00e9fugi\u00e9es palestiniennes d\u2019A\u00efda et Bethl\u00e9em ont \u00e9t\u00e9 re\u00e7ues \u00e0 Grenoble pour une semaine de d\u00e9couvertes. Ce projet s\u2019inscrit dans la coop\u00e9ration entre la capitale des Alpes et Bethl\u00e9em.<\/strong><\/p>\n<p>Semaine de d\u00e9couvertes, de rencontres et de sport pour dix palestiniennes de 12 \u00e0 14 ans. Depuis le 21 juillet, des jeunes r\u00e9fugi\u00e9es du camp d\u2019A\u00efda ou de la ville de Bethl\u00e9em, en Cisjordanie sont accueillies avec leurs \u00e9ducateurs dans le cadre d\u2019un projet de coop\u00e9ration internationale men\u00e9 par la Ville de Grenoble, en partenariat avec la ville de Grigny, la F\u00e9d\u00e9ration sportive et gymnique du travail, l\u2019Association France Palestine Solidarit\u00e9 Is\u00e8re et le Youth Center d\u2019A\u00efda.<\/p>\n<p>Un projet qui s\u2019inscrit dans la coop\u00e9ration historique entre Grenoble et Bethl\u00e9em. Il vise \u00e0 cr\u00e9er des moments de respiration alors que la jeunesse palestinienne vive dans un contexte g\u00e9opolitique dramatique marqu\u00e9 par la pr\u00e9carit\u00e9 et la violence. Mais ce partenariat comprend \u00e9galement des projets culturels et \u00e9ducatifs, comme la cr\u00e9ation d\u2019une biblioth\u00e8que jeunesse \u00e0 Bethl\u00e9em d\u2019ici 2027, ou encore des \u00e9changes entre \u00e9coles primaires.<\/p>\n<p><strong>Des animatrices sportives form\u00e9es \u00e0 A\u00efda et Bethl\u00e9em<\/strong><\/p>\n<p>Depuis juin 2024 et jusqu\u2019\u00e0 juillet 2025, 22 animatrices sportives sont form\u00e9es \u00e0 A\u00efda et Bethl\u00e9em afin de cr\u00e9er une offre sportive r\u00e9guli\u00e8re pour les jeunes filles et favoriser les \u00e9changes interculturels. Cette coop\u00e9ration est soutenue par le minist\u00e8re de l\u2019Europe et des Affaires \u00e9trang\u00e8res qui finance 70% du budget global, soit 138 200 euros. De nombreux acteurs sont \u00e9galement mobilis\u00e9s \u00e0 Grenoble entre les services municipaux, MJC, centres sociaux et associations.<\/p>\n<p>Pendant leur s\u00e9jour en terre is\u00e9roise, les dix palestiniennes ont pu r\u00e9aliser de nombreuses activit\u00e9s, telles que des sorties au Bois fran\u00e7ais, s\u2019initier au paddle et au beach-volley \u00e0 la plage de la Bifurk, visiter les grottes de Choranche, se rendre \u00e0 la Bastille ou faire une randonn\u00e9e jusqu\u2019au cirque de Saint-M\u00eame. Elles ont pu d\u00e9couvrir l\u2019exposition photo \u00ab\u00a0Echos de Palestine\u00a0\u00bb sur les grilles du Jardin de ville, consacr\u00e9e aux r\u00e9alit\u00e9s de leur quotidien et aux perspectives que ce projet ouvre.<\/p>\n<p>Enfin, un atelier v\u00e9lo s\u2019est tenu au parc Paul-Mistral avec l\u2019Ecole V\u00e9lo. Il vient clore cette semaine en Is\u00e8re. C\u00e9line Mennetrier, adjoint au sport \u00e9t\u00e9 pr\u00e9sente et est venue saluer cette initiative. Mais ce n\u2019est pas la fin pour ces jeunes palestiniennes. Elles prendront la direction de Strasbourg, ville \u00e9galement engag\u00e9e dans cette coop\u00e9ration pour une deuxi\u00e8me semaine d\u2019activit\u00e9s et de d\u00e9couvertes.<\/p>\n","protected":false},"excerpt":{"rendered":"Dix jeunes r\u00e9fugi\u00e9es palestiniennes d\u2019A\u00efda et Bethl\u00e9em ont \u00e9t\u00e9 re\u00e7ues \u00e0 Grenoble pour une semaine de d\u00e9couvertes. Ce&hellip;\n","protected":false},"author":2,"featured_media":279418,"comment_status":"","ping_status":"","sticky":false,"template":"","format":"standard","meta":{"footnotes":""},"categories":[9566],"tags":[1111,11,7733,8279,2430,7736,650,7734,2889,2263,1777,674,1011,27,2731,8280,6417,1114,108,4662,12,3725,1825,25,7737],"class_list":{"0":"post-279417","1":"post","2":"type-post","3":"status-publish","4":"format-standard","5":"has-post-thumbnail","7":"category-grenoble","8":"tag-actu","9":"tag-actualites","10":"tag-alpes","11":"tag-alpes1","12":"tag-auvergne-rhone-alpes","13":"tag-cds","14":"tag-cinema","15":"tag-ecoute","16":"tag-emission","17":"tag-equipe","18":"tag-eu","19":"tag-europe","20":"tag-fr","21":"tag-france","22":"tag-grenoble","23":"tag-haute","24":"tag-information","25":"tag-infos","26":"tag-isere","27":"tag-journal","28":"tag-news","29":"tag-podcast","30":"tag-radio","31":"tag-republique-francaise","32":"tag-winamp"},"share_on_mastodon":{"url":"https:\/\/pubeurope.com\/@fr\/114930556892710229","error":""},"_links":{"self":[{"href":"https:\/\/www.europesays.com\/fr\/wp-json\/wp\/v2\/posts\/279417","targetHints":{"allow":["GET"]}}],"collection":[{"href":"https:\/\/www.europesays.com\/fr\/wp-json\/wp\/v2\/posts"}],"about":[{"href":"https:\/\/www.europesays.com\/fr\/wp-json\/wp\/v2\/types\/post"}],"author":[{"embeddable":true,"href":"https:\/\/www.europesays.com\/fr\/wp-json\/wp\/v2\/users\/2"}],"replies":[{"embeddable":true,"href":"https:\/\/www.europesays.com\/fr\/wp-json\/wp\/v2\/comments?post=279417"}],"version-history":[{"count":0,"href":"https:\/\/www.europesays.com\/fr\/wp-json\/wp\/v2\/posts\/279417\/revisions"}],"wp:featuredmedia":[{"embeddable":true,"href":"https:\/\/www.europesays.com\/fr\/wp-json\/wp\/v2\/media\/279418"}],"wp:attachment":[{"href":"https:\/\/www.europesays.com\/fr\/wp-json\/wp\/v2\/media?parent=279417"}],"wp:term":[{"taxonomy":"category","embeddable":true,"href":"https:\/\/www.europesays.com\/fr\/wp-json\/wp\/v2\/categories?post=279417"},{"taxonomy":"post_tag","embeddable":true,"href":"https:\/\/www.europesays.com\/fr\/wp-json\/wp\/v2\/tags?post=279417"}],"curies":[{"name":"wp","href":"https:\/\/api.w.org\/{rel}","templated":true}]}}