{"id":279424,"date":"2025-07-28T11:14:12","date_gmt":"2025-07-28T11:14:12","guid":{"rendered":"https:\/\/www.europesays.com\/fr\/279424\/"},"modified":"2025-07-28T11:14:12","modified_gmt":"2025-07-28T11:14:12","slug":"alsace-douze-jours-de-pluie-a-strasbourg-depuis-debut-juillet-et-linstabilite-devrait-durer-jusquau-6-aout","status":"publish","type":"post","link":"https:\/\/www.europesays.com\/fr\/279424\/","title":{"rendered":"Alsace. Douze jours de pluie \u00e0 Strasbourg depuis d\u00e9but juillet et l\u2019instabilit\u00e9 devrait durer jusqu&rsquo;au 6 ao\u00fbt"},"content":{"rendered":"<p>Ils sont bien loin, maintenant, <a href=\"https:\/\/www.dna.fr\/environnement\/2025\/07\/02\/38-3-c-a-strasbourg-37-2-c-a-colmar-37-4-c-a-bale-mulhouse-des-temperatures-tres-elevees-ce-mercredi\" target=\"_blank\" rel=\"nofollow noopener\">les jours caniculaires de la premi\u00e8re semaine de juillet<\/a> (37,4\u00b0C \u00e0 Mulhouse le 2\u00a0juillet). Depuis le 15\u00a0juillet, s\u2019est install\u00e9 un r\u00e9gime m\u00e9t\u00e9orologique totalement diff\u00e9rent, marqu\u00e9 par des temp\u00e9ratures relativement raisonnables et des pr\u00e9cipitations marqu\u00e9es.<\/p>\n<p>Le d\u00e9partement du Bas-Rhin a ainsi \u00e9t\u00e9 plac\u00e9 en vigilance jaune pluie-inondations pour la journ\u00e9e de dimanche. Les <a href=\"https:\/\/www.dna.fr\/environnement\/2025\/07\/27\/orages-le-bas-rhin-et-le-haut-rhin-toujours-en-vigilance-jaune-ce-dimanche\" target=\"_blank\" rel=\"nofollow noopener\">deux d\u00e9partements \u00e9taient en vigilance jaune<\/a> orages samedi et dimanche.<\/p>\n<p>Les cumuls de pr\u00e9cipitations, sans \u00eatre exceptionnels, commencent \u00e0 \u00eatre \u00ab\u00a0significatifs\u00a0\u00bb dans le nord du Bas-Rhin (39\u00a0mm en 24\u00a0heures \u00e0 Scheibenhard, plus de 30\u00a0mm \u00e0 Berg en Alsace Bossue). \u00ab\u00a0C\u2019est un bienfait pour la nature, les cours d\u2019eau \u00e9taient tellement bas qu\u2019il n\u2019y a aucun risque de crues\u00a0\u00bb, commente Christophe Mertz, m\u00e9t\u00e9orologue-pr\u00e9visionniste chez ATMO-Risk. Les pluies sont beaucoup moins marqu\u00e9es dans le sud du Haut-Rhin, notamment \u00e0 la station de r\u00e9f\u00e9rence de B\u00e2le-Mulhouse.<\/p>\n<p>Ce contenu est bloqu\u00e9 car vous n&rsquo;avez pas accept\u00e9 les cookies et autres traceurs.<\/p>\n<p>En cliquant sur \u00ab J\u2019accepte \u00bb, les cookies et autres traceurs seront d\u00e9pos\u00e9s et vous pourrez visualiser les contenus  (<a href=\"\" class=\"consentModule_policy\" target=\"_blank\" title=\"Consulter la politique de protection des donn\u00e9es du fournisseur\">plus d&rsquo;informations<\/a>).<\/p>\n<p>En cliquant sur \u00ab J\u2019accepte tous les cookies \u00bb, vous autorisez des d\u00e9p\u00f4ts de cookies et autres traceurs pour le stockage de vos donn\u00e9es sur nos sites et applications \u00e0 des fins de personnalisation et de ciblage publicitaire.<\/p>\n<p class=\"consentModule_secondaryText\">Vous gardez la possibilit\u00e9 de retirer votre consentement \u00e0 tout moment en consultant notre <a href=\"https:\/\/www.dna.fr\/protection-des-donnees\" target=\"_blank\" title=\"Consulter notre politique de protection des donn\u00e9es\" rel=\"noopener\">politique de protection des donn\u00e9es<\/a>. <br \/>&#13;<br \/>\n            <a href=\"https:\/\/www.dna.fr\/environnement\/2025\/07\/28\/javascript:Didomi.notice.show()\" class=\"consentModule_cmp\" target=\"_blank\" rel=\"noopener\">G\u00e9rer mes choix<\/a>&#13;\n        <\/p>\n<p>&#13;<br \/>\n                        J&rsquo;accepte&#13;<br \/>\n            J&rsquo;accepte tous les cookies&#13;\n        <\/p>\n<p>  Instabilit\u00e9 jusqu\u2019au 6\u00a0ao\u00fbt\u00a0?<\/p>\n<p>Fin juin-d\u00e9but juillet, la r\u00e9gion \u00e9tait sous l\u2019influence de remont\u00e9es d\u2019air chaud en provenance du Maroc. Maintenant, l\u2019anticyclone bien centr\u00e9 sur les A\u00e7ores laisse le passage libre \u00e0 des d\u00e9pressions venues d\u2019Islande, de Norv\u00e8ge ou des \u00eeles britanniques, g\u00e9n\u00e9rant ce temps instable. La masse d\u2019air est donc \u00ab\u00a0tr\u00e8s temp\u00e9r\u00e9e\u00a0\u00bb, sans g\u00e9n\u00e9rer toutefois des temp\u00e9ratures exceptionnellement basses \u2013 ce lundi est le jour le plus frais de la p\u00e9riode.<\/p>\n<p>Cette instabilit\u00e9 va encore durer pour l\u2019Alsace, jusqu\u2019au 6\u00a0ao\u00fbt probablement, avec des temp\u00e9ratures d\u00e9passant rarement les 25\u00a0\u00b0C. Au total, \u00e7a commence \u00e0 \u00ab\u00a0peser\u00a0\u00bb sur le bilan de l\u2019\u00e9t\u00e9. On compte par exemple douze jours de pluie depuis d\u00e9but juillet \u00e0 Strasbourg. Une tendance qui pourrait faire glisser ce mois de juillet\u00a02025 en dessous des normales saisonni\u00e8res c\u00f4t\u00e9 temp\u00e9ratures et au-dessus c\u00f4t\u00e9 pr\u00e9cipitations. Cela devrait aussi att\u00e9nuer la s\u00e9cheresse. La pr\u00e9fecture a d\u00e9j\u00e0 signal\u00e9 une am\u00e9lioration de la situation pour le bassin-versant de la Sarre.<\/p>\n","protected":false},"excerpt":{"rendered":"Ils sont bien loin, maintenant, les jours caniculaires de la premi\u00e8re semaine de juillet (37,4\u00b0C \u00e0 Mulhouse le&hellip;\n","protected":false},"author":2,"featured_media":279425,"comment_status":"","ping_status":"","sticky":false,"template":"","format":"standard","meta":{"footnotes":""},"categories":[2820],"tags":[1111,11,2389,2649,2880,436,1777,674,107,1011,27,775,8423,12,25,640,2879],"class_list":{"0":"post-279424","1":"post","2":"type-post","3":"status-publish","4":"format-standard","5":"has-post-thumbnail","7":"category-strasbourg","8":"tag-actu","9":"tag-actualites","10":"tag-alsace","11":"tag-bas-rhin","12":"tag-edition-strasbourg","13":"tag-environnement","14":"tag-eu","15":"tag-europe","16":"tag-fil-info","17":"tag-fr","18":"tag-france","19":"tag-grand-est","20":"tag-meteorologie-climat","21":"tag-news","22":"tag-republique-francaise","23":"tag-strasbourg","24":"tag-strasbourg-ville"},"share_on_mastodon":{"url":"https:\/\/pubeurope.com\/@fr\/114930572550120326","error":""},"_links":{"self":[{"href":"https:\/\/www.europesays.com\/fr\/wp-json\/wp\/v2\/posts\/279424","targetHints":{"allow":["GET"]}}],"collection":[{"href":"https:\/\/www.europesays.com\/fr\/wp-json\/wp\/v2\/posts"}],"about":[{"href":"https:\/\/www.europesays.com\/fr\/wp-json\/wp\/v2\/types\/post"}],"author":[{"embeddable":true,"href":"https:\/\/www.europesays.com\/fr\/wp-json\/wp\/v2\/users\/2"}],"replies":[{"embeddable":true,"href":"https:\/\/www.europesays.com\/fr\/wp-json\/wp\/v2\/comments?post=279424"}],"version-history":[{"count":0,"href":"https:\/\/www.europesays.com\/fr\/wp-json\/wp\/v2\/posts\/279424\/revisions"}],"wp:featuredmedia":[{"embeddable":true,"href":"https:\/\/www.europesays.com\/fr\/wp-json\/wp\/v2\/media\/279425"}],"wp:attachment":[{"href":"https:\/\/www.europesays.com\/fr\/wp-json\/wp\/v2\/media?parent=279424"}],"wp:term":[{"taxonomy":"category","embeddable":true,"href":"https:\/\/www.europesays.com\/fr\/wp-json\/wp\/v2\/categories?post=279424"},{"taxonomy":"post_tag","embeddable":true,"href":"https:\/\/www.europesays.com\/fr\/wp-json\/wp\/v2\/tags?post=279424"}],"curies":[{"name":"wp","href":"https:\/\/api.w.org\/{rel}","templated":true}]}}