{"id":279426,"date":"2025-07-28T11:15:11","date_gmt":"2025-07-28T11:15:11","guid":{"rendered":"https:\/\/www.europesays.com\/fr\/279426\/"},"modified":"2025-07-28T11:15:11","modified_gmt":"2025-07-28T11:15:11","slug":"strasbourg-tient-son-nouveau-gardien-en-la-personne-de-mike-penders-prete-par-chelsea","status":"publish","type":"post","link":"https:\/\/www.europesays.com\/fr\/279426\/","title":{"rendered":"Strasbourg tient son nouveau gardien en la personne de Mike Penders, pr\u00eat\u00e9 par Chelsea"},"content":{"rendered":"<p>Le portier de 19 ans, grand espoir du football belge, remplace Djordje Petrovic, rappel\u00e9 \u00e0 Londres cet \u00e9t\u00e9.<\/p>\n<p class=\"fig-paragraph\">Strasbourg continue de se servir dans l\u2019effectif pl\u00e9thorique de Chelsea. Apr\u00e8s\u00a0<a href=\"http:\/\/www.lefigaro.fr\/sports\/football\/transferts\/mercato-la-pepite-de-l-asse-amougou-officiellement-transferee-a-chelsea-20250204\" data-fig-type=\"NewsFlash\" data-gtm-custom-categorie=\"navigation\" data-gtm-custom-action=\"crossclick\" data-gtm-custom-label=\"Contextuel\" data-gtm-event=\"customEventSPE\" data-fig-domain=\"LEFIGARO\" rel=\"nofollow noopener\" target=\"_blank\">Mathis Amougou<\/a>, ancien de Saint-Etienne et pr\u00eat\u00e9 par les Blues il y a deux semaines, le RCSA a enregistr\u00e9 l\u2019arriv\u00e9e de Mike Penders. Le jeune portier belge de 19 ans \u00e9tait attendu depuis quelques semaines en Alsace pour succ\u00e9der \u00e0\u00a0<a href=\"http:\/\/www.lefigaro.fr\/sports\/football\/ligue-1\/ligue-1-emegha-petrovic-santos-les-cinq-pieces-maitresses-de-strasbourg-pour-viser-la-ligue-des-champions-20250412\" data-fig-type=\"NewsFlash\" data-gtm-custom-categorie=\"navigation\" data-gtm-custom-action=\"crossclick\" data-gtm-custom-label=\"Contextuel\" data-gtm-event=\"customEventSPE\" data-fig-domain=\"LEFIGARO\" rel=\"nofollow noopener\" target=\"_blank\">Djordje Petrovic<\/a>, rappel\u00e9 \u00e0 Londres apr\u00e8s une pige plus que convaincante en Ligue 1.<\/p>\n<p class=\"fig-paragraph\">Grand espoir du football belge, dont il est le capitaine de l\u2019\u00e9quipe nationale U19, l\u2019ancien du Racing Genk a d\u00e9j\u00e0 rejoint ses co\u00e9quipiers en Autriche, o\u00f9 des matches sont pr\u00e9vus contre Udinese (30 juillet) et Heidenheim (2 ao\u00fbt). Penders pourrait donc disputer ses premi\u00e8res minutes sous son nouveau maillot dans deux jours. Il devrait \u00eatre num\u00e9ro un dans la hi\u00e9rarchie des gardiens devant le Su\u00e9dois Kalle Johnson.<\/p>\n","protected":false},"excerpt":{"rendered":"Le portier de 19 ans, grand espoir du football belge, remplace Djordje Petrovic, rappel\u00e9 \u00e0 Londres cet \u00e9t\u00e9.&hellip;\n","protected":false},"author":2,"featured_media":279427,"comment_status":"","ping_status":"","sticky":false,"template":"","format":"standard","meta":{"footnotes":""},"categories":[2820],"tags":[1111,11,11871,1777,674,1011,27,775,1434,12,4448,25,640],"class_list":{"0":"post-279426","1":"post","2":"type-post","3":"status-publish","4":"format-standard","5":"has-post-thumbnail","7":"category-strasbourg","8":"tag-actu","9":"tag-actualites","10":"tag-chelsea","11":"tag-eu","12":"tag-europe","13":"tag-fr","14":"tag-france","15":"tag-grand-est","16":"tag-mercato","17":"tag-news","18":"tag-rc-strasbourg","19":"tag-republique-francaise","20":"tag-strasbourg"},"share_on_mastodon":{"url":"https:\/\/pubeurope.com\/@fr\/114930576423086637","error":""},"_links":{"self":[{"href":"https:\/\/www.europesays.com\/fr\/wp-json\/wp\/v2\/posts\/279426","targetHints":{"allow":["GET"]}}],"collection":[{"href":"https:\/\/www.europesays.com\/fr\/wp-json\/wp\/v2\/posts"}],"about":[{"href":"https:\/\/www.europesays.com\/fr\/wp-json\/wp\/v2\/types\/post"}],"author":[{"embeddable":true,"href":"https:\/\/www.europesays.com\/fr\/wp-json\/wp\/v2\/users\/2"}],"replies":[{"embeddable":true,"href":"https:\/\/www.europesays.com\/fr\/wp-json\/wp\/v2\/comments?post=279426"}],"version-history":[{"count":0,"href":"https:\/\/www.europesays.com\/fr\/wp-json\/wp\/v2\/posts\/279426\/revisions"}],"wp:featuredmedia":[{"embeddable":true,"href":"https:\/\/www.europesays.com\/fr\/wp-json\/wp\/v2\/media\/279427"}],"wp:attachment":[{"href":"https:\/\/www.europesays.com\/fr\/wp-json\/wp\/v2\/media?parent=279426"}],"wp:term":[{"taxonomy":"category","embeddable":true,"href":"https:\/\/www.europesays.com\/fr\/wp-json\/wp\/v2\/categories?post=279426"},{"taxonomy":"post_tag","embeddable":true,"href":"https:\/\/www.europesays.com\/fr\/wp-json\/wp\/v2\/tags?post=279426"}],"curies":[{"name":"wp","href":"https:\/\/api.w.org\/{rel}","templated":true}]}}