{"id":279440,"date":"2025-07-28T11:23:10","date_gmt":"2025-07-28T11:23:10","guid":{"rendered":"https:\/\/www.europesays.com\/fr\/279440\/"},"modified":"2025-07-28T11:23:10","modified_gmt":"2025-07-28T11:23:10","slug":"depart-de-feu-dans-une-maison-en-construction-pres-de-toulouse-la-piste-criminelle-envisagee","status":"publish","type":"post","link":"https:\/\/www.europesays.com\/fr\/279440\/","title":{"rendered":"D\u00e9part de feu dans une maison en construction pr\u00e8s de Toulouse : la piste criminelle envisag\u00e9e"},"content":{"rendered":"<p>            Par<br \/>\n        <strong><br \/>\n            <a href=\"https:\/\/actu.fr\/auteur\/lea-afonso\" title=\"Consulter tous les articles de L\u00e9a Afonso\" rel=\"nofollow noopener\" target=\"_blank\">L\u00e9a Afonso<\/a><br \/>\n        <\/strong><\/p>\n<p>        Publi\u00e9 le<\/p>\n<p>            28 juil. 2025 \u00e0 13h08        <\/p>\n<p>Les sapeurs-pompiers de la Haute-Garonne sont intervenus ce dimanche 27\u00a0juillet 2025 dans la commune de <strong>Rieumes<\/strong> au sud-ouest de <a href=\"https:\/\/actu.fr\/toulouse\/\" rel=\"nofollow noopener\" target=\"_blank\">Toulouse<\/a> pour un<strong> d\u00e9part de feu<\/strong> dans une maison en construction. Personne n\u2019est bless\u00e9, mais <strong>les circonstances de l\u2019incendie sont tr\u00e8s suspectes<\/strong>.<\/p>\n<p>    <a href=\"https:\/\/www.google.com\/maps\/embed?pb=!1m18!1m12!1m3!1d56758.94046745532!2d1.0730992848187628!3d43.41666515159612!2m3!1f0!2f0!3f0!3m2!1i1024!2i768!4f13.1!3m3!1m2!1s0x12a936b8ee5c958b%3A0x6d7592e453bad3e9!2s31370%20Rieumes!5e0!3m2!1sfr!2sfr!4v1753698115898!5m2!1sfr!2sfr\" title=\"Ouvrie le lien\" rel=\"nofollow noopener\" target=\"_blank\">Cliquez ici pour visualiser le contenu<\/a><\/p>\n<p>D\u00e9part de feu d\u2019une palette<\/p>\n<p class=\" wall-content\">C\u2019est aux alentours de 5h30, t\u00f4t ce dimanche matin, que les pompiers du SDIS 31 ont \u00e9t\u00e9 appel\u00e9s sur la commune pour un<strong> d\u00e9part de feu<\/strong> dans une<strong> maison en construction<\/strong>. C\u2019est une <strong>palette<\/strong> d\u00e9pos\u00e9e \u00e0 l\u2019entr\u00e9e qui serait \u00e0 <strong>l\u2019origine<\/strong> de l\u2019incendie, selon les gendarmes.<\/p>\n<p>Un incendie criminel\u2009?<\/p>\n<p class=\" wall-content\">Rappelons que personne n\u2019est bless\u00e9, mais l\u2019origine de ce d\u00e9part de feu pourrait bien \u00eatre <strong>criminelle<\/strong>. En effet, \u00ab\u2009un voisin aurait vu l\u2019incendie d\u00e9buter\u2009\u00bb, et dans le m\u00eame laps de temps, il aurait vu \u00ab<strong>\u2009partir une voiture \u00e0 toute vitesse\u2009\u00bb,<\/strong> indiquent les gendarmes.<\/p>\n<p class=\" wall-content\">Ce potentiel suspect doit encore \u00eatre identifi\u00e9 et interpell\u00e9. Une enqu\u00eate est ouverte.<\/p>\n<p>Vid\u00e9os : en ce moment sur Actu<\/p>\n<p class=\" wall-content\">Suivez toute l\u2019actualit\u00e9 de vos villes et m\u00e9dias favoris en vous inscrivant \u00e0 <a href=\"https:\/\/moncompte.actu.fr\" title=\"D\u00e9couvez Mon Actu\" rel=\"nofollow noopener\" data-trk=\"{&quot;cta&quot;:{&quot;action&quot;:&quot;https:\\\/\\\/moncompte.actu.fr&quot;,&quot;category&quot;:&quot;mon compte&quot;,&quot;from&quot;:&quot;article footer&quot;,&quot;name&quot;:&quot;Mon actu&quot;,&quot;type&quot;:&quot;cta&quot;}}\" target=\"_blank\">Mon Actu<\/a>.<\/p>\n","protected":false},"excerpt":{"rendered":"Par L\u00e9a Afonso Publi\u00e9 le 28 juil. 2025 \u00e0 13h08 Les sapeurs-pompiers de la Haute-Garonne sont intervenus ce&hellip;\n","protected":false},"author":2,"featured_media":279441,"comment_status":"","ping_status":"","sticky":false,"template":"","format":"standard","meta":{"footnotes":""},"categories":[2816],"tags":[1111,11,1777,674,118,1011,27,1310,12,2680,1311,25,2312],"class_list":{"0":"post-279440","1":"post","2":"type-post","3":"status-publish","4":"format-standard","5":"has-post-thumbnail","7":"category-toulouse","8":"tag-actu","9":"tag-actualites","10":"tag-eu","11":"tag-europe","12":"tag-faits-divers","13":"tag-fr","14":"tag-france","15":"tag-incendie","16":"tag-news","17":"tag-occitanie","18":"tag-pompiers","19":"tag-republique-francaise","20":"tag-toulouse"},"share_on_mastodon":{"url":"https:\/\/pubeurope.com\/@fr\/114930607879196519","error":""},"_links":{"self":[{"href":"https:\/\/www.europesays.com\/fr\/wp-json\/wp\/v2\/posts\/279440","targetHints":{"allow":["GET"]}}],"collection":[{"href":"https:\/\/www.europesays.com\/fr\/wp-json\/wp\/v2\/posts"}],"about":[{"href":"https:\/\/www.europesays.com\/fr\/wp-json\/wp\/v2\/types\/post"}],"author":[{"embeddable":true,"href":"https:\/\/www.europesays.com\/fr\/wp-json\/wp\/v2\/users\/2"}],"replies":[{"embeddable":true,"href":"https:\/\/www.europesays.com\/fr\/wp-json\/wp\/v2\/comments?post=279440"}],"version-history":[{"count":0,"href":"https:\/\/www.europesays.com\/fr\/wp-json\/wp\/v2\/posts\/279440\/revisions"}],"wp:featuredmedia":[{"embeddable":true,"href":"https:\/\/www.europesays.com\/fr\/wp-json\/wp\/v2\/media\/279441"}],"wp:attachment":[{"href":"https:\/\/www.europesays.com\/fr\/wp-json\/wp\/v2\/media?parent=279440"}],"wp:term":[{"taxonomy":"category","embeddable":true,"href":"https:\/\/www.europesays.com\/fr\/wp-json\/wp\/v2\/categories?post=279440"},{"taxonomy":"post_tag","embeddable":true,"href":"https:\/\/www.europesays.com\/fr\/wp-json\/wp\/v2\/tags?post=279440"}],"curies":[{"name":"wp","href":"https:\/\/api.w.org\/{rel}","templated":true}]}}