{"id":279454,"date":"2025-07-28T11:33:09","date_gmt":"2025-07-28T11:33:09","guid":{"rendered":"https:\/\/www.europesays.com\/fr\/279454\/"},"modified":"2025-07-28T11:33:09","modified_gmt":"2025-07-28T11:33:09","slug":"dernieres-chances-pour-voir-le-psg-au-stadium-les-places-partent-tres-rapidement","status":"publish","type":"post","link":"https:\/\/www.europesays.com\/fr\/279454\/","title":{"rendered":"derni\u00e8res chances pour voir le PSG au Stadium, les places partent tr\u00e8s rapidement"},"content":{"rendered":"<p>            Par<br \/>\n        <strong><br \/>\n            <a href=\"https:\/\/actu.fr\/auteur\/enzo-legros\" title=\"Consulter tous les articles de Enzo Legros\" target=\"_blank\" rel=\"noopener\">Enzo Legros<\/a><br \/>\n        <\/strong><\/p>\n<p>        Publi\u00e9 le<\/p>\n<p>            28 juil. 2025 \u00e0 11h12        <\/p>\n<p>Clairement, il n\u2019y aura pas de la place pour tout le monde ! Alors que le <a href=\"https:\/\/actu.fr\/tag\/stadium-de-toulouse\" target=\"_blank\" rel=\"noopener\">Toulouse Football Club<\/a> se pr\u00e9pare \u00e0 accueillir le Paris Saint-Germain \u00e0 domicile le 30\u00a0ao\u00fbt, <a href=\"https:\/\/billetterie.toulousefc.com\/fr\/acheter\/billet-unite-grand-public-toulouse-fc-paris-sg-2025-gg3pnwqarxz4\/plan#bk71c2210e-zone\" target=\"_blank\" rel=\"noopener\">la billetterie est encore ouverte<\/a>. Mais d\u00e9p\u00eachez-vous, l<strong>es places partent comme des petits pains<\/strong>\u2026<\/p>\n<p>Moins de 1000 places<\/p>\n<p class=\" wall-content\">Pour ceux qui r\u00eavent de voir de leurs propres yeux\u00a0<a href=\"https:\/\/actu.fr\/ile-de-france\/paris_75056\/irresistible-le-psg-remporte-la-premiere-ligue-des-champions-de-son-histoire-au-terme-d-une-finale-de-reve_62712076.html\" target=\"_blank\" rel=\"noopener\">les champions d\u2019Europe en titre<\/a>, il ne va pas falloir tarder \u00e0 se connecter sur le site du TFC.<\/p>\n<p class=\" wall-content\">Lundi 28\u00a0juillet au matin, il restait d\u00e9j\u00e0\u00a0<strong>moins de 1000 places<\/strong>\u00a0<a href=\"https:\/\/actu.fr\/occitanie\/toulouse_31555\/le-toulouse-football-club-lance-sa-saison-au-stadium-contre-un-grand-nom-europeen-la-billetterie-est-ouverte_62936790.html\" target=\"_blank\" rel=\"noopener\">sur la billetterie<\/a>. Avis aux fans de football, l\u2019opportunit\u00e9 de voir les joueurs du\u00a0<a href=\"https:\/\/actu.fr\/tag\/paris-saint-germain-psg\" target=\"_blank\" rel=\"noopener\">Paris Saint-Germain<\/a>\u00a0se<strong>\u00a0joue \u00e0 quelques heures<\/strong>. C\u2019est le moment ou jamais !<\/p>\n<p>Une grande affiche en fin d\u2019\u00e9t\u00e9<\/p>\n<p class=\" wall-content\">Cette rencontre qui s\u2019annonce difficile pour le Toulouse Football Club aura lieu en \u00ab\u2009prime time\u2009\u00bb, <strong>\u00e0 21h05<\/strong>\u00a0le dimanche 30 ao\u00fbt, \u00e0 l\u2019occasion de la 3\u1d49 journ\u00e9e de Ligue 1. Plac\u00e9e en toute fin d\u2019\u00e9t\u00e9, cette opposition face aux derniers victorieux de la <a href=\"https:\/\/actu.fr\/tag\/ligue-des-champions\" target=\"_blank\" rel=\"noopener\">Ligue des champions<\/a> sera l\u2019un des moments phares de la saison \u00e0 domicile, et une bonne id\u00e9e de sortie avant la rentr\u00e9e.<\/p>\n<p class=\" wall-content\">Suivez toute l\u2019actualit\u00e9 de vos villes et m\u00e9dias favoris en vous inscrivant \u00e0 <a href=\"https:\/\/moncompte.actu.fr\" title=\"D\u00e9couvez Mon Actu\" rel=\"nofollow noopener\" data-trk=\"{&quot;cta&quot;:{&quot;action&quot;:&quot;https:\\\/\\\/moncompte.actu.fr&quot;,&quot;category&quot;:&quot;mon compte&quot;,&quot;from&quot;:&quot;article footer&quot;,&quot;name&quot;:&quot;Mon actu&quot;,&quot;type&quot;:&quot;cta&quot;}}\" target=\"_blank\">Mon Actu<\/a>.<\/p>\n","protected":false},"excerpt":{"rendered":"Par Enzo Legros Publi\u00e9 le 28 juil. 2025 \u00e0 11h12 Clairement, il n\u2019y aura pas de la place&hellip;\n","protected":false},"author":2,"featured_media":279455,"comment_status":"","ping_status":"","sticky":false,"template":"","format":"standard","meta":{"footnotes":""},"categories":[1888],"tags":[1111,1928,11,1927,1777,674,63,1011,27,12,1926,626,1925,2332,25,60,7906,4159],"class_list":{"0":"post-279454","1":"post","2":"type-post","3":"status-publish","4":"format-standard","5":"has-post-thumbnail","7":"category-paris","8":"tag-actu","9":"tag-actu-paris","10":"tag-actualites","11":"tag-actualites-paris","12":"tag-eu","13":"tag-europe","14":"tag-football","15":"tag-fr","16":"tag-france","17":"tag-news","18":"tag-news-paris","19":"tag-paris","20":"tag-paris-news","21":"tag-paris-saint-germain-psg","22":"tag-republique-francaise","23":"tag-sports","24":"tag-stadium-de-toulouse","25":"tag-toulouse-football-club-tfc"},"share_on_mastodon":{"url":"https:\/\/pubeurope.com\/@fr\/114930647283610114","error":""},"_links":{"self":[{"href":"https:\/\/www.europesays.com\/fr\/wp-json\/wp\/v2\/posts\/279454","targetHints":{"allow":["GET"]}}],"collection":[{"href":"https:\/\/www.europesays.com\/fr\/wp-json\/wp\/v2\/posts"}],"about":[{"href":"https:\/\/www.europesays.com\/fr\/wp-json\/wp\/v2\/types\/post"}],"author":[{"embeddable":true,"href":"https:\/\/www.europesays.com\/fr\/wp-json\/wp\/v2\/users\/2"}],"replies":[{"embeddable":true,"href":"https:\/\/www.europesays.com\/fr\/wp-json\/wp\/v2\/comments?post=279454"}],"version-history":[{"count":0,"href":"https:\/\/www.europesays.com\/fr\/wp-json\/wp\/v2\/posts\/279454\/revisions"}],"wp:featuredmedia":[{"embeddable":true,"href":"https:\/\/www.europesays.com\/fr\/wp-json\/wp\/v2\/media\/279455"}],"wp:attachment":[{"href":"https:\/\/www.europesays.com\/fr\/wp-json\/wp\/v2\/media?parent=279454"}],"wp:term":[{"taxonomy":"category","embeddable":true,"href":"https:\/\/www.europesays.com\/fr\/wp-json\/wp\/v2\/categories?post=279454"},{"taxonomy":"post_tag","embeddable":true,"href":"https:\/\/www.europesays.com\/fr\/wp-json\/wp\/v2\/tags?post=279454"}],"curies":[{"name":"wp","href":"https:\/\/api.w.org\/{rel}","templated":true}]}}