{"id":27946,"date":"2025-04-16T00:15:10","date_gmt":"2025-04-16T00:15:10","guid":{"rendered":"https:\/\/www.europesays.com\/fr\/27946\/"},"modified":"2025-04-16T00:15:10","modified_gmt":"2025-04-16T00:15:10","slug":"je-suis-partie-avec-ma-voiture-taguee-deplore-une-voisine","status":"publish","type":"post","link":"https:\/\/www.europesays.com\/fr\/27946\/","title":{"rendered":"\u00ab\u00a0Je suis partie avec ma voiture tagu\u00e9e\u00a0\u00bb, d\u00e9plore une voisine"},"content":{"rendered":"<p>Victime collat\u00e9rale des attaques qui ont cibl\u00e9 <a href=\"https:\/\/www.laprovence.com\/article\/faits-divers-justice\/2516334959483315\/info-la-provence-les-agents-de-la-penitentiaire-cibles-par-des-incendies-volontaires-et-des-tags\" target=\"_blank\" rel=\"noopener\">des v\u00e9hicules de personnels p\u00e9nitentiaires<\/a> sur un parking r\u00e9sidentiel du 13e arrondissement de Marseille, Ludivine (1) est rest\u00e9e interdite ce mardi 15\u00a0avril au matin en d\u00e9couvrant sa voiture. \u00a0\u00bb Mon balcon donne de l\u2019autre c\u00f4t\u00e9 du parking, si bien que je n\u2019ai rien entendu du ballet des sir\u00e8nes de police et de pompiers qui a d\u00fb retentir. J\u2019ai d\u00e9couvert l\u2019ampleur des d\u00e9g\u00e2ts en partant au travail.\u00a0\u00bb<\/p>\n<p>Devant sa C3 blanche, au milieu d\u2019autres v\u00e9hicules tagu\u00e9s et de l\u2019emplacement noirci d\u2019une voiture enti\u00e8rement calcin\u00e9e tr\u00e8s vite \u00e9vacu\u00e9e, cette m\u00e8re de famille n\u2019a pu que constater, \u00a0\u00bb abasourdie \u00ab\u00a0, les dommages sur la carrosserie de la petite citadine avec laquelle elle s\u2019appr\u00eatait \u00e0 partir au travail.<\/p>\n<p>\u00a0\u00bb Je suis dans les assurances. Rien \u00e0 voir avec l\u2019administration p\u00e9nitentiaire\u00a0! J\u2019ai essay\u00e9 de nettoyer les tags avec de l\u2019eau et un chiffon, mais c\u2019est \u00e0 peine parti et je suis partie au boulot comme \u00e7a. Tout le monde me regardait, j\u2019avais trop honte.\u00a0\u00bb<\/p>\n<p>L\u2019incompr\u00e9hension, la honte et la col\u00e8re<\/p>\n<p>\u00c0 la honte de cette m\u00e8re de famille d\u2019une trentaine d\u2019ann\u00e9es vient s\u2019ajouter l\u2019incompr\u00e9hension\u00a0: \u00ab\u00a0On est des citoyens lambda. D\u2019ailleurs, avant ces \u00e9v\u00e9nements, je ne savais m\u00eame pas que la r\u00e9sidence des <a href=\"https:\/\/www.laprovence.com\/ville\/marseille\" target=\"_blank\" rel=\"noopener\">Chutes-Lavie<\/a> h\u00e9bergeait des personnels p\u00e9nitentiaires. Il y a de tout ici\u00a0: des familles, des personnes \u00e2g\u00e9es, des gens qui travaillent dans plein de secteurs diff\u00e9rents. Ce qui s\u2019est pass\u00e9 est hallucinant.\u00a0\u00bb<\/p>\n<p>\u00ab\u00a0Le portail \u00e9lectrique ne fonctionnait plus depuis des semaines\u00a0\u00bb<\/p>\n<p>Et d\u2019autant plus hallucinant que Ludivine et d\u2019autres occupants des 9 b\u00e2timents de la r\u00e9sidence des Chutes-Lavie auraient signal\u00e9 les d\u00e9faillances du portail \u00e9lectrique du parking \u00e0 de nombreuses reprises.<\/p>\n<p>\u00ab\u00a0Je suis un peu \u00e9c\u0153ur\u00e9e. On a inform\u00e9 plusieurs fois le bailleur social, et depuis des semaines, que le portail ne fonctionne plus. On s\u2019acquitte de loyers qui augmentent chaque ann\u00e9e, on travaille, on paye nos charges, et cette r\u00e9sidence, c\u2019est un moulin \u00e0 vent\u00a0!\u00a0\u00bb, s\u2019indigne Ludivine en esp\u00e9rant r\u00e9cup\u00e9rer sa carrosserie \u00e0 gros coups de kasher en sortant du travail.<\/p>\n<p>(1) Le pr\u00e9nom a \u00e9t\u00e9 modifi\u00e9.<\/p>\n","protected":false},"excerpt":{"rendered":"Victime collat\u00e9rale des attaques qui ont cibl\u00e9 des v\u00e9hicules de personnels p\u00e9nitentiaires sur un parking r\u00e9sidentiel du 13e&hellip;\n","protected":false},"author":2,"featured_media":27947,"comment_status":"","ping_status":"","sticky":false,"template":"","format":"standard","meta":{"footnotes":""},"categories":[2814],"tags":[17,1111,11,9821,9820,1777,674,274,1011,27,757,884,12,899,882,25,758,7727],"class_list":{"0":"post-27946","1":"post","2":"type-post","3":"status-publish","4":"format-standard","5":"has-post-thumbnail","7":"category-marseille","8":"tag-17","9":"tag-actu","10":"tag-actualites","11":"tag-attaques","12":"tag-dagents","13":"tag-eu","14":"tag-europe","15":"tag-faits-divers-justice","16":"tag-fr","17":"tag-france","18":"tag-je","19":"tag-marseille","20":"tag-news","21":"tag-prisons","22":"tag-provence-alpes-cote-dazur","23":"tag-republique-francaise","24":"tag-suis","25":"tag-vehicules"},"share_on_mastodon":{"url":"https:\/\/pubeurope.com\/@fr\/114344763288565917","error":""},"_links":{"self":[{"href":"https:\/\/www.europesays.com\/fr\/wp-json\/wp\/v2\/posts\/27946","targetHints":{"allow":["GET"]}}],"collection":[{"href":"https:\/\/www.europesays.com\/fr\/wp-json\/wp\/v2\/posts"}],"about":[{"href":"https:\/\/www.europesays.com\/fr\/wp-json\/wp\/v2\/types\/post"}],"author":[{"embeddable":true,"href":"https:\/\/www.europesays.com\/fr\/wp-json\/wp\/v2\/users\/2"}],"replies":[{"embeddable":true,"href":"https:\/\/www.europesays.com\/fr\/wp-json\/wp\/v2\/comments?post=27946"}],"version-history":[{"count":0,"href":"https:\/\/www.europesays.com\/fr\/wp-json\/wp\/v2\/posts\/27946\/revisions"}],"wp:featuredmedia":[{"embeddable":true,"href":"https:\/\/www.europesays.com\/fr\/wp-json\/wp\/v2\/media\/27947"}],"wp:attachment":[{"href":"https:\/\/www.europesays.com\/fr\/wp-json\/wp\/v2\/media?parent=27946"}],"wp:term":[{"taxonomy":"category","embeddable":true,"href":"https:\/\/www.europesays.com\/fr\/wp-json\/wp\/v2\/categories?post=27946"},{"taxonomy":"post_tag","embeddable":true,"href":"https:\/\/www.europesays.com\/fr\/wp-json\/wp\/v2\/tags?post=27946"}],"curies":[{"name":"wp","href":"https:\/\/api.w.org\/{rel}","templated":true}]}}