{"id":279462,"date":"2025-07-28T11:38:11","date_gmt":"2025-07-28T11:38:11","guid":{"rendered":"https:\/\/www.europesays.com\/fr\/279462\/"},"modified":"2025-07-28T11:38:11","modified_gmt":"2025-07-28T11:38:11","slug":"la-russie-evoque-un-coup-tres-dur-porte-a-lindustrie-europeenne","status":"publish","type":"post","link":"https:\/\/www.europesays.com\/fr\/279462\/","title":{"rendered":"la Russie \u00e9voque un \u00ab\u00a0coup tr\u00e8s dur\u00a0\u00bb port\u00e9 \u00e0 l&rsquo;industrie europ\u00e9enne"},"content":{"rendered":"<p class=\"c-chapo \">\n  Suite \u00e0 l&rsquo;accord commercial entre l&rsquo;Union europ\u00e9enne et les Etats-Unis, le chef de la diplomatie russe a mis en garde les pays europ\u00e9ens contre l&rsquo;augmentation des prix de l&rsquo;\u00e9nergie.\n<\/p>\n<p>            lire plus tard<\/p>\n<p id=\"dialog__title\" class=\"dialog__title\">Pour sauvegarder cet article, connectez-vous ou cr\u00e9ez un compte franceinfo<\/p>\n<p class=\"dialog__description\">Sans paiement. Sans abonnement.<\/p>\n<p>        Fermer la fen\u00eatre d\u2019activation des notifications France Info<\/p>\n<p>            cr\u00e9er votre compte<\/p>\n<p>            se connecter<\/p>\n<p>        Fermer la fen\u00eatre de pr\u00e9sentation<\/p>\n<p>    <img loading=\"lazy\" decoding=\"async\" class=\"signature__image lazyload\" width=\"100\" height=\"100\" data- alt=\"\" src=\"https:\/\/www.europesays.com\/fr\/wp-content\/uploads\/2025\/05\/64a68815cd1a7_placeholder-36b69ec8.png\"\/><\/p>\n<p>    Publi\u00e9 le 28\/07\/2025 13:23<\/p>\n<p>        Temps de lecture : 1min<\/p>\n<p>    <img decoding=\"async\"  alt=\"Le ministre des Affaires \u00e9trang\u00e8res russe, Sergue\u00ef Lavrov, participe \u00e0 une conf\u00e9rence de presse conjointe avec le ministre des Affaires \u00e9trang\u00e8res du Mozambique \u00e0 Moscou, le 22 juillet 2025. (PAVEL BEDNYAKOV \/ AFP)\" width=\"432\" height=\"243\" src=\"https:\/\/www.europesays.com\/fr\/wp-content\/uploads\/2025\/07\/000-67gb2t3-68875d4ca6fb6662748262.jpg\" fetchpriority=\"high\"\/><\/p>\n<p>      Le ministre des Affaires \u00e9trang\u00e8res russe, Sergue\u00ef Lavrov, participe \u00e0 une conf\u00e9rence de presse conjointe avec le ministre des Affaires \u00e9trang\u00e8res du Mozambique \u00e0 Moscou, le 22 juillet 2025. (PAVEL BEDNYAKOV \/ AFP)<\/p>\n<p>Au lendemain de <a href=\"https:\/\/www.franceinfo.fr\/monde\/usa\/droits-de-douane\/droits-de-douane-les-etats-unis-et-l-union-europeenne-ont-conclu-un-accord-commercial-annoncent-donald-trump-et-ursula-von-der-leyen_7402498.html\" rel=\"nofollow noopener\" target=\"_blank\">l&rsquo;accord sur les droits de douane entre l&rsquo;Union europ\u00e9enne et les Etats-Unis<\/a>, le chef de la diplomatie russe, Sergue\u00ef Lavrov, a d\u00e9nonc\u00e9, lundi 28\u00a0juillet, les risques d&rsquo;une \u00ab\u00a0d\u00e9sindustrialisation de l&rsquo;Europe\u00a0\u00bb\u00a0et \u00ab\u00a0un mouvement des investissements de l&rsquo;Europe vers les Etats-Unis\u00a0\u00bb. \u00ab\u00a0Bien s\u00fbr, cela sera un coup tr\u00e8s dur\u00a0\u00bb, a-t-il ajout\u00e9 lors d&rsquo;un forum, pr\u00e8s de Moscou.<\/p>\n<p>L&rsquo;accord a \u00e9t\u00e9 annonc\u00e9, dimanche, lors d&rsquo;<a href=\"https:\/\/www.franceinfo.fr\/monde\/usa\/droits-de-douane\/direct-guerre-commerciale-donald-trump-rencontre-la-presidente-de-la-commission-europeenne-pour-trouver-un-accord-sur-les-droits-de-douane_7402057.html\" rel=\"nofollow noopener\" target=\"_blank\">une rencontre <\/a><a href=\"https:\/\/www.franceinfo.fr\/monde\/usa\/droits-de-douane\/direct-guerre-commerciale-donald-trump-rencontre-la-presidente-de-la-commission-europeenne-pour-trouver-un-accord-sur-les-droits-de-douane_7402057.html\" rel=\"nofollow noopener\" target=\"_blank\">en Ecosse<\/a>, entre le pr\u00e9sident am\u00e9ricain, Donald Trump, et la pr\u00e9sidente de la Commission europ\u00e9enne, Ursula von der Leyen. Il pr\u00e9voit ainsi que les droits de douane grimpent \u00e0 15% pour les produits de l&rsquo;UE export\u00e9s outre-Atlantique.<\/p>\n<p>En parall\u00e8le, l&rsquo;UE s&rsquo;engage \u00e9galement \u00e0 acheter des armes et de l&rsquo;\u00e9nergie am\u00e9ricaine. Une d\u00e9cision qui vise notamment \u00e0 remplacer le gaz russe. Sergue\u00ef Lavrov a alors jug\u00e9 qu&rsquo;il \u00e9tait \u00ab\u00a0clair\u00a0\u00bb que les ressources \u00e9nerg\u00e9tiques am\u00e9ricaines seraient \u00ab\u00a0nettement plus ch\u00e8res que les ressources russes\u00a0\u00bb, \u00e9voquant ainsi les cons\u00e9quences n\u00e9gatives sur \u00ab\u00a0les prix de l&rsquo;\u00e9nergie\u00a0\u00bb ainsi que sur l&rsquo;agriculture et l&rsquo;industrie europ\u00e9ennes.<\/p>\n<p class=\"related-tags__title\" role=\"heading\" aria-level=\"2\">les mots-cl\u00e9s associ\u00e9s \u00e0 cet article\n    <\/p>\n","protected":false},"excerpt":{"rendered":"Suite \u00e0 l&rsquo;accord commercial entre l&rsquo;Union europ\u00e9enne et les Etats-Unis, le chef de la diplomatie russe a mis&hellip;\n","protected":false},"author":2,"featured_media":279463,"comment_status":"","ping_status":"","sticky":false,"template":"","format":"standard","meta":{"footnotes":""},"categories":[1591],"tags":[11,1887,12,1885,1886,132],"class_list":{"0":"post-279462","1":"post","2":"type-post","3":"status-publish","4":"format-standard","5":"has-post-thumbnail","7":"category-russie","8":"tag-actualites","9":"tag-federation-de-russie","10":"tag-news","11":"tag-russia","12":"tag-russian-federation","13":"tag-russie"},"share_on_mastodon":{"url":"https:\/\/pubeurope.com\/@fr\/114930667319194847","error":""},"_links":{"self":[{"href":"https:\/\/www.europesays.com\/fr\/wp-json\/wp\/v2\/posts\/279462","targetHints":{"allow":["GET"]}}],"collection":[{"href":"https:\/\/www.europesays.com\/fr\/wp-json\/wp\/v2\/posts"}],"about":[{"href":"https:\/\/www.europesays.com\/fr\/wp-json\/wp\/v2\/types\/post"}],"author":[{"embeddable":true,"href":"https:\/\/www.europesays.com\/fr\/wp-json\/wp\/v2\/users\/2"}],"replies":[{"embeddable":true,"href":"https:\/\/www.europesays.com\/fr\/wp-json\/wp\/v2\/comments?post=279462"}],"version-history":[{"count":0,"href":"https:\/\/www.europesays.com\/fr\/wp-json\/wp\/v2\/posts\/279462\/revisions"}],"wp:featuredmedia":[{"embeddable":true,"href":"https:\/\/www.europesays.com\/fr\/wp-json\/wp\/v2\/media\/279463"}],"wp:attachment":[{"href":"https:\/\/www.europesays.com\/fr\/wp-json\/wp\/v2\/media?parent=279462"}],"wp:term":[{"taxonomy":"category","embeddable":true,"href":"https:\/\/www.europesays.com\/fr\/wp-json\/wp\/v2\/categories?post=279462"},{"taxonomy":"post_tag","embeddable":true,"href":"https:\/\/www.europesays.com\/fr\/wp-json\/wp\/v2\/tags?post=279462"}],"curies":[{"name":"wp","href":"https:\/\/api.w.org\/{rel}","templated":true}]}}