{"id":279470,"date":"2025-07-28T11:42:13","date_gmt":"2025-07-28T11:42:13","guid":{"rendered":"https:\/\/www.europesays.com\/fr\/279470\/"},"modified":"2025-07-28T11:42:13","modified_gmt":"2025-07-28T11:42:13","slug":"infographie-allemagne-italie-france-quels-sont-les-pays-de-lunion-europeenne-les-plus-exposes-aux-droits-de-douane-americains","status":"publish","type":"post","link":"https:\/\/www.europesays.com\/fr\/279470\/","title":{"rendered":"INFOGRAPHIE. Allemagne, Italie, France&#8230; Quels sont les pays de l&rsquo;Union europ\u00e9enne les plus expos\u00e9s aux droits de douane am\u00e9ricains?"},"content":{"rendered":"<p>Donald Trump a annonc\u00e9 dimanche 27 juillet des droits de douane \u00e0 15% pour tous les pays de l&rsquo;Union europ\u00e9enne mais ceux-ci, plus ou moins expos\u00e9s au march\u00e9 am\u00e9ricain, ne seront pas p\u00e9nalis\u00e9s de la m\u00eame fa\u00e7on quand la mesure entrera en vigueur le 1er ao\u00fbt.<\/p>\n<p>Qui seront les plus grands perdants du Vieux-Continent? Dimanche 27 juillet, les \u00c9tats-Unis et l&rsquo;Union europ\u00e9enne (UE) ont enfin conclu un accord commercial sur les droits de douane. Alors que Donald Trump mena\u00e7ait de taxer les exportations europ\u00e9ennes \u00e0 30% \u00e0 partir du 1er ao\u00fbt, <a href=\"https:\/\/www.bfmtv.com\/economie\/economie-social\/union-europeenne\/tout-comprendre-en-quoi-quoi-consiste-l-accord-enorme-a-15-que-viennent-de-conclure-trump-et-l-ue_AN-202507270293.html\" title=\"TOUT COMPRENDRE. En quoi consiste &quot;l&#039;accord \u00e9norme&quot; \u00e0 15% que viennent de conclure Trump et l&#039;UE ?\" class=\"internal_link\" rel=\"nofollow noopener\" target=\"_blank\">les droits de douane s&rsquo;\u00e9tabliront finalement \u00e0 15% pour tous les pays de l&rsquo;UE<\/a>.<\/p>\n<p>Plus ou moins exportateurs en direction des \u00c9tats-Unis, les pays membres de l&rsquo;UE ne seront pas p\u00e9nalis\u00e9s de la m\u00eame fa\u00e7on quand la mesure entrera en vigueur le 1er ao\u00fbt.<\/p>\n<p>En valeur notamment, c&rsquo;est de loin l&rsquo;Allemagne qui sera la plus touch\u00e9e par ce nouvel accord. Elle exporte le plus de marchandises vers les \u00c9tats-Unis, pour un montant de 161,2 milliards de dollars en 2024, suivie par l&rsquo;Irlande et l&rsquo;Italie, respectivement 72 et 64 milliards de dollars, selon des donn\u00e9es Eurostat.<\/p>\n<p>La France est moins expos\u00e9e, mais les champions de l&rsquo;agroalimentaire et du luxe seront particuli\u00e8rement touch\u00e9s.<\/p>\n<p>Plus 20% des exportations europ\u00e9ennes en direction des \u00c9tats-Unis<\/p>\n<p>Selon Eurostat, 20,6% des biens export\u00e9s depuis l&rsquo;UE le sont \u00e0 destination des \u00c9tats-Unis, loin devant le Royaume-Uni (13,2%) et la Chine (8,3%).<\/p>\n<p>L&rsquo;UE dans son ensemble a d\u00e9gag\u00e9 un exc\u00e9dent commercial sur les biens vis-\u00e0-vis des \u00c9tats-Unis de 235,6 milliards de dollars (201,5 milliards d&rsquo;euros), selon le Bureau d&rsquo;analyse \u00e9conomique (BEA), qui d\u00e9pend du d\u00e9partement am\u00e9ricain du Commerce et qui a publi\u00e9 ses statistiques pour 2024 d\u00e9but f\u00e9vrier. Seule la Chine affiche un montant sup\u00e9rieur.<\/p>\n<p>L&rsquo;Irlande d\u00e9gage le plus large exc\u00e9dent commercial<\/p>\n<p>L&rsquo;Irlande enregistre l&rsquo;exc\u00e9dent commercial le plus large des membres de l&rsquo;UE avec 86,7 milliards de dollars en valeur. C&rsquo;est aux \u00c9tats-Unis que l&rsquo;Irlande exporte plus du quart de ses produits.<\/p>\n<p>Cela s&rsquo;explique notamment par l&rsquo;implantation en Irlande de grands groupes am\u00e9ricains, notamment pharmaceutiques, comme Pfizer, Eli Lilly ou Johnson &amp; Johnson qui se sont install\u00e9s dans ce pays d&rsquo;Europe pour y b\u00e9n\u00e9ficier d&rsquo;un imp\u00f4t \u00e0 15% sur les grandes soci\u00e9t\u00e9s, contre 21% aux \u00c9tats-Unis.<\/p>\n<p>Ces soci\u00e9t\u00e9s peuvent ainsi h\u00e9berger leurs brevets en Irlande et vendre sur le march\u00e9 am\u00e9ricain, o\u00f9 les prix des m\u00e9dicaments sont traditionnellement plus \u00e9lev\u00e9s que dans le reste du monde.<\/p>\n<p>Donald Trump a n\u00e9anmoins pr\u00e9cis\u00e9 dimanche que le secteur pharmaceutique ne b\u00e9n\u00e9ficierait pas d&rsquo;un traitement particulier en mati\u00e8re de droits de douane. Il faut dire qu&rsquo;\u00e0 l&rsquo;\u00e9chelle de l&rsquo;UE, les produits m\u00e9dicaux et pharmaceutiques figurent parmi les biens europ\u00e9ens les plus export\u00e9s vers les \u00c9tats-Unis: 22,5% des produits export\u00e9s, loin devant les v\u00e9hicules routiers (9,6%), d&rsquo;apr\u00e8s les donn\u00e9es Eurostat.<\/p>\n<p>L&rsquo;Irlande accueille par ailleurs sur son sol la plupart des si\u00e8ges europ\u00e9ens des g\u00e9ants am\u00e9ricains de la \u00ab\u00a0tech\u00a0\u00bb, comme Apple, Google ou Meta, \u00e9galement s\u00e9duits par la fiscalit\u00e9 irlandaise attractive.<\/p>\n<p>L&rsquo;Allemagne, le champion industriel<\/p>\n<p>Premi\u00e8re \u00e9conomie de l&rsquo;UE, l&rsquo;Allemagne a d\u00e9gag\u00e9 en 2024 un exc\u00e9dent commercial record avec les \u00c9tats-Unis atteignant 84,8 milliards de dollars.<\/p>\n<p>Les \u00c9tats-Unis absorbent \u00e0 eux seuls 10,5% des exportations allemandes, selon l&rsquo;office de statistiques allemand Destatis. Les Am\u00e9ricains se montrent friands des marques automobiles venues d&rsquo;Allemagne, mais aussi de machines-outils et de produits pharmaceutiques \u00ab\u00a0Made in Germany\u00a0\u00bb.<\/p>\n<p>La banque centrale allemande a averti en d\u00e9but d&rsquo;ann\u00e9e que l&rsquo;imposition de droits de douane am\u00e9ricains sur les produits allemands pourrait r\u00e9duire de 1% le produit int\u00e9rieur brut du pays.<\/p>\n<p>L&rsquo;Italie et la France, en deuxi\u00e8me rideau<\/p>\n<p>L&rsquo;Italie et la France, avec respectivement 44 milliards de dollars et 16,4 milliards de dollars d&rsquo;exc\u00e9dent selon les Am\u00e9ricains (mais pour la France un d\u00e9ficit de quelques milliards, selon les statistiques des douanes), seraient vraisemblablement moins touch\u00e9es.<\/p>\n<p>Toutefois, l&rsquo;impact varie d&rsquo;un secteur d&rsquo;activit\u00e9 \u00e0 l&rsquo;autre au sein de chacune de ces deux \u00e9conomies.<\/p>\n<p>L&rsquo;agroalimentaire et les produits viticoles en particulier seraient affect\u00e9s dans les deux pays. Les Am\u00e9ricains ont l&rsquo;habitude de consommer des produits \u00ab\u00a0Made in France\u00a0\u00bb et \u00ab\u00a0Made in Italy\u00a0\u00bb mais pourraient en raffoler nettement moins si les prix grimpent pour tenir compte des droits de douane.<\/p>\n<p>Le secteur fran\u00e7ais du luxe (parfums, maroquinerie, etc.) est \u00e9galement tr\u00e8s expos\u00e9.<\/p>\n<p>Pour le num\u00e9ro un mondial du luxe LVMH, un droit de douane de 15% \u00ab\u00a0serait un bon r\u00e9sultat\u00a0\u00bb, avait fait savoir le groupe jeudi en publiant ses r\u00e9sultats semestriels, marqu\u00e9s par une chute du b\u00e9n\u00e9fice net et des ventes. Il pense pouvoir compenser en augmentant ses prix et en optimisant sa production, notamment aux \u00c9tats-Unis.<\/p>\n<p>Autriche et Su\u00e8de, en exc\u00e9dent aussi<\/p>\n<p>L&rsquo;Autriche et la Su\u00e8de sont aussi en exc\u00e9dent avec les Etats-Unis, respectivement de 13,1 milliards et 9,8 milliards de dollars.<\/p>\n","protected":false},"excerpt":{"rendered":"Donald Trump a annonc\u00e9 dimanche 27 juillet des droits de douane \u00e0 15% pour tous les pays de&hellip;\n","protected":false},"author":2,"featured_media":278147,"comment_status":"","ping_status":"","sticky":false,"template":"","format":"standard","meta":{"footnotes":""},"categories":[1587],"tags":[11,672,1804,1805,1803,1777,674,1801,12,1802],"class_list":{"0":"post-279470","1":"post","2":"type-post","3":"status-publish","4":"format-standard","5":"has-post-thumbnail","7":"category-allemagne","8":"tag-actualites","9":"tag-allemagne","10":"tag-bundesrepublik-deutschland","11":"tag-de","12":"tag-deutschland","13":"tag-eu","14":"tag-europe","15":"tag-germany","16":"tag-news","17":"tag-republique-federale-dallemagne"},"share_on_mastodon":{"url":"https:\/\/pubeurope.com\/@fr\/114930682682602100","error":""},"_links":{"self":[{"href":"https:\/\/www.europesays.com\/fr\/wp-json\/wp\/v2\/posts\/279470","targetHints":{"allow":["GET"]}}],"collection":[{"href":"https:\/\/www.europesays.com\/fr\/wp-json\/wp\/v2\/posts"}],"about":[{"href":"https:\/\/www.europesays.com\/fr\/wp-json\/wp\/v2\/types\/post"}],"author":[{"embeddable":true,"href":"https:\/\/www.europesays.com\/fr\/wp-json\/wp\/v2\/users\/2"}],"replies":[{"embeddable":true,"href":"https:\/\/www.europesays.com\/fr\/wp-json\/wp\/v2\/comments?post=279470"}],"version-history":[{"count":0,"href":"https:\/\/www.europesays.com\/fr\/wp-json\/wp\/v2\/posts\/279470\/revisions"}],"wp:featuredmedia":[{"embeddable":true,"href":"https:\/\/www.europesays.com\/fr\/wp-json\/wp\/v2\/media\/278147"}],"wp:attachment":[{"href":"https:\/\/www.europesays.com\/fr\/wp-json\/wp\/v2\/media?parent=279470"}],"wp:term":[{"taxonomy":"category","embeddable":true,"href":"https:\/\/www.europesays.com\/fr\/wp-json\/wp\/v2\/categories?post=279470"},{"taxonomy":"post_tag","embeddable":true,"href":"https:\/\/www.europesays.com\/fr\/wp-json\/wp\/v2\/tags?post=279470"}],"curies":[{"name":"wp","href":"https:\/\/api.w.org\/{rel}","templated":true}]}}