{"id":279473,"date":"2025-07-28T11:44:10","date_gmt":"2025-07-28T11:44:10","guid":{"rendered":"https:\/\/www.europesays.com\/fr\/279473\/"},"modified":"2025-07-28T11:44:10","modified_gmt":"2025-07-28T11:44:10","slug":"lue-accuse-le-site-de-commerce-en-ligne-temu-de-violer-sa-legislation-numerique","status":"publish","type":"post","link":"https:\/\/www.europesays.com\/fr\/279473\/","title":{"rendered":"l\u2019UE accuse le site de commerce en ligne Temu de violer sa l\u00e9gislation num\u00e9rique"},"content":{"rendered":"<p>Une enqu\u00eate de l\u2019UE, encore en cours, montre qu\u2019il existe \u00abun risque \u00e9lev\u00e9 pour les consommateurs de l\u2019UE\u00bb de trouver \u00abdes produits ill\u00e9gaux sur la plateforme\u00bb, estime la Commission europ\u00e9enne.<\/p>\n<p class=\"fig-paragraph\">La Commission europ\u00e9enne a accus\u00e9 ce lundi 28 juillet le site de commerce en ligne d\u2019origine chinoise\u00a0<a href=\"http:\/\/www.lefigaro.fr\/conso\/le-commissaire-europeen-a-la-justice-choque-par-la-dangerosite-des-produits-vendus-par-shein-et-temu-20250721\" data-fig-type=\"Article\" data-gtm-custom-categorie=\"navigation\" data-gtm-custom-action=\"crossclick\" data-gtm-custom-label=\"Contextuel\" data-gtm-event=\"customEventSPE\" data-fig-domain=\"LEFIGARO\" rel=\"nofollow noopener\" target=\"_blank\">Temu<\/a>\u00a0de violer sa l\u00e9gislation sur les services num\u00e9riques (DSA), faute de contr\u00f4le suffisant sur les produits propos\u00e9s aux consommateurs, notamment les jouets pour b\u00e9b\u00e9s. Une enqu\u00eate de l\u2019UE, encore en cours, montre qu\u2019il existe \u00abun risque \u00e9lev\u00e9 pour les consommateurs de l\u2019UE\u00bb de trouver \u00abdes produits ill\u00e9gaux sur la plateforme\u00bb, estime la Commission.<\/p>\n<p class=\"fig-paragraph\">Temu a encore la possibilit\u00e9 de r\u00e9pondre, mais risque une amende pouvant aller jusqu\u2019\u00e0 6% de son chiffre d\u2019affaires annuel si l\u2019infraction est confirm\u00e9e. \u00abSelon notre \u00e9valuation pr\u00e9liminaire, Temu est loin d\u2019\u00e9valuer les risques pour ses utilisateurs selon les standards exig\u00e9s par le r\u00e8glement sur les services num\u00e9riques (DSA)\u00bb, a soulign\u00e9 la commissaire europ\u00e9enne en charge du num\u00e9rique, Henna Virkkunen. La Commission pointe notamment du doigt \u00abdes jouets pour b\u00e9b\u00e9s\u00bb et des \u00abpetits appareils \u00e9lectroniques\u00bb susceptibles de ne pas respecter les normes europ\u00e9ennes.<\/p>\n<p>                                    <a class=\"fig-a11y-skip a11y-hidden\" href=\"#fig-a11y-skip-main-inarticle\"><br \/>\n        Passer la publicit\u00e9<br \/>\n    <\/a><\/p>\n<p>L\u2019enqu\u00eate se poursuit<\/p>\n<p class=\"fig-paragraph\">Bruxelles entend poursuivre son enqu\u00eate, ouverte en octobre 2024, sur d\u2019autres infractions pr\u00e9sum\u00e9es, comme le \u00abdesign addictif\u00bb de l\u2019application Temu, avec ses promotions \u00e9clairs et ses jeux, ainsi que le possible manque de transparence dans les recommandations d\u2019achats. Temu, qui conna\u00eet une progression fulgurante en Europe gr\u00e2ce \u00e0 une strat\u00e9gie de prix cass\u00e9s, est la version internationale du mastodonte chinois du e-commerce Pinduoduo, n\u00e9 en 2015. Il propose un choix pl\u00e9thorique de produits: v\u00eatements, jouets, d\u00e9coration, outils, high-tech&#8230;<\/p>\n<p class=\"fig-paragraph\">En mai 2024, des associations europ\u00e9ennes de consommateurs avaient d\u00e9pos\u00e9 une plainte contre la plateforme, l\u2019accusant notamment d\u2019inciter les utilisateurs \u00e0 d\u00e9penser plus. En octobre, l\u2019entreprise avait assur\u00e9 avoir pris \u00abdes mesures importantes\u00bb et \u00abaffiner\u00bb ses pratiques \u00abdans le cadre du r\u00e8glement\u00bb europ\u00e9en sur les services num\u00e9riques. Extr\u00eamement populaire dans l\u2019UE malgr\u00e9 une arriv\u00e9e r\u00e9cente sur le march\u00e9 en 2023, Temu compte 93,7 millions d\u2019utilisateurs actifs mensuels en moyenne dans les 27 \u00c9tats membres.<\/p>\n<p class=\"fig-paragraph\">Pour prot\u00e9ger les utilisateurs de contenus ou de produits potentiellement dangereux, d\u2019autres enqu\u00eates au titre du DSA sont en cours dans l\u2019UE, notamment sur le site chinois AliExpress, ainsi que sur les r\u00e9seaux sociaux Facebook, Instagram, X (ex-Twitter) et TikTok. L\u2019UE souhaite \u00e9galement lutter contre l\u2019afflux massif de petits colis bon march\u00e9 sur son territoire, avec une proposition actuellement \u00e0 l\u2019\u00e9tude visant \u00e0 imposer une taxe de deux euros par colis. L\u2019an dernier, 4,6 milliards de colis de ce type sont entr\u00e9s dans l\u2019UE &#8211; soit plus de 145 par seconde &#8211; dont 91% provenant de Chine.<\/p>\n","protected":false},"excerpt":{"rendered":"Une enqu\u00eate de l\u2019UE, encore en cours, montre qu\u2019il existe \u00abun risque \u00e9lev\u00e9 pour les consommateurs de l\u2019UE\u00bb&hellip;\n","protected":false},"author":2,"featured_media":279474,"comment_status":"","ping_status":"","sticky":false,"template":"","format":"standard","meta":{"footnotes":""},"categories":[1586],"tags":[11,1777,674,1779,1011,27,12,25,1105,1778,364],"class_list":{"0":"post-279473","1":"post","2":"type-post","3":"status-publish","4":"format-standard","5":"has-post-thumbnail","7":"category-europe","8":"tag-actualites","9":"tag-eu","10":"tag-europe","11":"tag-european-union","12":"tag-fr","13":"tag-france","14":"tag-news","15":"tag-republique-francaise","16":"tag-temu","17":"tag-ue","18":"tag-union-europeenne"},"share_on_mastodon":{"url":"https:\/\/pubeurope.com\/@fr\/114930690611287681","error":""},"_links":{"self":[{"href":"https:\/\/www.europesays.com\/fr\/wp-json\/wp\/v2\/posts\/279473","targetHints":{"allow":["GET"]}}],"collection":[{"href":"https:\/\/www.europesays.com\/fr\/wp-json\/wp\/v2\/posts"}],"about":[{"href":"https:\/\/www.europesays.com\/fr\/wp-json\/wp\/v2\/types\/post"}],"author":[{"embeddable":true,"href":"https:\/\/www.europesays.com\/fr\/wp-json\/wp\/v2\/users\/2"}],"replies":[{"embeddable":true,"href":"https:\/\/www.europesays.com\/fr\/wp-json\/wp\/v2\/comments?post=279473"}],"version-history":[{"count":0,"href":"https:\/\/www.europesays.com\/fr\/wp-json\/wp\/v2\/posts\/279473\/revisions"}],"wp:featuredmedia":[{"embeddable":true,"href":"https:\/\/www.europesays.com\/fr\/wp-json\/wp\/v2\/media\/279474"}],"wp:attachment":[{"href":"https:\/\/www.europesays.com\/fr\/wp-json\/wp\/v2\/media?parent=279473"}],"wp:term":[{"taxonomy":"category","embeddable":true,"href":"https:\/\/www.europesays.com\/fr\/wp-json\/wp\/v2\/categories?post=279473"},{"taxonomy":"post_tag","embeddable":true,"href":"https:\/\/www.europesays.com\/fr\/wp-json\/wp\/v2\/tags?post=279473"}],"curies":[{"name":"wp","href":"https:\/\/api.w.org\/{rel}","templated":true}]}}