{"id":279492,"date":"2025-07-28T11:54:10","date_gmt":"2025-07-28T11:54:10","guid":{"rendered":"https:\/\/www.europesays.com\/fr\/279492\/"},"modified":"2025-07-28T11:54:10","modified_gmt":"2025-07-28T11:54:10","slug":"si-vous-ne-voyez-rien-vous-pouvez-toujours-lever-le-pied-verstappen-mecontent-du-depart-reporte-a-spa","status":"publish","type":"post","link":"https:\/\/www.europesays.com\/fr\/279492\/","title":{"rendered":"\u00absi vous ne voyez rien, vous pouvez toujours lever le pied\u00bb, Verstappen m\u00e9content du d\u00e9part report\u00e9 \u00e0 Spa"},"content":{"rendered":"<p>Max Verstappen n\u2019\u00e9tait pas du tout d\u2019accord avec la d\u00e9cision du directeur de course de reporter le d\u00e9part du Grand Prix de Belgique et il l\u2019a fait savoir apr\u00e8s l\u2019arriv\u00e9e.<\/p>\n<p class=\"fig-paragraph\"><a href=\"http:\/\/www.lefigaro.fr\/sports\/formule-1\/formule-1-c-est-un-gars-tres-intelligent-assure-verstappen-a-propos-de-mekies-20250724\" data-fig-type=\"NewsFlash\" data-gtm-custom-categorie=\"navigation\" data-gtm-custom-action=\"crossclick\" data-gtm-custom-label=\"Contextuel\" data-gtm-event=\"customEventSPE\" data-fig-domain=\"LEFIGARO\" target=\"_blank\" rel=\"noopener\">Max Verstappen<\/a>\u00a0aurait aim\u00e9 rouler sous la pluie ce dimanche apr\u00e8s-midi\u00a0<a href=\"http:\/\/www.lefigaro.fr\/sports\/formule-1\/spa-a-toujours-ete-mon-circuit-prefere-max-verstappen-affirme-ses-ambitions-avant-le-gp-de-belgique-20250724\" data-fig-type=\"NewsFlash\" data-gtm-custom-categorie=\"navigation\" data-gtm-custom-action=\"crossclick\" data-gtm-custom-label=\"Contextuel\" data-gtm-event=\"customEventSPE\" data-fig-domain=\"LEFIGARO\" target=\"_blank\" rel=\"noopener\">\u00e0 Spa-Francorchamps en Belgique<\/a>. Mais le directeur de course Rui Marques a d\u00e9cid\u00e9 de reporter le d\u00e9part du Grand Prix de plus d\u2019une heure trente pour s\u2019assurer que les pilotes aient une visibilit\u00e9 suffisante et \u00e9viter de potentiels accidents.<\/p>\n<p class=\"fig-paragraph\">Le quadruple champion du monde est revenu sur ce choix en interview, \u00e0 l\u2019issue de sa quatri\u00e8me place finale\u00a0: \u00abbien s\u00fbr, apr\u00e8s Silverstone, on a discut\u00e9 du fait d\u2019\u00eatre un peu plus prudents dans les d\u00e9cisions (de la direction de course, ndlr), mais l\u00e0, c\u2019\u00e9tait l\u2019extr\u00eame inverse pour moi\u00bb.\u00a0<\/p>\n<p>                                    <a class=\"fig-a11y-skip a11y-hidden\" href=\"#fig-a11y-skip-main-inarticle\"><br \/>\n        Passer la publicit\u00e9<br \/>\n    <\/a><\/p>\n<p>\u00abLa piste \u00e9tait praticable\u00bb<\/p>\n<p class=\"fig-paragraph\">Le N\u00e9erlandais a par la suite assur\u00e9 qu\u2019\u00e0 \u00ab15h pile, il aurait fallu donner le d\u00e9part. Il ne pleuvait m\u00eame pas. Et bien s\u00fbr, entre les virages 1 et 5, il y avait pas mal d\u2019eau, mais avec deux tours derri\u00e8re la voiture de s\u00e9curit\u00e9, cela aurait \u00e9t\u00e9 beaucoup plus d\u00e9gag\u00e9. Et le reste de la piste \u00e9tait de toute fa\u00e7on praticable. C\u2019est un peu dommage\u00bb, a-t-il regrett\u00e9.<\/p>\n<p class=\"fig-paragraph\">Il a aussi \u00e9t\u00e9 demand\u00e9 \u00e0 Max Verstappen s\u2019il pensait que le circuit de Spa-Francorchamps, o\u00f9 plusieurs\u00a0<a href=\"https:\/\/www.lefigaro.fr\/sports\/auto-moto\/actualites\/journee-tragique-devaste-le-monde-du-sport-reagit-au-deces-du-jeune-pilote-francais-anthoine-hubert-971905\" data-fig-type=\"Article\" data-gtm-custom-categorie=\"navigation\" data-gtm-custom-action=\"crossclick\" data-gtm-custom-label=\"Contextuel\" data-gtm-event=\"customEventSPE\" data-fig-domain=\"LEFIGARO\" target=\"_blank\" rel=\"noopener\">d\u00e9c\u00e8s tragiques ont \u00e9t\u00e9 \u00e0 d\u00e9plorer<\/a>\u00a0ces derni\u00e8res ann\u00e9es (<a href=\"http:\/\/www.lefigaro.fr\/automobile\/auto-un-jeune-pilote-neerlandais-meurt-a-spa-lors-d-une-course-du-championnat-d-europe-20230701\" data-fig-type=\"NewsFlash\" data-gtm-custom-categorie=\"navigation\" data-gtm-custom-action=\"crossclick\" data-gtm-custom-label=\"Contextuel\" data-gtm-event=\"customEventSPE\" data-fig-domain=\"LEFIGARO\" target=\"_blank\" rel=\"noopener\">notamment sous la pluie<\/a>), influen\u00e7ait les d\u00e9cisions concernant les risques pris\u00a0: \u00aboui, possiblement. Bien s\u00fbr, au final, ils font ce qu\u2019ils veulent, n\u2019est-ce pas\u00a0? Ce sont eux qui d\u00e9cident. Mais je trouve juste que c\u2019est un peu dommage pour tout le monde. On ne verra plus jamais de courses classiques sous la pluie. Plus vous roulez, mieux c\u2019est. Et si vous ne voyez rien, vous pouvez toujours lever le pied car \u00e0 un moment donn\u00e9, vous y verrez plus clair\u00bb.<\/p>\n<p class=\"fig-paragraph\">\u00c0 noter que le pilote Red Bull aurait \u00e9t\u00e9 avantag\u00e9 si le d\u00e9part avait \u00e9t\u00e9 lanc\u00e9 sous la pluie puisqu\u2019il avait r\u00e9gl\u00e9 sa monoplace pour des conditions humides, ce qui a peut-\u00eatre aliment\u00e9 sa frustration et donc influ\u00e9 sur ses paroles d\u2019apr\u00e8s-course.<\/p>\n","protected":false},"excerpt":{"rendered":"Max Verstappen n\u2019\u00e9tait pas du tout d\u2019accord avec la d\u00e9cision du directeur de course de reporter le d\u00e9part&hellip;\n","protected":false},"author":2,"featured_media":279493,"comment_status":"","ping_status":"","sticky":false,"template":"","format":"standard","meta":{"footnotes":""},"categories":[1412],"tags":[1451,5088,1452,1453,1454,1455,1011,27,1982,2236,2255,60],"class_list":{"0":"post-279492","1":"post","2":"type-post","3":"status-publish","4":"format-standard","5":"has-post-thumbnail","7":"category-f1","8":"tag-f1","9":"tag-fia","10":"tag-formula-1","11":"tag-formula1","12":"tag-formule-1","13":"tag-formule1","14":"tag-fr","15":"tag-france","16":"tag-grand-prix","17":"tag-max-verstappen","18":"tag-red-bull","19":"tag-sports"},"share_on_mastodon":{"url":"https:\/\/pubeurope.com\/@fr\/114930729892089471","error":""},"_links":{"self":[{"href":"https:\/\/www.europesays.com\/fr\/wp-json\/wp\/v2\/posts\/279492","targetHints":{"allow":["GET"]}}],"collection":[{"href":"https:\/\/www.europesays.com\/fr\/wp-json\/wp\/v2\/posts"}],"about":[{"href":"https:\/\/www.europesays.com\/fr\/wp-json\/wp\/v2\/types\/post"}],"author":[{"embeddable":true,"href":"https:\/\/www.europesays.com\/fr\/wp-json\/wp\/v2\/users\/2"}],"replies":[{"embeddable":true,"href":"https:\/\/www.europesays.com\/fr\/wp-json\/wp\/v2\/comments?post=279492"}],"version-history":[{"count":0,"href":"https:\/\/www.europesays.com\/fr\/wp-json\/wp\/v2\/posts\/279492\/revisions"}],"wp:featuredmedia":[{"embeddable":true,"href":"https:\/\/www.europesays.com\/fr\/wp-json\/wp\/v2\/media\/279493"}],"wp:attachment":[{"href":"https:\/\/www.europesays.com\/fr\/wp-json\/wp\/v2\/media?parent=279492"}],"wp:term":[{"taxonomy":"category","embeddable":true,"href":"https:\/\/www.europesays.com\/fr\/wp-json\/wp\/v2\/categories?post=279492"},{"taxonomy":"post_tag","embeddable":true,"href":"https:\/\/www.europesays.com\/fr\/wp-json\/wp\/v2\/tags?post=279492"}],"curies":[{"name":"wp","href":"https:\/\/api.w.org\/{rel}","templated":true}]}}