{"id":279494,"date":"2025-07-28T11:55:14","date_gmt":"2025-07-28T11:55:14","guid":{"rendered":"https:\/\/www.europesays.com\/fr\/279494\/"},"modified":"2025-07-28T11:55:14","modified_gmt":"2025-07-28T11:55:14","slug":"tdf-tour-de-france-marc-madiot-tadej-pogacar-mefiez-vous-du-temps-prudence","status":"publish","type":"post","link":"https:\/\/www.europesays.com\/fr\/279494\/","title":{"rendered":"TDF. Tour de France &#8211; Marc Madiot : \u00abTadej Pogacar ? M\u00e9fiez-vous du temps&#8230; prudence !\u00bb"},"content":{"rendered":"<p> Lire la suite de l&rsquo;article&#13;<\/p>\n<p>\u00a0<\/p>\n<p>&#13;<\/p>\n<p><strong>Marc, si je vous dis qu\u2019on est \u00e0 l\u2019arriv\u00e9e du Tour de France 2025 et que votre \u00e9quipe n\u2019a pas \u00e9t\u00e9 vernie, on est d\u2019accord ou pas ?<\/strong><\/p>\n<p>On est d\u2019accord. Surtout qu\u2019hier, on a \u00e9t\u00e9 victime d\u2019une chute alors qu\u2019on jouait la gagne de l\u2019\u00e9tape, donc c\u2019est frustrant, d\u00e9cevant, mais c\u2019est la course.<\/p>\n<p>&#13;<\/p>\n<p><strong>Pas de victoire depuis 2019, \u00e7a agace ? Quel est le sentiment ?<\/strong><\/p>\n<p>Non. Quand on fait quatri\u00e8me du Tour avec Gaudu ou neuvi\u00e8me, ce sont quand m\u00eame des bilans int\u00e9ressants. C\u2019est un peu facile et r\u00e9ducteur de r\u00e9sumer notre Tour \u00e0 z\u00e9ro victoire d\u2019\u00e9tape depuis 2019.<\/p>\n<p>&#13;<\/p>\n<p>\u00a0<\/p>\n<p>&#13;<\/p>\n<p><strong>Vous connaissez forc\u00e9ment ceux qui critiquent. Qu\u2019est-ce que vous leur r\u00e9pondez ?<\/strong><\/p>\n<p>Je ne leur r\u00e9ponds rien. On trace notre chemin, on construit, on d\u00e9veloppe, et on essaie d\u2019\u00eatre les plus performants possible avec nos moyens.<\/p>\n<p>&#13;<\/p>\n<p>\u00a0<\/p>\n<p>&#13;<\/p>\n<p><strong>Tadej Pogacar, quatri\u00e8me Tour de France. Normal ?<\/strong><\/p>\n<p>&#13;<\/p>\n<p>C\u2019\u00e9tait le meilleur, le plus fort, le plus complet. Ce n\u2019est pas illogique qu\u2019il soit le vainqueur.<\/p>\n<p>&#13;<\/p>\n<p><strong>Quand on entend les critiques de ces derniers jours, \u00e7a agace ?<\/strong><\/p>\n<p>Non. J\u2019ai vu quinze jours de Tour attrayants, punchy, sexy, excitants. La derni\u00e8re semaine \u00e9tait plus dans le contr\u00f4le, la mod\u00e9ration, mais c\u2019\u00e9tait logique vu le classement.<br \/>Ce n\u2019est pas un cru exceptionnel, mais un bon cru. Il aurait pu l\u2019\u00eatre si l\u2019intensit\u00e9 avait dur\u00e9 toute la derni\u00e8re semaine. Mais on ne peut pas demander l\u2019impossible aux coureurs, et c&rsquo;est mieux ainsi.<\/p>\n<p>&#13;<\/p>\n<p>\u00a0<\/p>\n<p>&#13;<\/p>\n<p><strong>Et maintenant ? La suite pour Groupama-FDJ ?<\/strong><\/p>\n<p>Le Tour d\u2019Espagne. Avec des ambitions pour Gaudu, Martin, K\u00fcng, Gruel et d\u2019autres. J\u2019esp\u00e8re qu\u2019on fera un grand Tour d\u2019Espagne.<\/p>\n<p>&#13;<\/p>\n<p><strong>David Gaudu, sa r\u00e9surrection en 2024 a marqu\u00e9. Il repart sur les bons rails ?<\/strong><\/p>\n<p>Oui. J\u2019ai de bons retours de ses stages en ce moment. C\u2019\u00e9tait une bonne d\u00e9cision de ne pas le mettre sur le Tour cette ann\u00e9e, pour lui laisser le temps de se reconstruire et retrouver confiance et s\u00e9r\u00e9nit\u00e9.<\/p>\n<p>&#13;<\/p>\n<p>\u00a0<\/p>\n<p>&#13;<\/p>\n<p><strong>Qu\u2019est-ce qui vous a manqu\u00e9 sur ce Tour ?<\/strong><\/p>\n<p>Un peu de r\u00e9ussite, notamment hier (samedi). Mais sur les \u00e9tapes d\u00e9cisives, on avait Romain Gr\u00e9goire. Il est encore en d\u00e9veloppement, il a 22 ans. Quand on est face \u00e0 Pogacar ou Van der Poel, il lui manque encore un petit cran. Mais il est en train de le prendre, en progression. Il faut garder le cap.<\/p>\n<p>&#13;<\/p>\n<p><strong>Quelle image vous gardez de ce Tour de France 2025 ?<\/strong><\/p>\n<p>La derni\u00e8re : Wout van Aert. J\u2019ai une grande admiration pour ce coureur. Il est en opposition permanente avec Van der Poel \u00e0 qui tout r\u00e9ussit. Il a \u00e9t\u00e9 en capacit\u00e9 de se reconstruire, de se red\u00e9velopper, de retourner au combat, il revient de moments difficiles. Et qu&rsquo;il gagne aujourd\u2019hui sur les Champs, avec cette \u00e9tape un peu sp\u00e9ciale, c\u2019est un signe du destin. Je suis en admiration.<\/p>\n<p>&#13;<\/p>\n<p>\u00a0<\/p>\n<p>&#13;<\/p>\n<p><strong>Comme un heureux hasard, il y a un an, un autre Belge gagnait ici, un certain Remco Evenepoel&#8230;<\/strong><\/p>\n<p>Oui, mais franchement, ce que j&rsquo;ai v\u00e9cu cette apr\u00e8s-midi&#8230; Il y avait un petit c\u00f4t\u00e9 \u00ab\u00a0cirque\u00a0\u00bb que je n\u2019aime pas, mais aussi la victoire de ce qu\u2019est intrins\u00e8quement le cyclisme : l\u2019abn\u00e9gation, la d\u00e9termination, l\u2019exp\u00e9rience, l\u2019engagement. Et ce qu&rsquo;on a v\u00e9cu aujourd&rsquo;hui (dimanche) avec Wout Van Aert, c&rsquo;est \u00e0 m\u00e9diter.<\/p>\n<p>&#13;<\/p>\n<p><strong>Vous parlez du \u00ab\u00a0pari\u00a0\u00bb tent\u00e9 par ASO. Qu\u2019est-ce qui vous a plu ou d\u00e9plu ?<\/strong><\/p>\n<p>Ce qui m\u2019a plu, c\u2019est Van Aert. Ce qui m\u2019a d\u00e9plu, c\u2019est le c\u00f4t\u00e9 prise de risques. On joue avec le feu. Et il ne faut pas trop jouer avec le feu.<\/p>\n<p>&#13;<\/p>\n<p>\u00a0<\/p>\n<p>&#13;<\/p>\n<p><strong>Avec l\u2019exp\u00e9rience, vous relativisez certaines ann\u00e9es sans grands r\u00e9sultats ?<\/strong><\/p>\n<p>Oui. Le r\u00e9sultat du Tour d\u00e9pend de nous, mais pas que de nous. Il y a les circonstances de course et l\u2019adversit\u00e9. Il faut rester objectif, que \u00e7a aille bien ou non, et retrouver des \u00e9quilibres.<\/p>\n<p>&#13;<\/p>\n<p>\u00a0<\/p>\n<p>&#13;<\/p>\n<p><strong>C\u2019est un bon cru, ce Tour 2025 ?<\/strong><\/p>\n<p>Oui, un bon cru. Pas un cru exceptionnel. \u00c7a l\u2019aurait \u00e9t\u00e9 si Vingegaard avait pu \u00eatre en opposition plus franche avec Pogacar. Mais \u00e7a n&rsquo;a pas \u00e9t\u00e9 le cas. On a eu 15 jours palpitants. Si \u00e7a avait dur\u00e9 sur le m\u00eame rythme, je vous aurais dit \u00ab\u00a0cru d\u2019exception\u00a0\u00bb. Mais ce n\u2019est pas le cas.<\/p>\n<p>&#13;<\/p>\n<p>\u00a0<\/p>\n<p>&#13;<\/p>\n<p><strong>On a vu plus de spectacle sur les \u00e9tapes dites \u00ab\u00a0de transition\u00a0\u00bb et accident\u00e9es&#8230;<\/strong><\/p>\n<p>Ce n\u2019est pas nouveau. Une \u00e9tape moins difficile permet \u00e0 plus de monde de s\u2019exprimer. Il faut garder un bon \u00e9quilibre : baroudeurs, moyenne montagne, chronos, sprints. Il en faut pour tout le monde.<\/p>\n<p>&#13;<\/p>\n<p>\u00a0<\/p>\n<p>&#13;<\/p>\n<p><strong>Pogacar, quatri\u00e8me Tour \u00e0 26 ans. Il va d\u00e9passer les l\u00e9gendes qui comptent 5 Tour de France ?<\/strong><\/p>\n<p>&#13;<\/p>\n<p>Si on se fie \u00e0 la situation pr\u00e9sente, on a envie de dire que oui, que \u00e7a va \u00eatre facile et simple \u00e0 se r\u00e9aliser. Mais m\u00e9fiez vous du temps, de l\u2019habitude, du rel\u00e2chement. Rien n\u2019est acquis \u00e0 l&rsquo;avance. Rappelez-vous, par le pass\u00e9, on avait pr\u00e9dit de nombreuses victoires \u00e0 certains coureurs : Jan Ullrich, \u00e0 qui on pr\u00e9disait plusieurs victoires, n\u2019en a gagn\u00e9 qu\u2019un seul. Donc : observation et prudence, c&rsquo;est le mot qui convient.<\/p>\n<p>Tour de France &#8211; Classement g\u00e9n\u00e9ral<\/p>\n","protected":false},"excerpt":{"rendered":"Lire la suite de l&rsquo;article&#13; \u00a0 &#13; Marc, si je vous dis qu\u2019on est \u00e0 l\u2019arriv\u00e9e du Tour&hellip;\n","protected":false},"author":2,"featured_media":279495,"comment_status":"","ping_status":"","sticky":false,"template":"","format":"standard","meta":{"footnotes":""},"categories":[1411],"tags":[1154,207,211,1011,27,209,60,210,212,208,213],"class_list":{"0":"post-279494","1":"post","2":"type-post","3":"status-publish","4":"format-standard","5":"has-post-thumbnail","7":"category-cyclisme","8":"tag-cycling","9":"tag-cyclisme","10":"tag-ffc","11":"tag-fr","12":"tag-france","13":"tag-route","14":"tag-sports","15":"tag-tour-de-france","16":"tag-uci","17":"tag-velo","18":"tag-world-tour"},"share_on_mastodon":{"url":"https:\/\/pubeurope.com\/@fr\/114930733865057533","error":""},"_links":{"self":[{"href":"https:\/\/www.europesays.com\/fr\/wp-json\/wp\/v2\/posts\/279494","targetHints":{"allow":["GET"]}}],"collection":[{"href":"https:\/\/www.europesays.com\/fr\/wp-json\/wp\/v2\/posts"}],"about":[{"href":"https:\/\/www.europesays.com\/fr\/wp-json\/wp\/v2\/types\/post"}],"author":[{"embeddable":true,"href":"https:\/\/www.europesays.com\/fr\/wp-json\/wp\/v2\/users\/2"}],"replies":[{"embeddable":true,"href":"https:\/\/www.europesays.com\/fr\/wp-json\/wp\/v2\/comments?post=279494"}],"version-history":[{"count":0,"href":"https:\/\/www.europesays.com\/fr\/wp-json\/wp\/v2\/posts\/279494\/revisions"}],"wp:featuredmedia":[{"embeddable":true,"href":"https:\/\/www.europesays.com\/fr\/wp-json\/wp\/v2\/media\/279495"}],"wp:attachment":[{"href":"https:\/\/www.europesays.com\/fr\/wp-json\/wp\/v2\/media?parent=279494"}],"wp:term":[{"taxonomy":"category","embeddable":true,"href":"https:\/\/www.europesays.com\/fr\/wp-json\/wp\/v2\/categories?post=279494"},{"taxonomy":"post_tag","embeddable":true,"href":"https:\/\/www.europesays.com\/fr\/wp-json\/wp\/v2\/tags?post=279494"}],"curies":[{"name":"wp","href":"https:\/\/api.w.org\/{rel}","templated":true}]}}