{"id":27950,"date":"2025-04-16T00:17:09","date_gmt":"2025-04-16T00:17:09","guid":{"rendered":"https:\/\/www.europesays.com\/fr\/27950\/"},"modified":"2025-04-16T00:17:09","modified_gmt":"2025-04-16T00:17:09","slug":"lyon-un-cine-concert-dirty-dancing-le-dimanche-20-avril","status":"publish","type":"post","link":"https:\/\/www.europesays.com\/fr\/27950\/","title":{"rendered":"Lyon. Un cin\u00e9-concert Dirty dancing le dimanche 20 avril"},"content":{"rendered":"<p>Si vous \u00eates fans de Johnny et Baby et du film culte Dirty dancing , avec l\u2019inoubliable Patrick Swayze, r\u00e9servez votre dimanche de P\u00e2ques. Le spectacle, un cin\u00e9-concert un peu diff\u00e9rent, propose de revoir, ce dimanche 20 avril, \u00e0 la halle Tony-Garnier \u00e0 Lyon, le film en direct (sous-titr\u00e9 en fran\u00e7ais), dans une version remasteris\u00e9e. Le show se terminera par une f\u00eate, o\u00f9 le public sera invit\u00e9 \u00e0 danser et chanter.<\/p>\n<p class=\"note\">Dimanche 20\u00a0avril \u00e0 18\u00a0h, \u00e0 la halle Tony-Garnier. Tarifs\u00a0: \u00e0 partir de 53\u00a0\u20ac. Billetterie dans les points de vente habituels et sur <a href=\"https:\/\/www.halle-tony-garnier.com\/fr\/programmation\/dirty-dancing-en-concert\" target=\"_blank\" rel=\"nofollow noopener\">www.halle-tony-garnier.com.<\/a><\/p>\n","protected":false},"excerpt":{"rendered":"Si vous \u00eates fans de Johnny et Baby et du film culte Dirty dancing , avec l\u2019inoubliable Patrick&hellip;\n","protected":false},"author":2,"featured_media":27951,"comment_status":"","ping_status":"","sticky":false,"template":"","format":"standard","meta":{"footnotes":""},"categories":[1889],"tags":[1111,11,2430,650,1687,1777,674,1011,27,2428,12,25,3140],"class_list":{"0":"post-27950","1":"post","2":"type-post","3":"status-publish","4":"format-standard","5":"has-post-thumbnail","7":"category-lyon","8":"tag-actu","9":"tag-actualites","10":"tag-auvergne-rhone-alpes","11":"tag-cinema","12":"tag-culture-loisirs","13":"tag-eu","14":"tag-europe","15":"tag-fr","16":"tag-france","17":"tag-lyon","18":"tag-news","19":"tag-republique-francaise","20":"tag-spectacle"},"share_on_mastodon":{"url":"https:\/\/pubeurope.com\/@fr\/114344771252011075","error":""},"_links":{"self":[{"href":"https:\/\/www.europesays.com\/fr\/wp-json\/wp\/v2\/posts\/27950","targetHints":{"allow":["GET"]}}],"collection":[{"href":"https:\/\/www.europesays.com\/fr\/wp-json\/wp\/v2\/posts"}],"about":[{"href":"https:\/\/www.europesays.com\/fr\/wp-json\/wp\/v2\/types\/post"}],"author":[{"embeddable":true,"href":"https:\/\/www.europesays.com\/fr\/wp-json\/wp\/v2\/users\/2"}],"replies":[{"embeddable":true,"href":"https:\/\/www.europesays.com\/fr\/wp-json\/wp\/v2\/comments?post=27950"}],"version-history":[{"count":0,"href":"https:\/\/www.europesays.com\/fr\/wp-json\/wp\/v2\/posts\/27950\/revisions"}],"wp:featuredmedia":[{"embeddable":true,"href":"https:\/\/www.europesays.com\/fr\/wp-json\/wp\/v2\/media\/27951"}],"wp:attachment":[{"href":"https:\/\/www.europesays.com\/fr\/wp-json\/wp\/v2\/media?parent=27950"}],"wp:term":[{"taxonomy":"category","embeddable":true,"href":"https:\/\/www.europesays.com\/fr\/wp-json\/wp\/v2\/categories?post=27950"},{"taxonomy":"post_tag","embeddable":true,"href":"https:\/\/www.europesays.com\/fr\/wp-json\/wp\/v2\/tags?post=27950"}],"curies":[{"name":"wp","href":"https:\/\/api.w.org\/{rel}","templated":true}]}}