{"id":279500,"date":"2025-07-28T11:58:17","date_gmt":"2025-07-28T11:58:17","guid":{"rendered":"https:\/\/www.europesays.com\/fr\/279500\/"},"modified":"2025-07-28T11:58:17","modified_gmt":"2025-07-28T11:58:17","slug":"votre-enfance-a-la-campagne-envoyez-vos-photos","status":"publish","type":"post","link":"https:\/\/www.europesays.com\/fr\/279500\/","title":{"rendered":"votre enfance \u00e0 la campagne, envoyez vos photos"},"content":{"rendered":"<p>            Par<br \/>\n        <strong><br \/>\n            <a href=\"https:\/\/actu.fr\/auteur\/journaliste-lecourrierindependant\" title=\"Consulter tous les articles de R\u00e9daction Loud\u00e9ac\" target=\"_blank\" rel=\"noopener\">R\u00e9daction Loud\u00e9ac<\/a><br \/>\n        <\/strong><\/p>\n<p>        Publi\u00e9 le<\/p>\n<p>            27 juil. 2025 \u00e0 20h46        <\/p>\n<p>Depuis trois ans, l\u2019Office de d\u00e9veloppement culturel du Men\u00e9 (<b>ODCM<\/b>) organise des expositions de <b>photos <\/b>dans plusieurs villes du <a href=\"https:\/\/actu.fr\/tag\/centre-bretagne\" target=\"_blank\" rel=\"noopener\">Centre-Bretagne<\/a>.<\/p>\n<p class=\" wall-content\">C\u2019est le cas \u00e0 Pl\u00e9met, pr\u00e8s de <a href=\"https:\/\/actu.fr\/bretagne\/loudeac_22136\" target=\"_blank\" rel=\"noopener\">Loud\u00e9ac (C\u00f4tes-d\u2019Armor)<\/a>, o\u00f9 une exposition est disponible dans le parc de la mairie depuis <b>d\u00e9but juillet\u00a02025<\/b>.<\/p>\n<p>Des artistes du monde entier<\/p>\n<p class=\" wall-content\">En partenariat avec les <b>Focales de Bretagne<\/b>, l\u2019objectif est de faire d\u00e9couvrir les 300 panneaux \u00e9dit\u00e9s et expos\u00e9s \u00e0 <b>Etel <\/b>et de les faire circuler dans plusieurs communes du secteur.<\/p>\n<p class=\" wall-content\">\u00ab\u2009Coutumes, habitats, ces clich\u00e9s ont \u00e9t\u00e9 r\u00e9alis\u00e9s par des artistes talentueux et prestigieux du monde entier. Cette d\u00e9marche de capturer d\u2019autres r\u00e9alit\u00e9s, \u00e0 susciter des \u00e9motions, pour favoriser une meilleure compr\u00e9hension de l\u2019autre\u2009\u00bb, explique <b>Serge Hamon<\/b>, pr\u00e9sident de l\u2019ODCM.<\/p>\n<p>Les enfants de Patagonie<\/p>\n<p class=\" wall-content\">Cette ann\u00e9e, l\u2019exposition \u00e0 Pl\u00e9met s\u2019intitule \u00ab\u2009Enfance en Patagonie\u2009\u00bb, une r\u00e9gion rurale d\u2019<b>Am\u00e9rique du Sud<\/b>.<\/p>\n<p>Vid\u00e9os : en ce moment sur Actu<\/p>\n<p class=\" wall-content\">L\u2019artiste, <a href=\"https:\/\/cecile-domens-photo.com\/\" target=\"_blank\" rel=\"noopener\">C\u00e9cile Domens<\/a><b>, <\/b>fait d\u00e9couvrir \u00e0 Pl\u00e9met la vie des enfants de <b>Patagonie<\/b>. L\u2019exposition est gratuite et ouverte \u00e0 tous.<\/p>\n<p>\u00c0 vous de participer<\/p>\n<p class=\" wall-content\"><b>Charlotte Le Dourneuf<\/b>, responsable de la m\u00e9diath\u00e8que de Pl\u00e9met, propose cet \u00e9t\u00e9 un d\u00e9fi photos, jusqu\u2019au <b>30\u00a0septembre 2025<\/b>\u2009:<br \/>\u00ab\u2009En s\u2019inspirant de l\u2019exposition Enfance en Patagonie, cr\u00e9ez ou recr\u00e9ez une \u0153uvre photographique sur l\u2019enfance \u00e0 Pl\u00e9met-La Ferri\u00e8re, telle que vous la voyez\u2009\u00bb.<\/p>\n<p class=\" wall-content\">Pour participer, il suffit d\u2019envoyer une photo \u00e0 la <b>m\u00e9diath\u00e8que<\/b>. Dix photos seront s\u00e9lectionn\u00e9es par un jury pour une <b>exposition locale<\/b>.<\/p>\n<p>Vous pouvez envoyer vos photos par mail \u00e0 <a href=\"https:\/\/actu.fr\/cdn-cgi\/l\/email-protection\" class=\"__cf_email__\" data-cfemail=\"cfa2aaaba6aebba7aabebaaa8fbfa3aaa2aabbe1a9bd\" target=\"_blank\" rel=\"noopener\">[email\u00a0protected]<\/a> en indiquant en objet \u00ab\u2009D\u00e9fi photo\u2009\u00bb avec vos coordonn\u00e9es.<\/p>\n<p class=\" wall-content\">Suivez toute l\u2019actualit\u00e9 de vos villes et m\u00e9dias favoris en vous inscrivant \u00e0 <a href=\"https:\/\/moncompte.actu.fr\" title=\"D\u00e9couvez Mon Actu\" rel=\"nofollow noopener\" data-trk=\"{&quot;cta&quot;:{&quot;action&quot;:&quot;https:\\\/\\\/moncompte.actu.fr&quot;,&quot;category&quot;:&quot;mon compte&quot;,&quot;from&quot;:&quot;article footer&quot;,&quot;name&quot;:&quot;Mon actu&quot;,&quot;type&quot;:&quot;cta&quot;}}\" target=\"_blank\">Mon Actu<\/a>.<\/p>\n<ul class=\"ac-article-tag wall-content\">\n<li><a href=\"https:\/\/actu.fr\/tag\/centre-bretagne\" data-trk=\"{&quot;cta&quot;:{&quot;action&quot;:&quot;Centre Bretagne&quot;,&quot;category&quot;:&quot;tag&quot;,&quot;from&quot;:&quot;article footer&quot;,&quot;name&quot;:&quot;Centre Bretagne&quot;,&quot;type&quot;:&quot;cta&quot;}}\" target=\"_blank\" rel=\"noopener\">#Centre Bretagne<\/a><\/li>\n<li><a href=\"https:\/\/actu.fr\/tag\/photographie\" data-trk=\"{&quot;cta&quot;:{&quot;action&quot;:&quot;Photographie&quot;,&quot;category&quot;:&quot;tag&quot;,&quot;from&quot;:&quot;article footer&quot;,&quot;name&quot;:&quot;Photographie&quot;,&quot;type&quot;:&quot;cta&quot;}}\" target=\"_blank\" rel=\"noopener\">#Photographie<\/a><\/li>\n<\/ul>\n","protected":false},"excerpt":{"rendered":"Par R\u00e9daction Loud\u00e9ac Publi\u00e9 le 27 juil. 2025 \u00e0 20h46 Depuis trois ans, l\u2019Office de d\u00e9veloppement culturel du&hellip;\n","protected":false},"author":2,"featured_media":279501,"comment_status":"","ping_status":"","sticky":false,"template":"","format":"standard","meta":{"footnotes":""},"categories":[1358],"tags":[1348,1384,1385,10721,1386,58,59,1011,27,1652,1756],"class_list":{"0":"post-279500","1":"post","2":"type-post","3":"status-publish","4":"format-standard","5":"has-post-thumbnail","7":"category-arts-et-design","8":"tag-arts","9":"tag-arts-and-design","10":"tag-arts-et-design","11":"tag-centre-bretagne","12":"tag-design","13":"tag-divertissement","14":"tag-entertainment","15":"tag-fr","16":"tag-france","17":"tag-loisirs-culture","18":"tag-photographie"},"share_on_mastodon":{"url":"https:\/\/pubeurope.com\/@fr\/114930745787854259","error":""},"_links":{"self":[{"href":"https:\/\/www.europesays.com\/fr\/wp-json\/wp\/v2\/posts\/279500","targetHints":{"allow":["GET"]}}],"collection":[{"href":"https:\/\/www.europesays.com\/fr\/wp-json\/wp\/v2\/posts"}],"about":[{"href":"https:\/\/www.europesays.com\/fr\/wp-json\/wp\/v2\/types\/post"}],"author":[{"embeddable":true,"href":"https:\/\/www.europesays.com\/fr\/wp-json\/wp\/v2\/users\/2"}],"replies":[{"embeddable":true,"href":"https:\/\/www.europesays.com\/fr\/wp-json\/wp\/v2\/comments?post=279500"}],"version-history":[{"count":0,"href":"https:\/\/www.europesays.com\/fr\/wp-json\/wp\/v2\/posts\/279500\/revisions"}],"wp:featuredmedia":[{"embeddable":true,"href":"https:\/\/www.europesays.com\/fr\/wp-json\/wp\/v2\/media\/279501"}],"wp:attachment":[{"href":"https:\/\/www.europesays.com\/fr\/wp-json\/wp\/v2\/media?parent=279500"}],"wp:term":[{"taxonomy":"category","embeddable":true,"href":"https:\/\/www.europesays.com\/fr\/wp-json\/wp\/v2\/categories?post=279500"},{"taxonomy":"post_tag","embeddable":true,"href":"https:\/\/www.europesays.com\/fr\/wp-json\/wp\/v2\/tags?post=279500"}],"curies":[{"name":"wp","href":"https:\/\/api.w.org\/{rel}","templated":true}]}}