{"id":279502,"date":"2025-07-28T11:59:23","date_gmt":"2025-07-28T11:59:23","guid":{"rendered":"https:\/\/www.europesays.com\/fr\/279502\/"},"modified":"2025-07-28T11:59:23","modified_gmt":"2025-07-28T11:59:23","slug":"les-dix-bd-et-romans-graphiques-immanquables-a-lire-cet-ete","status":"publish","type":"post","link":"https:\/\/www.europesays.com\/fr\/279502\/","title":{"rendered":"Les dix BD et romans graphiques immanquables \u00e0 lire cet \u00e9t\u00e9"},"content":{"rendered":"<p>Comme <a href=\"https:\/\/www.franceinfo.fr\/culture\/bd\/les-dix-immanquables-bd-et-romans-graphiques-du-printemps-2025_7153029.html\" rel=\"nofollow noopener\" target=\"_blank\">toute s\u00e9lection<\/a>, au risque de nous r\u00e9p\u00e9ter, <a href=\"https:\/\/www.franceinfo.fr\/culture\/bd\/romans-graphiques\/les-onze-immanquables-romans-graphiques-et-bd-de-cette-rentree_7083765.html\" rel=\"nofollow noopener\" target=\"_blank\">celle-ci<\/a> est totalement subjective et n\u00e9cessairement non exhaustive. Ces dix titres, parus en 2025, ont attir\u00e9 notre attention par leur dessin, graphisme ou encore th\u00e8mes abord\u00e9s.\u00a0Dix BD et romans graphiques \u00e0 lire chez vous, \u00e0 la plage, \u00e0 la montagne, \u00e0 la m\u00e9diath\u00e8que&#8230;\u00a0<strong\/><\/p>\n<p>\u00ab\u00a0Albertine a disparu\u00a0\u00bb : un polar rural bouleversant<\/p>\n<p>Cela fait longtemps que personne n\u2019a de nouvelles de la presque centenaire Albertine Buisson, la doyenne de Courteville. Pourtant, tout le monde se conna\u00eet au hameau. Et chacun est cens\u00e9 s\u2019occuper de son voisin. Gilles Poulain, le maire du petit village de 1 400 habitants du Perche, fait face \u00e0 la canicule et au Covid. Il s\u2019inqui\u00e8te sur l\u2019\u00e9tat de sant\u00e9 de ses administr\u00e9s \u00e2g\u00e9s. Que devient Albertine Buisson ? L\u2019a\u00een\u00e9e s\u2019est comme volatilis\u00e9e. Le maire s\u2019ent\u00eate, au grand agacement des conseillers municipaux qui aimeraient le voir plut\u00f4t d\u00e9penser son \u00e9nergie \u00e0 aider un couple de Parisiens, venu s\u2019y installer \u00e0 la faveur du t\u00e9l\u00e9travail. Gilles Poulain s\u2019obstine : o\u00f9 est pass\u00e9e Albertine ? Roselyne, la coiffeuse du village, a une dent contre sa belle-m\u00e8re et reste indiff\u00e9rente \u00e0 son sort. Seul, Christian, son fils, lui apporte \u00e0 manger tous les samedis. Pourtant, il n\u2019y aucune signe de vie de la doyenne. L\u2019affaire prend une autre direction. Le lecteur est plong\u00e9 dans une ambiance \u00e0 la Simenon, un polar rural dense qui installe une atmosph\u00e8re \u00e9touffante. Albertine a disparu, un roman graphique puissant, qui interroge notre relation avec nos a\u00een\u00e9s. Et, in fine, notre humanit\u00e9. Dans quelle soci\u00e9t\u00e9 voulons-nous vivre ?<\/p>\n<p><strong>\u00ab\u00a0Albertine a disparu\u00a0\u00bb, Vincent Guerrier, Fran\u00e7ois Vignolle, Vincenzo Bizzarri, Gl\u00e9nat, 114 pages, 24 euros<\/strong><\/p>\n<p>    <img decoding=\"async\" class=\"cms-media-image lazyload\" alt=\"Couverture de la BD \" albertine=\"\" a=\"\" disparu=\"\" de=\"\" guerrier=\"\" vignolle=\"\" et=\"\" bizarri.=\"\" gl=\"\" width=\"720\" height=\"980.92643051771\" data- src=\"https:\/\/www.europesays.com\/fr\/wp-content\/uploads\/2025\/07\/81f2eijkpsl-sl1500-686694690881a935229840.jpg\"\/><\/p>\n<p>      Couverture de la BD \u00ab\u00a0Albertine a disparu\u00a0\u00bb de Guerrier, Vignolle et Bizarri. (Editions Gl\u00e9nat)<\/p>\n<p>\u00ab\u00a0M\u00e9diterran\u00e9e\u00a0\u00bb : histoires d&rsquo;un continent kal\u00e9idoscope<\/p>\n<p>De Chypre \u00e0 Oran, de Malaga \u00e0 Marseille, et de Naples \u00e0 Ath\u00e8nes, les Europ\u00e9ens seront encore des millions cet \u00e9t\u00e9 \u00e0 passer leurs vacances sur les rives de la M\u00e9diterran\u00e9e. L\u2019occasion d\u2019explorer davantage ce carrefour des civilisations auquel notre h\u00e9ritage doit tant. L\u2019auteur, Aurel, se \u00ab\u00a0sent\u00a0\u00bb m\u00e9diterran\u00e9en, alors qu\u2019il est n\u00e9 dans les C\u00e9vennes. Pourquoi ? Son approche, au d\u00e9part, est plut\u00f4t culturelle. Il cherche la culture commune, ce qui rassemble. La culture de l\u2019olive, par exemple, qui ne pousse que sous un climat m\u00e9diterran\u00e9en. Ou le fait qu\u2019avec les m\u00eames ingr\u00e9dients du nord au sud, on peut retrouver des recettes cousines, de la ratatouille \u00e0 la chakchouka, en passant par la caponata. Mais ses recherches vont le mener toujours plus loin. Car apr\u00e8s s\u2019\u00eatre document\u00e9, il met en sc\u00e8ne ses rencontres et entretiens, toujours captivants, \u00a0   avec d\u2019\u00e9minents sp\u00e9cialistes, linguistes, arch\u00e9ologues, historiens et artistes. En parall\u00e8le, il imagine le parcours d\u2019un jeune \u00e9thiopien qui, pour rejoindre l\u2019Europe, doit traverser cette \u00e9tendue d\u2019eau au p\u00e9ril de sa vie. Paradis pour les uns, tombeau pour les autres\u2026. C\u2019est donc \u00e0 bord d\u2019un incroyable kal\u00e9idoscope de points de vue \u2013 et pas seulement des points de vue europ\u00e9ens &#8211; qu\u2019Aurel nous embarque, sans jamais nous perdre. On va de surprise en surprise, car rien n\u2019est simple d\u00e8s lors qu\u2019on creuse un peu. Aurel explore par tous les bouts le vaste sujet de la M\u00e9diterran\u00e9e dans cette formidable bande dessin\u00e9e de plus de 200 pages, \u00e0 la fois \u00e9rudite et ludique, et tout simplement passionnante.<\/p>\n<p><strong>\u00ab\u00a0M\u00e9diterran\u00e9e\u00a0\u00bb, Aurel, 224 pages, Futuropolis, 26 euros<\/strong><\/p>\n<p>    <img decoding=\"async\" class=\"cms-media-image lazyload\" alt=\"La couverture de &quot;M\u00e9diterran\u00e9e, histoires d'un continent kal\u00e9idoscope&quot; de Aurel. (FUTUROPOLIS)\" width=\"720\" height=\"993.12\" data- src=\"https:\/\/www.europesays.com\/fr\/wp-content\/uploads\/2025\/07\/mediterranee-6877c23b1b3e1510400285.jpg\"\/><\/p>\n<p>      La couverture de \u00ab\u00a0M\u00e9diterran\u00e9e, histoires d&rsquo;un continent kal\u00e9idoscope\u00a0\u00bb de Aurel. (FUTUROPOLIS)<\/p>\n<p>\u00ab\u00a0L&rsquo;Ab\u00eeme de l&rsquo;oubli\u00a0\u00bb : \u00e0 la m\u00e9moire des victimes de Franco<\/p>\n<p>L&rsquo;Ab\u00eeme de l&rsquo;oubli s&rsquo;ouvre sur une ex\u00e9cution de prisonniers par des soldats franquistes. Les ex\u00e9cutions s&rsquo;encha\u00eenent. De l&rsquo;abattage. Paco Roca et Rodrigo Terrasa ont accompli un travail de salubrit\u00e9 publique avec ce roman graphique, un r\u00e9cit bouleversant qui \u00e0 l&rsquo;amn\u00e9sie pr\u00e9f\u00e8re la m\u00e9moire. Ils sont partis d&rsquo;une histoire singuli\u00e8re pour narrer les atrocit\u00e9s commises par le r\u00e9gime de Franco. Le 14 septembre 1940, 532 jours apr\u00e8s la fin de la guerre civile espagnole, Jos\u00e9 Celda est fusill\u00e9 et enterr\u00e9 dans une fosse commune avec onze autres hommes. Le r\u00e9gime a cherch\u00e9 \u00e0 \u00e9touffer leur cas, \u00e0 taire les souffrances des familles et faire oublier ses actes (134 000 fusill\u00e9s). Mais soixante-dix ans plus tard, la fille de Jos\u00e9 Celda, Pepica, \u00e2g\u00e9e de 8 ans au moment des faits, parvient \u00e0 localiser sa d\u00e9pouille. Elle d\u00e9cide de lui rendre sa dignit\u00e9. Son parcours est retrac\u00e9 par les auteurs espagnols au nom de la m\u00e9moire. Intense.<\/p>\n<p><strong>\u00a0\u00bb L&rsquo;Ab\u00eeme de l&rsquo;oubli\u00a0\u00bb, Paco Roca et Rodrigo Terrasa, Delcourt\/Mirages, 296 pages, 29,95 euros<\/strong><\/p>\n<p>    <img decoding=\"async\" class=\"cms-media-image lazyload\" alt=\"Couverture du roman graphique \" l=\"\" de=\"\" paco=\"\" roca=\"\" et=\"\" rodrigo=\"\" terrasa.=\"\" delcourt=\"\" width=\"720\" height=\"514.8\" data- src=\"https:\/\/www.europesays.com\/fr\/wp-content\/uploads\/2025\/07\/l-abime-de-l-oubli-67af52412c0ea733978394.jpg\"\/><\/p>\n<p>      Couverture du roman graphique \u00ab\u00a0L\u2019ab\u00eeme de l\u2019oubli\u00a0\u00bb de Paco Roca et Rodrigo Terrasa. (Editions Delcourt)<\/p>\n<p>\u00ab\u00a0Kilom\u00e8tre Z\u00e9ro\u00a0\u00bb : voyage initiatique en Himalaya<\/p>\n<p>Pour sa seconde bande dessin\u00e9e, la tr\u00e8s dou\u00e9e Mathilde Ducrest adapte le best-seller international de Maud Ankaoua. Sous-titr\u00e9 \u00ab\u00a0Le chemin du bonheur\u00a0\u00bb, il s\u2019agit du parcours initiatique d\u2019une jeune et brillante directrice de start-up c\u00e9libataire, qui s\u2019oublie depuis des ann\u00e9es dans le travail. Lorsque sa meilleure amie malade lui demande de se rendre au N\u00e9pal pour y chercher une m\u00e9thode de gu\u00e9rison qui pourrait la sauver, Ma\u00eblle ne peut refuser. Sur place, elle devra affronter ses peurs, se poser des questions essentielles sur ses priorit\u00e9s dans la vie, et surtout l\u00e2cher prise. Au d\u00e9but du r\u00e9cit, la jeune femme, rest\u00e9e dans son rythme et son sch\u00e9ma de pens\u00e9e habituels \u2013 rentabiliser le temps et ne pas le \u00ab\u00a0perdre\u00a0\u00bb, notamment, face aux \u00ab\u00a0urgences\u00a0\u00bb du boulot -, oppose une forte r\u00e9sistance int\u00e9rieure \u00e0 tout ce qui s\u2019offre \u00e0 elle et aux enseignements de son guide local. Mais au fil du temps, ce trek en bonne compagnie dans les paysages majestueux de l\u2019Himalaya fait son \u0153uvre. L\u2019ouvrage, qui se d\u00e9vore comme un roman, fourmille d\u2019enseignements bien connus des amateurs de d\u00e9veloppement personnel : vivre l\u2019instant pr\u00e9sent, poser sur le monde un regard neuf, s\u2019entrainer \u00e0 la pens\u00e9e positive, devenir le parent de son enfant int\u00e9rieur et se m\u00e9fier de l\u2019ego qui nous envoie des signaux de peur pour \u00e9viter de sortir de sa zone de confort. Cette m\u00eame peur qui nous coupe des autres et de l\u2019univers, quand l\u2019amour au contraire nous relie. Magnifi\u00e9 par les dessins et les couleurs splendides de Mathilde Ducrest, ce message \u00ab\u00a0feel good\u00a0\u00bb est id\u00e9al \u00e0 m\u00e9diter durant l\u2019\u00e9t\u00e9.\u00a0     <\/p>\n<p><strong>\u00ab\u00a0Kilom\u00e8tre Z\u00e9ro\u00a0\u00bb, Maud Ankaoua et Mathilde Ducrest, 143 pages, Casterman, 21,50 euros<\/strong><strong\/><\/p>\n<p>    <img decoding=\"async\" class=\"cms-media-image lazyload\" alt=\"La couverture de la BD \" kilom=\"\" z=\"\" de=\"\" maud=\"\" ankaoua=\"\" et=\"\" mathilde=\"\" ducrest.=\"\" width=\"720\" height=\"961.80112570356\" data- src=\"https:\/\/www.europesays.com\/fr\/wp-content\/uploads\/2025\/07\/kilometre-zero-6877a8eda7c5a890453597.jpg\"\/><\/p>\n<p>      La couverture de la BD \u00ab\u00a0Kilom\u00e8tre z\u00e9ro\u00a0\u00bb de Maud Ankaoua et Mathilde Ducrest. (CASTERMAN)<\/p>\n<p>\u00ab\u00a0Le Ch\u0153ur des sardini\u00e8res\u00a0\u00bb : il \u00e9tait une gr\u00e8ve mythique<\/p>\n<p>L\u00e9ah Touitou et Max Lewko nous font d\u00e9couvrir de l&rsquo;int\u00e9rieur l&rsquo;une des gr\u00e8ves les plus mythiques de France : celle men\u00e9e par les ouvri\u00e8res des conserveries de poissons de Douarnenez pour protester contre la p\u00e9nibilit\u00e9 de leur travail et pour demander une augmentation de salaire. R\u00e9unies, derri\u00e8re le mot d&rsquo;ordre \u00ab\u00a0Pemp real a vo !\u00a0\u00bb (Cinq r\u00e9aux ce sera ! \/ Nous voulons 25 sous et nous les aurons), les sardini\u00e8res auront tenu la gr\u00e8ve durant pr\u00e8s de six semaines. Mona, ouvri\u00e8re dans une sardinerie, n&rsquo;arrive pas \u00e0 joindre les deux bouts et souffre des conditions de travail. Son \u00e9poux veut faire engager leur fille malgr\u00e9 son jeune \u00e2ge. Mona r\u00eave d&rsquo;une autre vie, surtout pour sa fille. Il y a un si\u00e8cle, 2 000 Penn Sardin (sardini\u00e8res) obtenaient gain de cause. Le Ch\u0153ur des sardini\u00e8res est une immersion dans ce mouvement qui marqua les esprits. Une belle et poignante d\u00e9couverte.<\/p>\n<p><strong>\u00ab\u00a0Le Ch\u0153ur des sardini\u00e8res\u00a0\u00bb, L\u00e9ah Touitou et Max Lewko, Steinkis, 144 pages, 20 euros<\/strong><\/p>\n<p>    <img decoding=\"async\" class=\"cms-media-image lazyload\" alt=\"Couverture de l'album &quot;Le ch\u0153ur des sardini\u00e8res &quot; de L\u00e9ah Touitou et Max Lewko. (EDITIONS STEINKIS)\" width=\"720\" height=\"977.4\" data- src=\"https:\/\/www.europesays.com\/fr\/wp-content\/uploads\/2025\/07\/le-choeur-des-sardinieres-67af50e015187120225376.jpg\"\/><\/p>\n<p>      Couverture de l&rsquo;album \u00ab\u00a0Le ch\u0153ur des sardini\u00e8res \u00a0\u00bb de L\u00e9ah Touitou et Max Lewko. (EDITIONS STEINKIS)<\/p>\n<p>\u00ab\u00a0Blanche\u00a0\u00bb : t\u00e9moignage d&rsquo;une vie avec le VIH<\/p>\n<p>Son pr\u00e9nom n\u2019a pas \u00e9t\u00e9 choisi au hasard : Blanche aime \u00eatre tout de blanc-v\u00eatue. Les tenues immacul\u00e9es la purifient du sentiment de salet\u00e9 qui lui colle \u00e0 la peau. Cette m\u00e8re de famille exerce aussi en blouse blanche : elle est infirmi\u00e8re en psychiatrie et a un parcours douloureux. \u00c9chapp\u00e9e de son foyer dysfonctionnel \u00e0 13 ans, elle a connu la zone, est devenue junkie, s\u2019est sevr\u00e9e avec courage, avant d\u2019\u00eatre, \u00e0 19 ans, une des toutes premi\u00e8res personnes test\u00e9es positives au VIH en France. On \u00e9tait dans les ann\u00e9es 1980, au d\u00e9but de l\u2019\u00e9pid\u00e9mie de sida, une maladie alors m\u00e9connue qui cristallisait tous les fantasmes et toutes les haines. Dans cette BD bouleversante qui ne se roule jamais dans le pathos, l\u2019autrice garde la bonne distance. C\u2019est la fille adolescente de Blanche qui m\u00e8ne une interview au long cours de sa m\u00e8re, apr\u00e8s avoir appris le drame au d\u00e9tour d\u2019une conversation. Blanche raconte la d\u00e9flagration lorsque son m\u00e9decin lui apprend sa s\u00e9ropositivit\u00e9 et lui donne 5 ans \u00e0 vivre. Elle se souvient du jugement et de la peur de tous face \u00e0 ce qu\u2019on appelait \u00ab\u00a0le cancer gay\u00a0\u00bb, la honte de soi, le secret qu\u2019il fallait garder alors qu\u2019elle aurait eu tant besoin d\u2019aide, et l\u2019absence de traitement efficace jusqu\u2019en 1987. Mais elle parle aussi de la revue salutaire RemAIDES, de son mariage avec un homme compr\u00e9hensif, de son combat pour avoir des enfants avec l\u2019espoir qu\u2019ils soient sains (ils le furent), des associations de soutien et de la bienveillance de certains soignants. La simplicit\u00e9 des dessins, qui privil\u00e9gient l\u2019expressivit\u00e9, servent parfaitement ce r\u00e9cit du combat d\u2019une vie, et la d\u00e9couverte, dans les yeux de sa fille, d\u2019une v\u00e9ritable h\u00e9ro\u00efne de l\u2019ombre.<\/p>\n<p><strong>\u00ab\u00a0Blanche\u00a0\u00bb de Ma\u00eblle Reat, 246 pages, Gl\u00e9nat, 25 euros<\/strong><strong\/><\/p>\n<p>    <img decoding=\"async\" class=\"cms-media-image lazyload\" alt=\"La couverture de la BD \" blanche=\"\" de=\"\" ma=\"\" reat.=\"\" width=\"720\" height=\"923.52\" data- src=\"https:\/\/www.europesays.com\/fr\/wp-content\/uploads\/2025\/07\/blanche-6877b43deceb5692911131.jpg\"\/><\/p>\n<p>      La couverture de la BD \u00ab\u00a0Blanche\u00a0\u00bb de Ma\u00eblle Reat. (GLENAT)<\/p>\n<p>\u00ab\u00a0Les gorilles du G\u00e9n\u00e9ral\u00a0\u00bb : ll \u00e9tait une fois quatre mousquetaires\u2026<\/p>\n<p><a href=\"https:\/\/www.franceinfo.fr\/replay-radio\/le-monde-d-elodie\/xavier-dorison-raconte-le-general-de-gaulle-a-travers-ses-gorilles-j-avais-envie-de-regarder-la-grande-histoire-d-un-angle-particulier_7302744.html\" rel=\"nofollow noopener\" target=\"_blank\">Xavier Dorison<\/a>\u00a0 a pris des libert\u00e9s avec l\u2019Histoire, et tant mieux. Le sc\u00e9nariste, aid\u00e9 par le trait profond de Julien Telo, fait un travail exceptionnel avec ce roman graphique, appel\u00e9 \u00e0 devenir assez vite un classique. Et on entre dans la grande Histoire \u00e0 travers une histoire d\u2019amiti\u00e9 et d\u2019engagement de quatre hommes, les gardes du corps du g\u00e9n\u00e9ral de Gaulle, surnomm\u00e9s les gorilles du G\u00e9n\u00e9ral. Qui sont-ils\u00a0 ? Quelles sont leurs motivations\u00a0 ? Leurs doutes, leurs faiblesses\u00a0 ? Xavier Dorison\u00a0dresse un portrait plein d\u2019humanit\u00e9 de ces \u00ab\u00a0mousquetaires\u00a0\u00bb\u00a0vou\u00e9s corps et \u00e2me \u00e0 la protection de Charles de Gaulle. Ce premier tome, intitul\u00e9 sobrement Septembre 1959, donne envie de d\u00e9couvrir tr\u00e8s vite la suite de la s\u00e9rie. Nous sommes donc \u00e0 la fin des ann\u00e9es 1950, la France fait face \u00e0 ce qu\u2019on appelait pudiquement \u00ab\u00a0les \u00e9v\u00e8nements d\u2019Alg\u00e9rie\u00a0\u00bb. Politiquement, les autorit\u00e9s \u00e9taient confront\u00e9s \u00e0 un mouvement historique\u00a0 de grande ampleur : la d\u00e9colonisation. Ce d\u00e9sir d\u2019ind\u00e9pendance cr\u00e9e des crispations. Les gorilles du G\u00e9n\u00e9ral, une porte d\u2019entr\u00e9e originale pour faire connaissance avec un homme qui a marqu\u00e9 son temps, et qui continue d\u2019\u00eatre cit\u00e9 en exemple par toute une classe politique, y compris ses ennemis d\u2019hier.<\/p>\n<p><strong>\u00ab\u00a0Les gorilles du G\u00e9n\u00e9ral. Septembre 1959\u00a0\u00bb, Xavier Dorison et Julien Telo, Gl\u00e9nat, 90 pages, 21,95 euros<\/strong><\/p>\n<p>    <img decoding=\"async\" class=\"cms-media-image lazyload\" alt=\"Couverture de l'album &quot;Les Gorilles du G\u00e9n\u00e9ral&quot; de Julien Telo et Xavier Dorison. (Editions Casterman)\" width=\"720\" height=\"970.35040431267\" data- src=\"https:\/\/www.europesays.com\/fr\/wp-content\/uploads\/2025\/07\/81wyop28egl-sl1500-6866569289873383087681.jpg\"\/><\/p>\n<p>      Couverture de l&rsquo;album \u00ab\u00a0Les Gorilles du G\u00e9n\u00e9ral\u00a0\u00bb de Julien Telo et Xavier Dorison. (Editions Casterman)<\/p>\n<p>\u00ab\u00a0Journal inquiet d&rsquo;Istanbul, Tome\u00a02\u00a0\u00bb\u00a0: les tribulations d&rsquo;un caricaturiste dans la Turquie autoritaire d&rsquo;Erdogan<\/p>\n<p>En Turquie, o\u00f9 la mise au pas des journalistes et du monde de la culture s&rsquo;acc\u00e9l\u00e8re dangereusement\u00a0<a href=\"https:\/\/www.franceinfo.fr\/replay-radio\/d-un-monde-a-l-autre\/en-turquie-la-nasse-se-resserre-sur-l-opposition-et-le-monde-de-la-culture_7049906.html\" rel=\"nofollow noopener\" target=\"_blank\">\u00e0 coups d&rsquo;arrestations arbitraires<\/a>, il ne fait pas bon \u00eatre dessinateur de presse. C&rsquo;est pourtant le m\u00e9tier passion qu&rsquo;exerce Ersin Karabulut, comme il le raconte dans son\u00a0Journal inquiet d&rsquo;Istanbul, dont vient de sortir le Tome<strong>\u00a0<\/strong>2. Apr\u00e8s de premi\u00e8res ann\u00e9es \u00e0 travailler dans diff\u00e9rentes publications, il lance en 2007 avec cinq<strong>\u00a0<\/strong>autres dessinateurs\u00a0Uykusuz\u00a0(Insomniaque), un hebdomadaire satirique, dr\u00f4le et engag\u00e9, qui conna\u00eet un succ\u00e8s fulgurant. Mais critiquer le pouvoir dans un pays qui sombre chaque jour un peu plus dans un r\u00e9gime autoritaire et religieux provoque anxi\u00e9t\u00e9, doutes et insomnies chez notre h\u00e9ros, qui souligne aussi ses petites l\u00e2chet\u00e9s de \u00ab\u00a0r\u00e9sistant\u00a0\u00bb. La vie de la r\u00e9daction, le choc de l&rsquo;attaque sanglante \u00e0\u00a0Charlie Hebdo, la d\u00e9couverte du Festival d&rsquo;Angoul\u00eame (qui les \u00e9poustoufle), les intimidations \u00e0 l&rsquo;encontre du journal, le coup d&rsquo;\u00c9tat manqu\u00e9 en Turquie et les pleins pouvoirs que s&rsquo;arroge le pr\u00e9sident Erdogan<strong>\u00a0<\/strong>: Karabulut m\u00eale adroitement le politique et l&rsquo;intime, le r\u00e9alisme et la caricature, dans une atmosph\u00e8re de plus en plus irrespirable. Un point de vue \u00e9clairant et n\u00e9cessaire, dont on attend la suite avec impatience.<\/p>\n<p><strong>\u00ab\u00a0Journal inquiet d&rsquo;Istanbul, Tome\u00a02 (2007-2017)\u00a0\u00bb, Dargaud, 184\u00a0pages, 25\u00a0euros<\/strong><\/p>\n<p>    <img decoding=\"async\" class=\"cms-media-image lazyload\" alt=\"La couverture de &quot;Journal inquiet d'Istanbul, Tome\u00a02&quot; de Ersin Karabulut. (DARGAUD)\" width=\"720\" height=\"970.54755043228\" data- src=\"https:\/\/www.europesays.com\/fr\/wp-content\/uploads\/2025\/07\/journal-d-istanbul-67b5b5ed20837001407814.jpg\"\/><\/p>\n<p>      La couverture de \u00ab\u00a0Journal inquiet d&rsquo;Istanbul, Tome\u00a02\u00a0\u00bb de Ersin Karabulut. (DARGAUD)<\/p>\n<p>\u00a0\u00ab\u00a0L&rsquo;Ange Pasolini\u00a0\u00bb\u00a0: et Dieu cr\u00e9a l&rsquo;artiste<\/p>\n<p>Happ\u00e9s d\u00e8s la premi\u00e8re page par le graphisme et le traitement du sujet, L&rsquo;Ange Pasolini\u00a0est un grand coup de c\u0153ur. Denis Gombert et Arnaud Delalande, sc\u00e9naristes, installent une atmosph\u00e8re po\u00e9tique d&rsquo;une rare puissance dans ce livre d\u00e9di\u00e9 \u00e0 Pier Paolo Pasolini, assassin\u00e9 dans la nuit du 1er au 2\u00a0novembre\u00a01975, par une bande de gar\u00e7ons masqu\u00e9s sur une plage d&rsquo;Ostie, pr\u00e8s de Rome. Dans cette BD illustr\u00e9e par \u00c9ric Liberge, les auteurs font dialoguer le r\u00e9alisateur et \u00e9crivain italien de gauche agonisant avec son ange. Se dessine alors un portrait saisissant d&rsquo;un artiste \u00e9corch\u00e9 vif, visionnaire et engag\u00e9, pour mieux retracer son parcours cr\u00e9atif et politique dans l&rsquo;Italie d&rsquo;apr\u00e8s-guerre. Transgressif, provocateur, Pier Paolo Pasolini \u00e9tait une personnalit\u00e9 complexe.\u00a0L&rsquo;Ange Pasolini\u00a0revient sur les moments cruciaux de son existence. Immanquable.<\/p>\n<p><strong>\u00ab\u00a0L&rsquo;Ange Pasolini\u00a0\u00bb<\/strong><strong>, Denis Gombert, Arnaud Delalande et \u00c9ric Liberge, \u00e9ditions Deno\u00ebl, noir et blanc, 104\u00a0pages, 26\u00a0euros<\/strong><\/p>\n<p>    <img loading=\"lazy\" decoding=\"async\" class=\"cms-media-image lazyload\" alt=\"Couverture de l'album &quot;L'Ange Pasolini&quot; de Denis Gombert, Arnaud Delalande et \u00c9ric Liberge. (EDITIONS DENOEL)\" width=\"720\" height=\"900\" data- src=\"https:\/\/www.europesays.com\/fr\/wp-content\/uploads\/2025\/07\/l-ange-pasolini-67af516789e5e921516790.jpg\"\/><\/p>\n<p>      Couverture de l&rsquo;album \u00ab\u00a0L&rsquo;Ange Pasolini\u00a0\u00bb de Denis Gombert, Arnaud Delalande et \u00c9ric Liberge. (EDITIONS DENOEL)<\/p>\n<p>\u00ab\u00a0Trous de m\u00e9moire\u00a0\u00bb de Nicolas Juncker : \u00a0les enjeux m\u00e9moriels de la guerre d\u2019Alg\u00e9rie par l\u2019humour<\/p>\n<p>On connaissait le formidable travail de Jacques Ferrandez sur la guerre d\u2019Alg\u00e9rie. Un autre auteur fait une entr\u00e9e fracassante dans cet espace sensible. Apr\u00e8s\u00a0Un g\u00e9n\u00e9ral des g\u00e9n\u00e9raux, Nicolas Juncker revient avec un album dr\u00f4le, intelligent, instructif sur la m\u00e9moire commune. F\u00e9ru d\u2019histoire, l\u2019auteur est rattrap\u00e9 par l\u2019actualit\u00e9. Nous sommes dans le Sud de la France, dans une petite ville nomm\u00e9e Maquerol. Le ministre de la Culture et le maire d\u00e9cident de cr\u00e9er un mus\u00e9e \u00e0 la m\u00e9moire d\u2019un photographe originaire d\u2019Alg\u00e9rie, G\u00e9rard Poaillat, qui a immortalis\u00e9 ce qu\u2019on appelait pudiquement les \u00e9v\u00e8nements d\u2019Alg\u00e9rie. Comment r\u00e9aliser ce M\u00e9morial ? Une \u00e9quipe est constitu\u00e9e : une historienne et un sc\u00e9nographe. La premi\u00e8re est rigoureuse, le second m\u00e9galomane. La population -pieds-noirs, anciens militaires et communaut\u00e9 nord-africaine- est invit\u00e9e \u00e0 participer \u00e0 l\u2019ouvrage en convoquant ses souvenirs. Cela tourne au cauchemar : les plaies sont encore vives et certaines blessures ne cicatrisent pas. Le pass\u00e9 vient r\u00e9clamer sa part. En donnant la parole \u00e0 tout le monde, Nicolas Juncker d\u00e9mine un terrain hautement d\u00e9licat. L\u2019album dit aussi les arri\u00e8re-pens\u00e9es politiques derri\u00e8re ce genre de projet.\u00a0Trous de m\u00e9moire, pour se souvenir d\u2019une histoire commune en partage.<strong>\u00a0<\/strong>L\u2019humour, moyen efficace pour aborder la m\u00e9moire collective.<\/p>\n<p><strong>\u00ab\u00a0Trous de m\u00e9moire<\/strong>\u00ab\u00a0<strong>, Nicolas Juncker, Le Lombard, 156 pages, 22,95 euros<\/strong><\/p>\n<p>    <img decoding=\"async\" class=\"cms-media-image lazyload\" alt=\"Couverture de la BD \" trous=\"\" de=\"\" m=\"\" nicolas=\"\" juncker.=\"\" le=\"\" lombard=\"\" width=\"720\" height=\"952.2\" data- src=\"https:\/\/www.europesays.com\/fr\/wp-content\/uploads\/2025\/07\/trous-de-memoires-67e6b68728d31917312834.jpg\"\/><\/p>\n<p>      Couverture de la BD \u00ab\u00a0Trous de m\u00e9moire\u00a0\u00bb de Nicolas Juncker. (Editions Le Lombard)<\/p>\n","protected":false},"excerpt":{"rendered":"Comme toute s\u00e9lection, au risque de nous r\u00e9p\u00e9ter, celle-ci est totalement subjective et n\u00e9cessairement non exhaustive. Ces dix&hellip;\n","protected":false},"author":2,"featured_media":279503,"comment_status":"","ping_status":"","sticky":false,"template":"","format":"standard","meta":{"footnotes":""},"categories":[1357],"tags":[1379,58,59,1011,27,1380],"class_list":{"0":"post-279502","1":"post","2":"type-post","3":"status-publish","4":"format-standard","5":"has-post-thumbnail","7":"category-livres","8":"tag-books","9":"tag-divertissement","10":"tag-entertainment","11":"tag-fr","12":"tag-france","13":"tag-livres"},"share_on_mastodon":{"url":"https:\/\/pubeurope.com\/@fr\/114930750045177780","error":""},"_links":{"self":[{"href":"https:\/\/www.europesays.com\/fr\/wp-json\/wp\/v2\/posts\/279502","targetHints":{"allow":["GET"]}}],"collection":[{"href":"https:\/\/www.europesays.com\/fr\/wp-json\/wp\/v2\/posts"}],"about":[{"href":"https:\/\/www.europesays.com\/fr\/wp-json\/wp\/v2\/types\/post"}],"author":[{"embeddable":true,"href":"https:\/\/www.europesays.com\/fr\/wp-json\/wp\/v2\/users\/2"}],"replies":[{"embeddable":true,"href":"https:\/\/www.europesays.com\/fr\/wp-json\/wp\/v2\/comments?post=279502"}],"version-history":[{"count":0,"href":"https:\/\/www.europesays.com\/fr\/wp-json\/wp\/v2\/posts\/279502\/revisions"}],"wp:featuredmedia":[{"embeddable":true,"href":"https:\/\/www.europesays.com\/fr\/wp-json\/wp\/v2\/media\/279503"}],"wp:attachment":[{"href":"https:\/\/www.europesays.com\/fr\/wp-json\/wp\/v2\/media?parent=279502"}],"wp:term":[{"taxonomy":"category","embeddable":true,"href":"https:\/\/www.europesays.com\/fr\/wp-json\/wp\/v2\/categories?post=279502"},{"taxonomy":"post_tag","embeddable":true,"href":"https:\/\/www.europesays.com\/fr\/wp-json\/wp\/v2\/tags?post=279502"}],"curies":[{"name":"wp","href":"https:\/\/api.w.org\/{rel}","templated":true}]}}