{"id":279504,"date":"2025-07-28T12:00:27","date_gmt":"2025-07-28T12:00:27","guid":{"rendered":"https:\/\/www.europesays.com\/fr\/279504\/"},"modified":"2025-07-28T12:00:27","modified_gmt":"2025-07-28T12:00:27","slug":"giuseppa-et-enzo-demasques-par-une-candidate-redoutable-dans-lepisode-du-lundi-28-juillet","status":"publish","type":"post","link":"https:\/\/www.europesays.com\/fr\/279504\/","title":{"rendered":"Giuseppa et Enzo d\u00e9masqu\u00e9s par une candidate redoutable dans l&rsquo;\u00e9pisode du lundi 28 juillet"},"content":{"rendered":"<p class=\"articleContent-meta\">\n        Aujourd&rsquo;hui \u00e0 10:40 &#8211; par             Sorelle Spet<\/p>\n<p>                    Tweeter<\/p>\n<p>                    Partager sur Facebook<\/p>\n<p>                        <img decoding=\"async\" src=\"https:\/\/www.europesays.com\/fr\/wp-content\/uploads\/2025\/07\/1753704027_798_giuseppa-est-designee-voleuse-dans-the-detective-club-qui-a-vole-kiki.jpg\" alt=\"Player Video\" class=\"player-applyRatio poster exclude-seedtag\"\/><\/p>\n<p>Dans l\u2019\u00e9pisode in\u00e9dit de ce 28 juillet, les enqu\u00eateurs de The Detective Club se sont dangereusement rapproch\u00e9s de la v\u00e9rit\u00e9, en orientant leurs soup\u00e7ons sur Giuseppa et Enzo.<\/p>\n<p>Alors que<a href=\"https:\/\/www.programme.tv\/news\/tele-realite\/263897-the-detective-club-decouvrez-la-date-de-la-grande-finale-sur-w9\/\" target=\"_blank\" rel=\"noopener\"> la finale approche<\/a>, l\u2019enqu\u00eate des participants de The Detective Club semble \u00eatre au point mort. Pendant ce temps, <b>les voleurs Giuseppa et Enzo <\/b>s\u00e9vissent<b>.<\/b> Les derni\u00e8res personnes \u00e0 en avoir fait les frais ne sont autres que Hugo, Marine et Vivian. En effet, dans l\u2019\u00e9pisode du 25 juillet dernier, ce dernier a <a href=\"https:\/\/www.programme.tv\/news\/tele-realite\/263951-the-detective-club-qui-a-ete-elimine-dans-l-episode-du-vendredi-25-juillet\/\" target=\"_blank\" rel=\"noopener\">senti son heure venir <\/a>durant la c\u00e9r\u00e9monie de la trappe. Du c\u00f4t\u00e9 des responsables de cette \u00e9limination, Giuseppa a expliqu\u00e9 : \u00ab\u00a0Jessy prend beaucoup le lead dans les strat\u00e9gies et dans les accusations. On lui enl\u00e8ve Vivian, \u00e7a lui fait un pilier de moins qui pourra la suivre dans les votes.\u00a0\u00bb Malheureusement, cette strat\u00e9gie n\u2019a pas suffi. En effet, il n\u2019a fallu que quelques minutes \u00e0 Jessica Errero pour <a href=\"https:\/\/www.programme.tv\/news\/tele-realite\/263819-cest-la-fin-giuseppa-et-enzo-detective-club-sont-ils-les-prochains-elimines-la-candidate-accuse-le-coup-apres-un-indice-dangereux\/\" target=\"_blank\" rel=\"noopener\">rallier d\u2019autres joueurs \u00e0 sa cause<\/a> en leur faisant comprendre que Giuseppa et Enzo ne sont s\u00fbrement pas aussi innocents qu\u2019ils le laissent croire\u2026 Et l\u2019id\u00e9e a rapidement germ\u00e9 dans l\u2019esprit des autres enqu\u00eateurs, qui, dans l\u2019\u00e9pisode in\u00e9dit de ce 28 juillet, ont obtenu un indice confirmant leurs doutes !<\/p>\n<p>                                Du jamais vu dans Detective Club : Giuseppa adopte une strat\u00e9gie tr\u00e8s risqu\u00e9e<\/p>\n<p>Pour tenter de calmer les rumeurs \u00e0 son \u00e9gard, Giuseppa a d\u00e9cid\u00e9 de se d\u00e9signer comme l\u2019une des personnes \u00e0 passer en salle d\u2019interrogatoire pour essayer d\u2019obtenir un nouvel indice. Malgr\u00e9 ses airs d\u00e9tendus, la m\u00e8re de famille n\u2019en menait pas large. \u00ab\u00a0<b>C\u2019est un gros risque que je prends\u2026 Mais si je montre \u00e0 Jessy que je me donne \u00e0 fond et que j\u2019arrive \u00e0 gagner un indice avec elle, elle me disculpera aupr\u00e8s des autres d\u00e9tectives. Quel voleur ou quelle voleuse d\u00e9crocherait un indice sur lui-m\u00eame ?<\/b>\u00ab\u00a0, a-t-elle expliqu\u00e9. Avant d\u2019avouer : \u00ab\u00a0Je ne suis pas hyper s\u00fbre de ce que je vais faire, mais je me dis que c\u2019est un gros coup \u00e0 tenter !\u00a0\u00bb Et la strat\u00e8ge est all\u00e9e au bout de son id\u00e9e. Apr\u00e8s s\u2019\u00eatre accord\u00e9e avec Jessy sur leur alibi commun, Giuseppa a r\u00e9pondu avec brio aux questions de Monsieur S. Les sept bonnes r\u00e9ponses donn\u00e9es ont d\u2019ailleurs permis aux jeunes femmes de d\u00e9crocher un nouvel indice : deux articles de presse relatant des \u00e9v\u00e9nements marquants datant de 1997 et 2001 [les ann\u00e9es de naissance des voleurs, ndlr.] \u00ab\u00a0Je suis hyper soulag\u00e9e car en tant que voleuse, je ne comprends pas le sens de l\u2019indice alors comment les d\u00e9tectives le pourraient ?\u00a0\u00bb, s\u2019est r\u00e9jouie Giuseppa, qui a malheureusement sous-estim\u00e9 les qualit\u00e9s d\u2019enqu\u00eateur de ses camarades.<\/p>\n<p>                Giuseppa et Enzo : leur \u00e9limination ne tient qu&rsquo;\u00e0 un fil<\/p>\n<p>En r\u00e9v\u00e9lant ce nouvel indice \u00e0 ses camarades, Giuseppa a s\u00fbrement sign\u00e9 la fin de son aventure. Sous les directives de Julien Tanti, les enqu\u00eateurs ont dress\u00e9 la liste des indices collect\u00e9s depuis le d\u00e9but de l\u2019aventure. Une fois ces \u00e9l\u00e9ments r\u00e9unis, tous les regards se sont braqu\u00e9s sur les voleurs\u2026 qui ont fait de leur mieux pour garder la face. \u00ab\u00a0<b>Je me cague dessus comme on dit \u00e0 Marseille\u2026 Je ne suis pas bien du tout. S\u2019ils parviennent \u00e0 trouver les dates et qu\u2019aucune autre personne de la maison n\u2019est n\u00e9e \u00e0 la m\u00eame p\u00e9riode, on est morts !<\/b>\u00ab\u00a0, a lanc\u00e9 la m\u00e8re de famille. C\u2019est malheureusement ce qui s\u2019est produit et la f\u00eate d\u2019anniversaire de Beno\u00eet n\u2019a pas suffi \u00e0 distraire les troupes ! Alors, le r\u00e8gne de Giuseppa et Enzo touche-t-il \u00e0 sa fin ? \u00c7a en a tout l&rsquo;air&#8230;<\/p>\n<p>Article \u00e9crit avec la collaboration de 6Medias.<\/p>\n<p>Rejoignez-nous sur Google News !<\/p>\n<p class=\"articleContent-pushTagline\">Abonnez-vous \u00e0 <a href=\"https:\/\/news.google.com\/publications\/CAAiEJwr-IZFXDFoZD1ePbkC_VcqFAgKIhCcK_iGRVwxaGQ9Xj25Av1X\" target=\"_blank\" rel=\"noopener\">T\u00e9l\u00e9 2 semaines sur Google News<\/a> pour ne manquer aucune info !<\/p>\n","protected":false},"excerpt":{"rendered":"Aujourd&rsquo;hui \u00e0 10:40 &#8211; par Sorelle Spet Tweeter Partager sur Facebook Dans l\u2019\u00e9pisode in\u00e9dit de ce 28 juillet,&hellip;\n","protected":false},"author":2,"featured_media":279505,"comment_status":"","ping_status":"","sticky":false,"template":"","format":"standard","meta":{"footnotes":""},"categories":[1356],"tags":[58,59,1011,27,35355,252,35357,3604,1364,1630],"class_list":{"0":"post-279504","1":"post","2":"type-post","3":"status-publish","4":"format-standard","5":"has-post-thumbnail","7":"category-television","8":"tag-divertissement","9":"tag-entertainment","10":"tag-fr","11":"tag-france","12":"tag-giuseppa","13":"tag-television","14":"tag-the-detective-club-qui-a-volu00e9-kiki","15":"tag-tu00e9lu00e9-ru00e9alitu00e9","16":"tag-tv","17":"tag-zapping"},"share_on_mastodon":{"url":"https:\/\/pubeurope.com\/@fr\/114930753540099170","error":""},"_links":{"self":[{"href":"https:\/\/www.europesays.com\/fr\/wp-json\/wp\/v2\/posts\/279504","targetHints":{"allow":["GET"]}}],"collection":[{"href":"https:\/\/www.europesays.com\/fr\/wp-json\/wp\/v2\/posts"}],"about":[{"href":"https:\/\/www.europesays.com\/fr\/wp-json\/wp\/v2\/types\/post"}],"author":[{"embeddable":true,"href":"https:\/\/www.europesays.com\/fr\/wp-json\/wp\/v2\/users\/2"}],"replies":[{"embeddable":true,"href":"https:\/\/www.europesays.com\/fr\/wp-json\/wp\/v2\/comments?post=279504"}],"version-history":[{"count":0,"href":"https:\/\/www.europesays.com\/fr\/wp-json\/wp\/v2\/posts\/279504\/revisions"}],"wp:featuredmedia":[{"embeddable":true,"href":"https:\/\/www.europesays.com\/fr\/wp-json\/wp\/v2\/media\/279505"}],"wp:attachment":[{"href":"https:\/\/www.europesays.com\/fr\/wp-json\/wp\/v2\/media?parent=279504"}],"wp:term":[{"taxonomy":"category","embeddable":true,"href":"https:\/\/www.europesays.com\/fr\/wp-json\/wp\/v2\/categories?post=279504"},{"taxonomy":"post_tag","embeddable":true,"href":"https:\/\/www.europesays.com\/fr\/wp-json\/wp\/v2\/tags?post=279504"}],"curies":[{"name":"wp","href":"https:\/\/api.w.org\/{rel}","templated":true}]}}