{"id":279506,"date":"2025-07-28T12:01:16","date_gmt":"2025-07-28T12:01:16","guid":{"rendered":"https:\/\/www.europesays.com\/fr\/279506\/"},"modified":"2025-07-28T12:01:16","modified_gmt":"2025-07-28T12:01:16","slug":"a-15-ans-a-clamart-sdm-rappe-avec-ses-potes-des-microbe-thugz-on-disait-tous-quil-etait-le-meilleur","status":"publish","type":"post","link":"https:\/\/www.europesays.com\/fr\/279506\/","title":{"rendered":"\u00c0 15\u00a0ans, \u00e0 Clamart, SDM rappe avec ses potes des Microbe Thug\u2019z\u00a0: \u00ab\u00a0On disait tous qu\u2019il \u00e9tait le meilleur\u00a0!\u00a0\u00bb"},"content":{"rendered":"<p>S\u00e9rie\u00c9pisode 1C\u2019est \u00e0 l\u2019adolescence, dans sa cit\u00e9 de la Garenne \u00e0 Clamart (Hauts-de-Seine), que L\u00e9onard, surnomm\u00e9 Saddam puis SDM, a commenc\u00e9 \u00e0 rapper avec sa bande de potes des Microbe Thug\u2019z, entre deux matchs de foot. L\u2019\u00e9poque aussi des \u00ab\u00a0conneries\u00a0\u00bb, des petits trafics, du d\u00e9crochage scolaire, avant de trouver, enfin, sa voie.<\/p>\n<p class=\"lp-f-ui-04-strong lp-mt-03 lp-mb-01\">Par\u00a0<a href=\"https:\/\/www.leparisien.fr\/auteur\/vincent-mongaillard\/\" class=\"lp-link lp-link--underline lp-link--text lp-link--size-ui-04-strong\" target=\"_blank\" rel=\"noopener\">Vincent Mongaillard<\/a><\/p>\n<p class=\"lp-f-ui-05 lp-color-text-muted\">Le 28 juillet 2025 \u00e0 11h05, modifi\u00e9 le 28 juillet 2025 \u00e0 11h05<\/p>\n","protected":false},"excerpt":{"rendered":"S\u00e9rie\u00c9pisode 1C\u2019est \u00e0 l\u2019adolescence, dans sa cit\u00e9 de la Garenne \u00e0 Clamart (Hauts-de-Seine), que L\u00e9onard, surnomm\u00e9 Saddam puis&hellip;\n","protected":false},"author":2,"featured_media":279507,"comment_status":"","ping_status":"","sticky":false,"template":"","format":"standard","meta":{"footnotes":""},"categories":[1355],"tags":[872,58,59,1011,27,3314,1944,1361,873],"class_list":{"0":"post-279506","1":"post","2":"type-post","3":"status-publish","4":"format-standard","5":"has-post-thumbnail","7":"category-musique","8":"tag-culture-et-loisirs","9":"tag-divertissement","10":"tag-entertainment","11":"tag-fr","12":"tag-france","13":"tag-hauts-de-seine","14":"tag-ma-ville","15":"tag-music","16":"tag-musique"},"share_on_mastodon":{"url":"https:\/\/pubeurope.com\/@fr\/114930757298748162","error":""},"_links":{"self":[{"href":"https:\/\/www.europesays.com\/fr\/wp-json\/wp\/v2\/posts\/279506","targetHints":{"allow":["GET"]}}],"collection":[{"href":"https:\/\/www.europesays.com\/fr\/wp-json\/wp\/v2\/posts"}],"about":[{"href":"https:\/\/www.europesays.com\/fr\/wp-json\/wp\/v2\/types\/post"}],"author":[{"embeddable":true,"href":"https:\/\/www.europesays.com\/fr\/wp-json\/wp\/v2\/users\/2"}],"replies":[{"embeddable":true,"href":"https:\/\/www.europesays.com\/fr\/wp-json\/wp\/v2\/comments?post=279506"}],"version-history":[{"count":0,"href":"https:\/\/www.europesays.com\/fr\/wp-json\/wp\/v2\/posts\/279506\/revisions"}],"wp:featuredmedia":[{"embeddable":true,"href":"https:\/\/www.europesays.com\/fr\/wp-json\/wp\/v2\/media\/279507"}],"wp:attachment":[{"href":"https:\/\/www.europesays.com\/fr\/wp-json\/wp\/v2\/media?parent=279506"}],"wp:term":[{"taxonomy":"category","embeddable":true,"href":"https:\/\/www.europesays.com\/fr\/wp-json\/wp\/v2\/categories?post=279506"},{"taxonomy":"post_tag","embeddable":true,"href":"https:\/\/www.europesays.com\/fr\/wp-json\/wp\/v2\/tags?post=279506"}],"curies":[{"name":"wp","href":"https:\/\/api.w.org\/{rel}","templated":true}]}}