{"id":279510,"date":"2025-07-28T12:04:11","date_gmt":"2025-07-28T12:04:11","guid":{"rendered":"https:\/\/www.europesays.com\/fr\/279510\/"},"modified":"2025-07-28T12:04:11","modified_gmt":"2025-07-28T12:04:11","slug":"exposition-au-soleil-le-ministre-de-la-sante-alerte-sur-des-tendances-dangereuses-actualites","status":"publish","type":"post","link":"https:\/\/www.europesays.com\/fr\/279510\/","title":{"rendered":"Exposition au soleil: le ministre de la Sant\u00e9 alerte sur des tendances dangereuses : Actualit\u00e9s"},"content":{"rendered":"<p class=\"lead \">\u00ab\u00a0Sun-tattoo\u00a0\u00bb, \u00ab\u00a0burn-lines\u00a0\u00bb ou \u00ab\u00a0tan-lines\u00a0\u00bb: le ministre de la Sant\u00e9, Yannick Neuder, alerte lundi sur les dangers de tendances sur les r\u00e9seaux sociaux incitant \u00e0 s&rsquo;exposer au soleil sans protection, pour laisser appara\u00eetre des traces de bronzage.<\/p>\n<p class=\"lead \">\u00ab\u00a0Se br\u00fbler la peau volontairement pour une vid\u00e9o TikTok ou Instagram: voil\u00e0 ce que je vois depuis quelques semaines sur les r\u00e9seaux sociaux avec les sun-tattoos, les burns-lines et les tan-lines\u00a0\u00bb, explique Yannick Neuder dans une vid\u00e9o publi\u00e9e sur plusieurs r\u00e9seaux sociaux.<\/p>\n<p class=\"lead \">\u00ab\u00a0Votre peau, c&rsquo;est votre vie, vous n&rsquo;en avez qu&rsquo;une, ne la sacrifiez pas pour 30 secondes de buzz\u00a0\u00bb, dit-il.<\/p>\n<p class=\"lead \">Ces tendances -surtout promues dans des vid\u00e9os anglophones- consistent \u00e0 ne pas s&rsquo;appliquer de protection solaire pour obtenir des marques de bronzage tr\u00e8s d\u00e9limit\u00e9es ou invitent \u00e0 dessiner un motif avec de la cr\u00e8me solaire pour garder une trace, s&rsquo;apparentant \u00e0 un tatouage \u00e9ph\u00e9m\u00e8re.<\/p>\n<p class=\"lead \">\u00ab\u00a0S&rsquo;exposer au soleil sans cr\u00e8me, ni aucune protection, parfois m\u00eame avec des huiles ou du mono\u00ef, se faire un tatouage \u00e9ph\u00e9m\u00e8re sur la peau en prenant un coup de soleil: il faut arr\u00eater tout \u00e7a, c&rsquo;est tr\u00e8s dangereux\u00a0\u00bb, pr\u00e9vient le ministre charg\u00e9 de la Sant\u00e9 et de l&rsquo;Acc\u00e8s aux soins.<\/p>\n<p class=\"lead \">L&rsquo;exposition au rayons UV est en effet le principal facteur des cancers cutan\u00e9s.<\/p>\n<p class=\"lead \">Chaque ann\u00e9e, en France, de 141.200 \u00e0 243.500 cancers de la peau sont diagnostiqu\u00e9s, dont 112.960 \u00e0 194.800 provoqu\u00e9s par une exposition excessive aux UV, selon Sant\u00e9 publique France. <\/p>\n<p class=\"lead \">\u00ab\u00a0On sait que les coups de soleil chez les enfants augmentent tr\u00e8s significativement le risque de cancer \u00e0 l&rsquo;\u00e2ge adulte, le risque de m\u00e9lanome\u00a0\u00bb, insiste Yannick Neuder.<\/p>\n<p class=\"lead \">Dans sa campagne de pr\u00e9vention avant l&rsquo;\u00e9t\u00e9, l&rsquo;Institut national du cancer (INCa) a pr\u00e9cis\u00e9 qu&rsquo;il n&rsquo;existe pas de \u00ab\u00a0bronzage sain\u00a0\u00bb. \u00ab\u00a0Ce dernier constitue une agression pour la peau, signe d&rsquo;une r\u00e9action qui s&rsquo;enclenche contre les dommages provoqu\u00e9s par les UV, naturels ou artificiels. Une peau bronz\u00e9e indique donc que l&rsquo;ADN a subi des dommages\u00a0\u00bb, souligne l&rsquo;Institut.<\/p>\n<p class=\"lead \">En cas d&rsquo;exposition au soleil, l&rsquo;utilisation de cr\u00e8me solaire est indispensable et \u00e0 renouveler toutes les deux heures, mais m\u00eame les produits solaires les plus efficaces &#8211; indice 50 &#8211; ne filtrent pas la totalit\u00e9 des UV.<\/p>\n<p class=\"lead \">Le ministre de la Sant\u00e9 rappelle que la protection solaire doit \u00eatre multiple : porter des v\u00eatements avec un tissage serr\u00e9 ou trait\u00e9s anti-UV, un chapeau \u00e0 larges bords, des lunettes de soleil, \u00e9viter l&rsquo;exposition aux heures les plus chaudes.<\/p>\n<p class=\"lead \">L&rsquo;Anses (agence nationale de s\u00e9curit\u00e9 sanitaire de l&rsquo;alimentation, de l&rsquo;environnement et du travail) a publi\u00e9 le 12 mai des conseils sur les comportements \u00e0 risques (cabines UV, compl\u00e9ments alimentaires, auto-bronzants).<\/p>\n<p class=\"small font-weight-bold text-gray3 \"> publi\u00e9 le 28 juillet \u00e0 13h07, AFP<\/p>\n<p>                             Partager<\/p>\n","protected":false},"excerpt":{"rendered":"\u00ab\u00a0Sun-tattoo\u00a0\u00bb, \u00ab\u00a0burn-lines\u00a0\u00bb ou \u00ab\u00a0tan-lines\u00a0\u00bb: le ministre de la Sant\u00e9, Yannick Neuder, alerte lundi sur les dangers de tendances&hellip;\n","protected":false},"author":2,"featured_media":279511,"comment_status":"","ping_status":"","sticky":false,"template":"","format":"standard","meta":{"footnotes":""},"categories":[10],"tags":[3959,101,1011,27,72,310,226,585,71],"class_list":{"0":"post-279510","1":"post","2":"type-post","3":"status-publish","4":"format-standard","5":"has-post-thumbnail","7":"category-sante","8":"tag-adolescents","9":"tag-cancer","10":"tag-fr","11":"tag-france","12":"tag-health","13":"tag-internet","14":"tag-maladie","15":"tag-sant","16":"tag-sante"},"share_on_mastodon":{"url":"https:\/\/pubeurope.com\/@fr\/114930769201583760","error":""},"_links":{"self":[{"href":"https:\/\/www.europesays.com\/fr\/wp-json\/wp\/v2\/posts\/279510","targetHints":{"allow":["GET"]}}],"collection":[{"href":"https:\/\/www.europesays.com\/fr\/wp-json\/wp\/v2\/posts"}],"about":[{"href":"https:\/\/www.europesays.com\/fr\/wp-json\/wp\/v2\/types\/post"}],"author":[{"embeddable":true,"href":"https:\/\/www.europesays.com\/fr\/wp-json\/wp\/v2\/users\/2"}],"replies":[{"embeddable":true,"href":"https:\/\/www.europesays.com\/fr\/wp-json\/wp\/v2\/comments?post=279510"}],"version-history":[{"count":0,"href":"https:\/\/www.europesays.com\/fr\/wp-json\/wp\/v2\/posts\/279510\/revisions"}],"wp:featuredmedia":[{"embeddable":true,"href":"https:\/\/www.europesays.com\/fr\/wp-json\/wp\/v2\/media\/279511"}],"wp:attachment":[{"href":"https:\/\/www.europesays.com\/fr\/wp-json\/wp\/v2\/media?parent=279510"}],"wp:term":[{"taxonomy":"category","embeddable":true,"href":"https:\/\/www.europesays.com\/fr\/wp-json\/wp\/v2\/categories?post=279510"},{"taxonomy":"post_tag","embeddable":true,"href":"https:\/\/www.europesays.com\/fr\/wp-json\/wp\/v2\/tags?post=279510"}],"curies":[{"name":"wp","href":"https:\/\/api.w.org\/{rel}","templated":true}]}}