{"id":279513,"date":"2025-07-28T12:06:09","date_gmt":"2025-07-28T12:06:09","guid":{"rendered":"https:\/\/www.europesays.com\/fr\/279513\/"},"modified":"2025-07-28T12:06:09","modified_gmt":"2025-07-28T12:06:09","slug":"jean-luc-lahaye-se-confie-sur-sa-relation-avec-paola-et-son-passage-en-cellule","status":"publish","type":"post","link":"https:\/\/www.europesays.com\/fr\/279513\/","title":{"rendered":"Jean-Luc Lahaye se confie sur sa relation avec Paola et son passage \u00ab\u00a0en cellule\u00a0\u00bb"},"content":{"rendered":"<p><a href=\"https:\/\/www.20minutes.fr\/justice\/4011235-20221122-soupcons-viol-mineures-jean-luc-lahaye-toujours-interdit-concert\" target=\"_blank\" class=\"color-ultramarine c-link\" rel=\"noopener\">Jean-Luc Lahaye<\/a> a partag\u00e9 quelques confidences sur les r\u00e9cents \u00e9v\u00e9nements de sa vie. Le chanteur de Femme que j\u2019aime s\u2019est mari\u00e9 le 2\u00a0juillet avec Paola, sa compagne, de plus de 30 ans sa cadette, qu\u2019il fr\u00e9quente depuis\u00a02014. Quatre ans plus t\u00f4t, l\u2019artiste avait \u00e9t\u00e9 <a href=\"https:\/\/www.20minutes.fr\/faits_divers\/3164087-20211103-jean-luc-lahaye-arrete-place-garde-vue-viols-mineurs\" target=\"_blank\" class=\"color-ultramarine c-link\" rel=\"noopener\">mis en examen <\/a>pour \u00ab\u00a0viol et agression sexuelle sur mineurs de plus de 15\u00a0ans\u00a0\u00bb apr\u00e8s les accusations de deux jeunes femmes pour des faits pr\u00e9sum\u00e9s datant de\u00a02013 et\u00a02014.<\/p>\n<p>En\u00a02021, le chanteur, qui se dit innocent, mais a \u00e9t\u00e9 condamn\u00e9 en\u00a02007 et\u00a02015 pour atteinte sexuelle et corruption sur mineur, a \u00e9t\u00e9 plac\u00e9 pendant plusieurs mois en d\u00e9tention provisoire. S\u2019il a finalement \u00e9t\u00e9 lib\u00e9r\u00e9 l\u2019ann\u00e9e suivante, il continue de faire l\u2019objet d\u2019une enqu\u00eate. Au souvenir de cette \u00e9poque, Jean-Luc Lahaye a salu\u00e9 le soutien ind\u00e9fectible de sa jeune \u00e9pouse.<\/p>\n<p>\u00ab\u00a0On se dit ses v\u00e9rit\u00e9s\u00a0\u00bb<\/p>\n<p>\u00ab\u00a0Paola est rest\u00e9e parce qu\u2019elle sait qui je suis. Elle venait trois fois par semaine au parloir. J\u2019ai vu \u00e0 quel point une femme pouvait \u00eatre courageuse\u00a0\u00bb, a-t-il <a href=\"https:\/\/www.leparisien.fr\/culture-loisirs\/musique\/aucun-collectif-feministe-ne-marretera-mis-en-examen-pour-viols-jean-luc-lahaye-sexprime-pour-la-premiere-fois-27-07-2025-WGQANRMWH5CCBMISH6VVZ65J7M.php\" rel=\"nofollow noopener\" target=\"_blank\" class=\"color-ultramarine c-link\">d\u00e9clar\u00e9 au Parisien<\/a>. Mais son passage <a href=\"https:\/\/www.20minutes.fr\/arts-stars\/people\/4114823-20241010-jean-luc-lahaye-soupconne-viols-chanteur-apprend-prolongation-mise-examen\" target=\"_blank\" class=\"color-ultramarine c-link\" rel=\"noopener\">derri\u00e8re les barreaux<\/a> l\u2019a pouss\u00e9 \u00e0 la r\u00e9flexion. \u00ab\u00a0En cellule, on est face \u00e0 soi-m\u00eame, m\u00eame s\u2019il n\u2019y a pas de miroir. On se dit ses v\u00e9rit\u00e9s. Je me suis dit que j\u2019avais fait beaucoup de hors-piste apr\u00e8s une enfance dure et solitaire, mais pas le genre de hors-piste dont on m\u2019accuse\u00a0\u00bb, a-t-il ajout\u00e9.<\/p>\n<p>Le \u00ab\u00a0courage\u00a0\u00bb et la loyaut\u00e9 de Paola auraient aussi \u00ab\u00a0fait r\u00e9fl\u00e9chir\u00a0\u00bb <a href=\"https:\/\/www.20minutes.fr\/people\/2166235-20171109-tpmp-lynchage-facile-jean-luc-lahaye-veut-plus-mettre-pieds-chez-hanouna\" target=\"_blank\" class=\"color-ultramarine c-link\" rel=\"noopener\">Jean-Luc Lahaye<\/a> sur son propre rapport au couple. \u00ab\u00a0La fid\u00e9lit\u00e9 n\u2019\u00e9tait pas ma plus grande qualit\u00e9 quand nous nous sommes rencontr\u00e9s, mais c\u2019est de l\u2019histoire ancienne\u00a0\u00bb, a-t-il assur\u00e9. Ce qui a amen\u00e9 aux noces des deux tourtereaux, qui se sont d\u00e9roul\u00e9es \u00ab\u00a0dans la joie et l\u2019amour\u00a0\u00bb aux c\u00f4t\u00e9s de la \u00ab\u00a0famille\u00a0\u00bb et des \u00ab\u00a0amis\u00a0\u00bb. Parmi les invit\u00e9s du mariage figuraient d\u2019autres figures publiques controvers\u00e9es, comme le collectionneur et proche de l\u2019extr\u00eame droite Pierre-Jean Chalen\u00e7on, le chanteur Francis Lalanne ou encore un ancien camarade de cellule de Jean-Luc Lahaye, Georges Tron.<\/p>\n<p>Seule ombre au tableau\u00a0: la h\u00e2te de l\u2019\u00e9lu de la mairie du 18e\u00a0arrondissement de Paris qui les a \u00ab\u00a0exp\u00e9di\u00e9s en cinq minutes montre en main\u00a0\u00bb. Le mariage n\u2019a toutefois pas \u00e9t\u00e9 perturb\u00e9 par des groupes de d\u00e9fense de victimes de crimes sexuelles, comme cela fut le cas pour la soir\u00e9e de fian\u00e7ailles du couple, annul\u00e9e en juin apr\u00e8s l\u2019intervention de l\u2019association La Voix de l\u2019enfant et de la mairie du 18e.<\/p>\n","protected":false},"excerpt":{"rendered":"Jean-Luc Lahaye a partag\u00e9 quelques confidences sur les r\u00e9cents \u00e9v\u00e9nements de sa vie. Le chanteur de Femme que&hellip;\n","protected":false},"author":2,"featured_media":279514,"comment_status":"","ping_status":"","sticky":false,"template":"","format":"standard","meta":{"footnotes":""},"categories":[8],"tags":[1267,58,59,1011,27,21301,662,9415,5415,1930,626,973,133],"class_list":{"0":"post-279513","1":"post","2":"type-post","3":"status-publish","4":"format-standard","5":"has-post-thumbnail","7":"category-divertissement","8":"tag-agression-sexuelle","9":"tag-divertissement","10":"tag-entertainment","11":"tag-fr","12":"tag-france","13":"tag-francis-lalanne","14":"tag-ile-de-france","15":"tag-jean-luc-lahaye","16":"tag-mairie","17":"tag-mariage","18":"tag-paris","19":"tag-people","20":"tag-video"},"share_on_mastodon":{"url":"https:\/\/pubeurope.com\/@fr\/114930777321855354","error":""},"_links":{"self":[{"href":"https:\/\/www.europesays.com\/fr\/wp-json\/wp\/v2\/posts\/279513","targetHints":{"allow":["GET"]}}],"collection":[{"href":"https:\/\/www.europesays.com\/fr\/wp-json\/wp\/v2\/posts"}],"about":[{"href":"https:\/\/www.europesays.com\/fr\/wp-json\/wp\/v2\/types\/post"}],"author":[{"embeddable":true,"href":"https:\/\/www.europesays.com\/fr\/wp-json\/wp\/v2\/users\/2"}],"replies":[{"embeddable":true,"href":"https:\/\/www.europesays.com\/fr\/wp-json\/wp\/v2\/comments?post=279513"}],"version-history":[{"count":0,"href":"https:\/\/www.europesays.com\/fr\/wp-json\/wp\/v2\/posts\/279513\/revisions"}],"wp:featuredmedia":[{"embeddable":true,"href":"https:\/\/www.europesays.com\/fr\/wp-json\/wp\/v2\/media\/279514"}],"wp:attachment":[{"href":"https:\/\/www.europesays.com\/fr\/wp-json\/wp\/v2\/media?parent=279513"}],"wp:term":[{"taxonomy":"category","embeddable":true,"href":"https:\/\/www.europesays.com\/fr\/wp-json\/wp\/v2\/categories?post=279513"},{"taxonomy":"post_tag","embeddable":true,"href":"https:\/\/www.europesays.com\/fr\/wp-json\/wp\/v2\/tags?post=279513"}],"curies":[{"name":"wp","href":"https:\/\/api.w.org\/{rel}","templated":true}]}}